{"id":1025,"date":"2013-07-01T18:12:25","date_gmt":"2013-07-01T17:12:25","guid":{"rendered":"http:\/\/www.theb4.fr\/vivre-livres\/?p=1025"},"modified":"2020-08-11T00:53:30","modified_gmt":"2020-08-10T22:53:30","slug":"changer-de-monde","status":"publish","type":"post","link":"https:\/\/www.theb4.fr\/vivre-livres\/changer-de-monde\/","title":{"rendered":"Changer de monde"},"content":{"rendered":"<p><span style=\"font-size: xx-large;\"><strong><img loading=\"lazy\" decoding=\"async\" class=\"alignleft size-full wp-image-11361\" src=\"http:\/\/www.theb4.fr\/vivre-livres\/wp-content\/uploads\/2013\/07\/arche\u0301types5-1.jpg\" alt=\"\" width=\"225\" height=\"225\" \/>L<\/strong><\/span>orsque nous pensons en esprit et dans notre mental, nous formons des arch\u00e9types qui conditionneront, par la suite, l\u2019ensemble de\u00a0 nos perceptions futures. Ces arch\u00e9types mentaux sont, pour ainsi dire, des mod\u00e8les de pens\u00e9e et ces mod\u00e8les, comme nous allons le voir plus loin, vont former ce que nous appelons <em>notre r\u00e9alit\u00e9<\/em>. Tout est \u00e9nergie, tout est vibration. La mati\u00e8re n\u2019est pas telle que nous la percevons encore actuellement. Les scientifiques ont reconnu, depuis bien longtemps, que la mati\u00e8re \u00e9tait form\u00e9 de bien plus de vide que de plein, de bien plus d\u2019espace, entre les particules subatomiques, que de particules en elles-m\u00eames. Et cela, les philosophe de l\u2019antiquit\u00e9 le savaient bien avant nos scientifiques modernes qui sont r\u00e9put\u00e9s d\u00e9couvrir l\u2019eau en se promenant par hasard au bord de la mer !<\/p>\n<p>&nbsp;<\/p>\n<p>&nbsp;<\/p>\n<p>&nbsp;<\/p>\n<p><span style=\"font-size: xx-large;\"><strong><img loading=\"lazy\" decoding=\"async\" class=\"alignleft size-full wp-image-11362\" src=\"http:\/\/www.theb4.fr\/vivre-livres\/wp-content\/uploads\/2013\/07\/matie\u0300re-e\u0301nergie-1.jpg\" alt=\"\" width=\"259\" height=\"194\" \/>B<\/strong><\/span>ien entendu, cette connaissance \u00e9tait aussi celle des anciens \u00e9sot\u00e9ristes qui savaient non seulement que la mati\u00e8re n\u2019\u00e9tait pas telle que nos sens nous le pr\u00e9sentent mais <strong><em>un Oc\u00e9an d\u2019\u00e9nergie<\/em><\/strong> \u00e0 partir duquel toutes choses peuvent \u00eatre cr\u00e9\u00e9es. La mati\u00e8re est \u00e9nergie, la mati\u00e8re n\u2019est pas\u2026 Mat\u00e9rielle, en somme ! Et comme toute forme d\u2019\u00e9nergie, la mati\u00e8re rayonne, irradie et envoie constamment des signaux. Ces signaux sont relatifs aux informations sp\u00e9cifiques -de nature spirituelle- contenues par \u00ab <em>Tout ce qui se passe \u00e0 l\u2019ext\u00e9rieur<\/em>. \u00bb<\/p>\n<p>&nbsp;<\/p>\n<p>&nbsp;<\/p>\n<p>&nbsp;<\/p>\n<p>&nbsp;<\/p>\n<p><span style=\"font-size: xx-large;\"><strong><img loading=\"lazy\" decoding=\"async\" class=\"alignleft  wp-image-11363\" src=\"http:\/\/www.theb4.fr\/vivre-livres\/wp-content\/uploads\/2013\/07\/matie\u0300re-e\u0301nergie2-2.jpg\" alt=\"\" width=\"276\" height=\"156\" srcset=\"https:\/\/www.theb4.fr\/vivre-livres\/wp-content\/uploads\/2013\/07\/matie\u0300re-e\u0301nergie2-2.jpg 299w, https:\/\/www.theb4.fr\/vivre-livres\/wp-content\/uploads\/2013\/07\/matie\u0300re-e\u0301nergie2-2-250x141.jpg 250w\" sizes=\"auto, (max-width: 276px) 100vw, 276px\" \/>A<\/strong><\/span> longueur de vie, nous sommes litt\u00e9ralement bombard\u00e9s par des informations spirituelles, c\u2019est-\u00e0-dire d&rsquo;informations relatives au contenu enregistr\u00e9 dans les particules d\u2019esprit qui forment toutes choses et que nous nommons <strong><em>la mati\u00e8re.<\/em><\/strong> Notre monde ext\u00e9rieur est fait d\u2019\u00e9nergie et cette \u00e9nergie nous apprend certaines choses par le biais de nos cinq sens objectifs. Pour le moment, il ne semble pas que nos valeureux scientifiques aient d\u00e9couvert que <strong>toute \u00e9nergie contient <em>n\u00e9cessairement<\/em> des informations spirituelles<\/strong>, son propre code interne qui \u00ab explique \u00bb ce qu\u2019elle est, son but, ses ant\u00e9c\u00e9dents et, surtout, <strong><em>sa m\u00e9moire !<\/em><\/strong><\/p>\n<p>&nbsp;<\/p>\n<p>&nbsp;<\/p>\n<p>&nbsp;<\/p>\n<p>&nbsp;<\/p>\n<p><span style=\"font-size: xx-large;\"><strong><img loading=\"lazy\" decoding=\"async\" class=\"alignleft  wp-image-1029\" src=\"http:\/\/www.theb4.fr\/vivre-livres\/wp-content\/uploads\/2013\/07\/5-sens3.jpg\" alt=\"5 sens3\" width=\"271\" height=\"270\" srcset=\"https:\/\/www.theb4.fr\/vivre-livres\/wp-content\/uploads\/2013\/07\/5-sens3.jpg 225w, https:\/\/www.theb4.fr\/vivre-livres\/wp-content\/uploads\/2013\/07\/5-sens3-150x150.jpg 150w\" sizes=\"auto, (max-width: 271px) 100vw, 271px\" \/>C<\/strong><\/span>e sont nos sens qui ont \u00e0 charge de nous transmettre les informations contenues dans le rayonnement des particules spirituelles qui forment l\u2019ensemble de notre monde ext\u00e9rieur (ou consid\u00e9r\u00e9 comme tel.) Ces sens, au nombre de cinq, se situent eux-m\u00eames dans <em>une fourchette vibratoire<\/em> qui ne couvre pas -loin s\u2019en faut\u2013 l\u2019ensemble des manifestations du monde ext\u00e9rieur. Pr\u00e9sent\u00e9 plus simplement, nos sens objectifs ne captent qu\u2019un dixi\u00e8me (et encore !) des informations <span style=\"text-decoration: underline;\">de nature vibratoire<\/span> que propose le monde ext\u00e9rieur. Juste trois ou quatre notes sur un clavier qui en compte des milliers !<\/p>\n<p>&nbsp;<\/p>\n<p>&nbsp;<\/p>\n<p>&nbsp;<\/p>\n<p><img loading=\"lazy\" decoding=\"async\" class=\"alignleft  wp-image-1030\" src=\"http:\/\/www.theb4.fr\/vivre-livres\/wp-content\/uploads\/2013\/07\/corpuscule-onde.jpg\" alt=\"corpuscule-onde\" width=\"257\" height=\"234\" \/><span style=\"font-size: xx-large;\"><strong>U<\/strong><\/span>n lieu, un \u00e9v\u00e9nement et une personne vivante font partie int\u00e9grante de ce fameux monde ext\u00e9rieur. Ces lieux, ces \u00e9v\u00e8nements ainsi que ces \u00eatres vivants et conscients, nous envoient sans cesse des informations. Le fait de d\u00e9finir si ces informations qui nous parviennent sont de nature <em>corpusculaire<\/em> ou <em>ondulatoire<\/em> importe vraiment peu. L\u2019essentiel est de se souvenir que <strong><em>tout vibre et tout rayonne sans cesse<\/em><\/strong>, et que ce rayonnement est porteur d\u2019informations d\u2019une grande richesse.<\/p>\n<p>&nbsp;<\/p>\n<p>&nbsp;<\/p>\n<p>&nbsp;<\/p>\n<p>&nbsp;<\/p>\n<p>&nbsp;<\/p>\n<p><span style=\"font-size: xx-large;\"><strong><img loading=\"lazy\" decoding=\"async\" class=\"alignleft  wp-image-11364\" src=\"http:\/\/www.theb4.fr\/vivre-livres\/wp-content\/uploads\/2013\/07\/schumann-re\u0301sonance-1.jpg\" alt=\"\" width=\"266\" height=\"111\" \/>T<\/strong><\/span>andis que le monde ext\u00e9rieur rayonne vers nous ses informations innombrables, nos sens se contentent de n\u2019en retenir que quelques-unes (celles qui correspondent \u00e0 leur fourchette de perceptions vibratoires.) Il <strong><em>ne<\/em><\/strong> s\u2019agit <strong>pas<\/strong> d\u2019une intention de cacher mais d\u2019une limite devenue elle aussi r\u00e9elle et consid\u00e9r\u00e9e comme \u00e9tant naturelle. De fait, ce qui nous parvient <strong><em>n\u2019est pas<\/em><\/strong> faux, comme le pensent encore certains \u00e9tudiants de la spiritualit\u00e9, mais plut\u00f4t <em>tr\u00e8s limit\u00e9<\/em>. Ces informations une fois tri\u00e9es involontairement par nos sens objectifs, sont ensuite achemin\u00e9es vers nos centres cervicaux de perception.<\/p>\n<p>&nbsp;<\/p>\n<p>&nbsp;<\/p>\n<p>&nbsp;<\/p>\n<p><span style=\"font-size: xx-large;\"><strong><img loading=\"lazy\" decoding=\"async\" class=\"alignleft  wp-image-11365\" src=\"http:\/\/www.theb4.fr\/vivre-livres\/wp-content\/uploads\/2013\/07\/arche\u0301types6-1.jpg\" alt=\"\" width=\"280\" height=\"200\" \/>C<\/strong><\/span>\u2019est ici qu\u2019interviennent nos arch\u00e9types mentaux, c\u2019est-\u00e0-dire tout ce \u00e0 quoi nous pr\u00eatons foi et qui nous semble \u00eatre logique, correct, bon et r\u00e9el. Ce sont ces arch\u00e9types ou mod\u00e8les mentaux <em>qui donnent alors un sens<\/em> aux informations d\u2019ordre vibratoire per\u00e7ues par nos sens. D\u00e8s lors, il nous semble que nous avons capt\u00e9 ceci ou cela, alors que nous n\u2019avons fait que stimuler ou r\u00e9actualiser tout ce qui se trouvait d\u00e9j\u00e0 <em>engramm\u00e9<\/em> (enregistr\u00e9) dans notre esprit. Retenez bien cette derni\u00e8re proposition, car elle consiste en l&rsquo;une des clefs de la ma\u00eetrise de notre vie !<\/p>\n<p>&nbsp;<\/p>\n<p>&nbsp;<\/p>\n<p>&nbsp;<\/p>\n<p>&nbsp;<\/p>\n<p><span style=\"font-size: xx-large;\"><strong><img loading=\"lazy\" decoding=\"async\" class=\"alignleft wp-image-1033\" src=\"http:\/\/www.theb4.fr\/vivre-livres\/wp-content\/uploads\/2013\/07\/affirmations.jpg\" alt=\"affirmations\" width=\"275\" height=\"275\" srcset=\"https:\/\/www.theb4.fr\/vivre-livres\/wp-content\/uploads\/2013\/07\/affirmations.jpg 225w, https:\/\/www.theb4.fr\/vivre-livres\/wp-content\/uploads\/2013\/07\/affirmations-150x150.jpg 150w\" sizes=\"auto, (max-width: 275px) 100vw, 275px\" \/>C<\/strong><\/span>\u2019est cette connaissance qui permit aux premiers \u00e9sot\u00e9ristes d\u2019affirmer que <strong><em>Le monde est tel que nous le pensons.<\/em><\/strong> Cette connaissance leur permit surtout de <em>changer de monde<\/em>, ceci en transformant leur fa\u00e7on de penser et de concevoir la vie (l&rsquo;\u00e9tat d\u2019esprit g\u00e9n\u00e9ral.) En effet, si nous changeons <span style=\"color: #800080;\"><strong><em>nos mod\u00e8les mentaux<\/em><\/strong><\/span>, nous changeons nos perceptions et ne r\u00e9agissons et ne vivons alors plus de la m\u00eame mani\u00e8re. Nous ne captons toujours pas <em>l\u2019enti\u00e8re r\u00e9alit\u00e9<\/em> (l&rsquo;Actualit\u00e9 cosmique) mais ce que nous propose nos sens n\u2019est plus fauss\u00e9 par tout ce que nous pensons et croyons d\u00e9j\u00e0 au sujet de la r\u00e9alit\u00e9 des choses et des \u00eatres. Notre <strong><em>r\u00e9alit\u00e9 personnelle<\/em><\/strong> s\u2019\u00e9largit, conna\u00eet une grande expansion et nous permet d\u2019appr\u00e9hender des niveaux d\u2019existence et des niveaux de conscience encore inusit\u00e9s.<\/p>\n<p>&nbsp;<\/p>\n<p>&nbsp;<\/p>\n<p>&nbsp;<\/p>\n<p>&nbsp;<\/p>\n<p><span style=\"font-size: xx-large;\"><strong><img loading=\"lazy\" decoding=\"async\" class=\"alignleft  wp-image-11366\" src=\"http:\/\/www.theb4.fr\/vivre-livres\/wp-content\/uploads\/2013\/07\/Monde-pense\u0301e-1.jpg\" alt=\"\" width=\"286\" height=\"131\" \/>L<\/strong><\/span>e PRP (<span style=\"font-size: medium;\"><strong>P<\/strong><\/span>rocessus de <span style=\"font-size: medium;\"><strong>R<\/strong><\/span>\u00e9forme <span style=\"font-size: medium;\"><strong>P<\/strong><\/span>sychologique) que proposent les <em>psychologues \u00e9sot\u00e9ristes<\/em> depuis des si\u00e8cles, consiste justement \u00e0 d\u00e9finir nos actuels <em>mod\u00e8les mentaux<\/em> ceci afin d\u2019en \u00e9tablir le bien fond\u00e9 et, \u00e9ventuellement, de transformer ce contenu mental inconscient mais <span style=\"text-decoration: underline;\">qui conditionne notre vie \u00e0 tous les niveaux<\/span>. Le <em>conditionnement mental<\/em> peut, il est vrai, provenir d\u2019une source ext\u00e9rieure \u00e0 l\u2019origine (parents, \u00e9ducation, soci\u00e9t\u00e9) mais <span style=\"color: #0000ff;\"><strong><em>la conservation ult\u00e9rieure de ces programmes est de notre responsabilit\u00e9.<\/em><\/strong><\/span> Nous ne sommes pas forc\u00e9s de conserver nos croyances et mod\u00e8les mentaux \u00e9ternellement !<\/p>\n<p>&nbsp;<\/p>\n<p>&nbsp;<\/p>\n<p>&nbsp;<\/p>\n<p><span style=\"font-size: xx-large;\"><strong><img loading=\"lazy\" decoding=\"async\" class=\"alignleft  wp-image-11367\" src=\"http:\/\/www.theb4.fr\/vivre-livres\/wp-content\/uploads\/2013\/07\/Monde-pense\u0301e3-1.jpg\" alt=\"\" width=\"233\" height=\"155\" srcset=\"https:\/\/www.theb4.fr\/vivre-livres\/wp-content\/uploads\/2013\/07\/Monde-pense\u0301e3-1.jpg 275w, https:\/\/www.theb4.fr\/vivre-livres\/wp-content\/uploads\/2013\/07\/Monde-pense\u0301e3-1-150x100.jpg 150w\" sizes=\"auto, (max-width: 233px) 100vw, 233px\" \/>V<\/strong><\/span>ous d\u00e9sirez changer votre vie ? Ne faites rien dehors et n&rsquo;attendez rien des autres : agissez au-dedans de vous, changez vos mod\u00e8les de pens\u00e9e et vous changerez votre perception du monde et des autres. Vous changerez litt\u00e9ralement <em>de<\/em> monde ! Alors vous comprendrez vraiment les paroles du Ma\u00eetre J\u00e9sus :<\/p>\n<p><span style=\"color: #800000;\"><em>\u00abJe suis dans ce monde mais je ne suis pas de ce monde\u2026\u00bb<\/em><\/span><\/p>\n<p>&nbsp;<\/p>\n<p>&nbsp;<\/p>\n<p>&nbsp;<\/p>\n<p>&nbsp;<\/p>\n<p><strong><em>Serge Baccino<br \/>\n<\/em><\/strong><\/p>\n<p><a href=\"http:\/\/creativecommons.org\/licenses\/by-nc-nd\/3.0\/deed.fr\" rel=\"license\"><img decoding=\"async\" style=\"border-width: 0;\" src=\"http:\/\/i.creativecommons.org\/l\/by-nc-nd\/3.0\/88x31.png\" alt=\"Licence Creative Commons\" \/><\/a><br \/>\n(Note : Sauf pour les images, trouv\u00e9es sur le Web et r\u00e9put\u00e9es libres et gratuites)<\/p>\n<p>&nbsp;<\/p>\n","protected":false},"excerpt":{"rendered":"<p>Lorsque nous pensons en esprit et dans notre mental, nous formons des arch\u00e9types qui conditionneront, par la suite, l\u2019ensemble de\u00a0 nos perceptions futures. Ces arch\u00e9types mentaux sont, pour ainsi dire, des mod\u00e8les de pens\u00e9e et ces mod\u00e8les, comme nous allons le voir plus loin, vont former ce que nous appelons notre r\u00e9alit\u00e9. Tout est \u00e9nergie, &hellip; <a href=\"https:\/\/www.theb4.fr\/vivre-livres\/changer-de-monde\/\" class=\"more-link\">Continuer la lecture de <span class=\"screen-reader-text\">Changer de monde<\/span>  <span class=\"meta-nav\">&rarr;<\/span><\/a><\/p>\n","protected":false},"author":1,"featured_media":0,"comment_status":"open","ping_status":"open","sticky":false,"template":"","format":"standard","meta":{"footnotes":""},"categories":[3],"tags":[5030,7419,7418,496,7426,2111,7399,7378,7379,2994,7417,7392,1727,189,7389,7386,7410,7398,818,7383,1903,6629,2345,7423,200,7409,7407,7396,7391,7405,1599,2600,7400,7404,7424,7412,7406,7422,7394,7421,7387,7413,7431,2030,3448,550,1110,7380,7385,7425,7042,7397,7415,7416,7408,7414,1255,7382,7411,7430,7384,7381,7393,7427,7390,7403,2086,499,153,7402,7395,1538,7432,1237,7388,7401,7428,7429,7420,6825],"class_list":["post-1025","post","type-post","status-publish","format-standard","hentry","category-artcl","tag-actualite-cosmique","tag-anciens-esoteristes","tag-antecedents","tag-apprehender","tag-archetypes","tag-archetypes-mentaux","tag-bon-et-reel","tag-changer-de-monde","tag-changer-de-vie","tag-clavier","tag-code-interne","tag-concevoir-la-vie","tag-conditionne","tag-connaissance","tag-conservation","tag-contenu-mental-non-conscient","tag-corpusculaire","tag-correct","tag-croyances","tag-dans-ce-monde","tag-education","tag-engramme","tag-enregistre","tag-envoie-des-signaux","tag-etat-desprit-general","tag-etres-vivants-et-conscient","tag-etudiants-de-lesoterisme","tag-expansion","tag-facon-de-penser","tag-fourchette-de-perceptions-vibratoires","tag-fourchette-vibratoire","tag-informations","tag-informations-dordre-vibratoire","tag-informations-innombrables","tag-informations-specifiques","tag-informations-spirituelles","tag-intention-de-cacher","tag-irradie","tag-lentiere-realite","tag-la-matiere-est-energie","tag-le-conditionnement-mental","tag-les-particules-desprit","tag-les-philosophe-de-lantiquite","tag-les-scientifiques","tag-litteralement","tag-logique","tag-memoire","tag-modeles-de-pensee","tag-modeles-mentaux","tag-nature-spirituelle","tag-niveaux-dexistence","tag-niveaux-de-conscience","tag-nos-cinq-sens-objectifs","tag-nos-distingues-scientifiques","tag-nos-sens-objectifs","tag-notre-monde-exterieur","tag-parents","tag-paroles-du-maitre","tag-particules-spirituelles","tag-particules-subatomiques","tag-pas-de-ce-monde","tag-perception-du-monde","tag-perceptions","tag-perceptions-futures","tag-premiers-esoteristes","tag-principale-clef-de-la-maitrise","tag-processus-de-reforme-psychologique","tag-psychologues-esoteristes","tag-rayonnement","tag-reactualiser","tag-realite-des-choses-et-des-etres","tag-realite-personnelle","tag-scientifiques-modernes","tag-societe","tag-source-exterieure","tag-stimuler","tag-tout-est-energie","tag-tout-est-vibration","tag-un-ocean-denergie","tag-vibratoire"],"_links":{"self":[{"href":"https:\/\/www.theb4.fr\/vivre-livres\/wp-json\/wp\/v2\/posts\/1025","targetHints":{"allow":["GET"]}}],"collection":[{"href":"https:\/\/www.theb4.fr\/vivre-livres\/wp-json\/wp\/v2\/posts"}],"about":[{"href":"https:\/\/www.theb4.fr\/vivre-livres\/wp-json\/wp\/v2\/types\/post"}],"author":[{"embeddable":true,"href":"https:\/\/www.theb4.fr\/vivre-livres\/wp-json\/wp\/v2\/users\/1"}],"replies":[{"embeddable":true,"href":"https:\/\/www.theb4.fr\/vivre-livres\/wp-json\/wp\/v2\/comments?post=1025"}],"version-history":[{"count":0,"href":"https:\/\/www.theb4.fr\/vivre-livres\/wp-json\/wp\/v2\/posts\/1025\/revisions"}],"wp:attachment":[{"href":"https:\/\/www.theb4.fr\/vivre-livres\/wp-json\/wp\/v2\/media?parent=1025"}],"wp:term":[{"taxonomy":"category","embeddable":true,"href":"https:\/\/www.theb4.fr\/vivre-livres\/wp-json\/wp\/v2\/categories?post=1025"},{"taxonomy":"post_tag","embeddable":true,"href":"https:\/\/www.theb4.fr\/vivre-livres\/wp-json\/wp\/v2\/tags?post=1025"}],"curies":[{"name":"wp","href":"https:\/\/api.w.org\/{rel}","templated":true}]}}