{"id":1098,"date":"2013-07-03T00:15:13","date_gmt":"2013-07-02T23:15:13","guid":{"rendered":"http:\/\/www.theb4.fr\/vivre-livres\/?p=1098"},"modified":"2020-08-12T23:23:12","modified_gmt":"2020-08-12T21:23:12","slug":"vivre-dans-linstantaneite","status":"publish","type":"post","link":"https:\/\/www.theb4.fr\/vivre-livres\/vivre-dans-linstantaneite\/","title":{"rendered":"vivre dans l\u2019instantan\u00e9it\u00e9"},"content":{"rendered":"<p>&nbsp;<\/p>\n<p><span style=\"font-size: xx-large;\"><strong><img loading=\"lazy\" decoding=\"async\" class=\"alignleft size-full wp-image-1107\" src=\"http:\/\/www.theb4.fr\/vivre-livres\/wp-content\/uploads\/2013\/07\/esprit-ouvert.jpg\" alt=\"esprit ouvert\" width=\"198\" height=\"204\" \/>D<\/strong><\/span>&lsquo;ici peu de temps, (pour d&rsquo;autres c&rsquo;est d\u00e9j\u00e0 en cours) de nombreuses personnes vont se mettre \u00e0 vivre \u00ab\u00a0<em>certaines exp\u00e9riences\u00a0\u00bb<\/em> de nature purement <em>psychiques<\/em>, qui n\u00e9cessiteront un \u00e9tat d&rsquo;esprit d\u00e9sign\u00e9 par les termes \u00a0\u00bb <strong><em>sens pratique spirituel<\/em><\/strong><em>.<\/em> \u00a0\u00bb H\u00e9las,\u00a0<em><span style=\"text-decoration: underline;\">tr\u00e8s peu<\/span><\/em> de chercheurs de Lumi\u00e8re sont naturellement dot\u00e9s d&rsquo;une telle facult\u00e9 relevant des activit\u00e9s du Mental Analytique. Ce <em>sens pratique spirituel<\/em> serait susceptible de leur \u00e9pargner une exp\u00e9rience toujours d\u00e9sagr\u00e9able et que les <em>psy \u00e9so<\/em> nomment <span style=\"color: #0000ff;\"><em>le D\u00e9lestage spirituel.<\/em><\/span><\/p>\n<p>&nbsp;<\/p>\n<p>&nbsp;<\/p>\n<p>&nbsp;<\/p>\n<p>&nbsp;<\/p>\n<p><em><span style=\"font-size: xx-large;\"><strong><img loading=\"lazy\" decoding=\"async\" class=\"alignleft size-full wp-image-7221\" src=\"http:\/\/www.theb4.fr\/vivre-livres\/wp-content\/uploads\/2013\/07\/de\u0301lestage2-1.jpg\" alt=\"\" width=\"267\" height=\"189\" \/>L<\/strong><\/span>e D\u00e9lestage spirituel<\/em> est une s\u00e9curit\u00e9 naturelle \u00e0 laquelle a recours la partie inconsciente de notre mental, lorsque une personne vit une s\u00e9rie d&rsquo;exp\u00e9riences pour laquelle elle n&rsquo;\u00e9tait pas correctement pr\u00e9par\u00e9e. Face \u00e0 cette s\u00e9rie d&rsquo;\u00e9v\u00e8nements que la personne ne peut pas traiter en se servant du mat\u00e9riel intellectuel qui est d\u00e9j\u00e0 \u00e0 sa disposition (savoir acquit, M\u00e9moires), le mental pr\u00e9f\u00e8re instaurer l&rsquo;\u00e9tat d&rsquo;urgence, cet \u00e9tat de <em>d\u00e9lestage spirituel<\/em>, qui \u00e9vitera \u00e0 la personne de devoir affronter son incapacit\u00e9 totale \u00e0 faire face et \u00e0 assimiler vraiment ce qui lui arrive. Les psy acad\u00e9miques nomme ce processus autrement.<\/p>\n<p>&nbsp;<\/p>\n<p>&nbsp;<\/p>\n<p>&nbsp;<\/p>\n<p>&nbsp;<\/p>\n<p><span style=\"font-size: xx-large;\"><strong><img loading=\"lazy\" decoding=\"async\" class=\"alignleft wp-image-1105\" src=\"http:\/\/www.theb4.fr\/vivre-livres\/wp-content\/uploads\/2013\/07\/nuages-vivre-sur.jpg\" alt=\"nuages-vivre sur\" width=\"294\" height=\"215\" \/>\u00c9<\/strong><\/span>videmment, cela ne va pas sans quelques d\u00e9sagr\u00e9ments notoires dont ce plus connu : La personne perd graduellement pieds avec la r\u00e9alit\u00e9 et se met \u00e0 vivre sur un petit nuage en rejetant tout ce qui n&rsquo;est pas assimilable \u00e0 son exp\u00e9rience et au nouveau monde <span style=\"text-decoration: underline;\">id\u00e9alis\u00e9<\/span> qu&rsquo;elle vient de se construire. Pour ceux qui connaissent ces choses, <em>le D\u00e9lestage spirituel<\/em> est comparable \u00e0 un <em>\u00ab\u00a0Koan\u00a0\u00bb<\/em> (Bouddhisme <em>Zen Soto<\/em>) qui durerait puis s&rsquo;installerait \u00e0 demeure. En clair, la personne part peu \u00e0 peu en sucette (lol) et les gens qui la connaissaient avant cette exp\u00e9rience, se demandent ce qui lui arrive et, ordinairement, s&rsquo;imaginent qu&rsquo;ils ont affaire \u00e0 une victime suppl\u00e9mentaire de quelque secte redoutable.<\/p>\n<p>&nbsp;<\/p>\n<p>&nbsp;<\/p>\n<p>&nbsp;<\/p>\n<p>&nbsp;<\/p>\n<p><span style=\"font-size: xx-large;\"><strong><img loading=\"lazy\" decoding=\"async\" class=\"alignleft size-full wp-image-1104\" src=\"http:\/\/www.theb4.fr\/vivre-livres\/wp-content\/uploads\/2013\/07\/magie-noire8.jpg\" alt=\"magie noire8\" width=\"251\" height=\"348\" \/>C<\/strong><\/span>ela, c&rsquo;est ce qui se passait AVANT et en cas de non-pr\u00e9paration totale. Mais pour qu&rsquo;une personne fasse les frais d&rsquo;une telle exp\u00e9rience, il fallait qu&rsquo;elle \u00ab\u00a0<em>tripote<\/em>\u00a0\u00bb certaines forces et \u00e9nergies que l&rsquo;on ne peut contacter <em>que si l&rsquo;on s&rsquo;en donne vraiment l&rsquo;occasion. <\/em><\/p>\n<p>Je parle bien \u00e9videmment de tous ces rituels plus ou moins morbides et inqui\u00e9tants de magie noire ou de sorcellerie, <strong><em>conduits sans discernement ni aucune connaissance technique v\u00e9ritables<\/em><\/strong>, voire sans la plus \u00e9l\u00e9mentaire prudence. Ainsi, et <span style=\"color: #800000;\"><strong><em>jusqu&rsquo;\u00e0 pr\u00e9sent<\/em><\/strong><\/span>, pour vivre ce genre d&rsquo;exp\u00e9rience quelque peu traumatisante (le <em>d\u00e9lestage spirituel<\/em>), il fallait vraiment le chercher et le vouloir ! Cela n&rsquo;arrivait pas au petit bonheur la chance. Et c&rsquo;est d&rsquo;ailleurs l&rsquo;une des raisons pour lesquelles la plupart ignore encore l\u2019existence de <em>ce risque psychologique<\/em> non n\u00e9gligeable.<\/p>\n<p>&nbsp;<\/p>\n<p>&nbsp;<\/p>\n<p>&nbsp;<\/p>\n<p>&nbsp;<\/p>\n<p><span style=\"font-size: xx-large;\"><strong><img loading=\"lazy\" decoding=\"async\" class=\"alignleft size-full wp-image-7222\" src=\"http:\/\/www.theb4.fr\/vivre-livres\/wp-content\/uploads\/2013\/07\/e\u0301nergies-spirituelles-1.jpg\" alt=\"\" width=\"216\" height=\"233\" \/>M<\/strong><\/span>ais les \u00e9nergies sont en train de changer et comme l&rsquo;auront compris les plus fut\u00e9s d&rsquo;entre nous, tout va bient\u00f4t \u00eatre mis en place afin que chacun, m\u00eame le plus mat\u00e9rialiste et le moins sensible des \u00eatres humains, puisse \u00e0 son tour, exp\u00e9rimenter certaines choses lui permettant de comprendre qu&rsquo;il existe autre chose que cette morne vie de tous les jours qu&rsquo;il croit devoir se farcir, son existence durant. R\u00e9sultat, quasiment tout le monde va devenir plus ou moins \u00ab\u00a0<em>psychiste<\/em>\u00a0\u00bb et cela, sous peu. Et attendu le nombre effarant de gens <em>qui ne sont pas pr\u00eats pour une telle exp\u00e9rience<\/em>, \u00e7a nous promet du sport !<\/p>\n<p>&nbsp;<\/p>\n<p>&nbsp;<\/p>\n<p>&nbsp;<\/p>\n<p>&nbsp;<\/p>\n<p><span style=\"font-size: xx-large;\"><strong><img loading=\"lazy\" decoding=\"async\" class=\"alignleft wp-image-1103\" src=\"http:\/\/www.theb4.fr\/vivre-livres\/wp-content\/uploads\/2013\/07\/mental16.jpg\" alt=\"mental16\" width=\"280\" height=\"260\" \/>C<\/strong><\/span>omment les choses vont-elles se passer pour celles et pour ceux dont le Mental Analytique (voir l&rsquo;article lui \u00e9tant consacr\u00e9 sur ce m\u00eame blog) fonctionne encore plus ou moins bien et qui, de ce fait, pourront faire face \u00e0 cette subite augmentation de fr\u00e9quence vibratoire, qui aura pour principal effet de nous rendre presque tous \u00ab\u00a0<em>voyants<\/em>\u00a0\u00bb ou \u00ab\u00a0<em>m\u00e9diums<\/em>\u00a0\u00bb ? Les choses se passeront plut\u00f4t bien puisque chacun pourra atteindre quelques-uns de ses objectifs spirituels les plus imm\u00e9diats.<\/p>\n<p>&nbsp;<\/p>\n<p>&nbsp;<\/p>\n<p>&nbsp;<\/p>\n<p>&nbsp;<\/p>\n<p><span style=\"font-size: xx-large;\"><strong><img loading=\"lazy\" decoding=\"async\" class=\"alignleft wp-image-941\" src=\"http:\/\/www.theb4.fr\/vivre-livres\/wp-content\/uploads\/2013\/06\/babaji.jpg\" alt=\"babaji\" width=\"275\" height=\"321\" \/>I<\/strong><\/span>l faut comprendre que cet \u00e9tat d&rsquo;esprit -le sens pratique spirituel- est <em>tr\u00e8s pr\u00e9cieux<\/em> pour les Ma\u00eetres et les Grands Ma\u00eetres. Il offre \u00e0 ceux qu&rsquo;ils d\u00e9sirent aider et inspirer, une facult\u00e9 dont on parle beaucoup en ce moment ce qui, j&rsquo;ai plaisir \u00e0 l&rsquo;imaginer, est loin d&rsquo;\u00eatre un hasard. Cette facult\u00e9 de la conscience objective permet \u00e0 l&rsquo;\u00eatre humain qui la poss\u00e8de (ou qui la d\u00e9velopp\u00e9e) de <em>vivre dans l&rsquo;instantan\u00e9it\u00e9. <\/em>On dit aussi <em>\u00ab\u00a0Vivre l&rsquo;instant pr\u00e9sent\u00a0\u00bb<\/em> ou encore <em>\u00ab\u00a0Vivre la Pr\u00e9sence \u00e0 soi.\u00a0\u00bb<\/em><\/p>\n<p>&nbsp;<\/p>\n<p>&nbsp;<\/p>\n<p>&nbsp;<\/p>\n<p>&nbsp;<\/p>\n<p><img loading=\"lazy\" decoding=\"async\" class=\"alignleft size-full wp-image-7223\" src=\"http:\/\/www.theb4.fr\/vivre-livres\/wp-content\/uploads\/2013\/07\/Les-Mai\u0302tres-1.jpg\" alt=\"\" width=\"170\" height=\"297\" \/><span style=\"font-size: xx-large;\"><strong>V<\/strong><\/span>u la subtilit\u00e9 du sujet et la pauvret\u00e9 des mots \u00e9crits, surtout lorsqu&rsquo;il s&rsquo;agit de traiter des choses de l&rsquo;esprit, je vais essayer de vous donner un exemple plus \u00ab\u00a0<em>parlant<\/em>\u00a0\u00bb pour vous montrer l&rsquo;\u00e9tat d&rsquo;esprit qu&rsquo;il convient d&rsquo;avoir si on veut filer un petit coup de main (sans pr\u00e9tention de \u00ab\u00a0<em>mission plan\u00e9taire<\/em>\u00a0\u00bb non plus) \u00e0 nos\u00a0<em>Grands<\/em> <em>Fr\u00e8res. <\/em>Imaginez une personne qui bosse dans une bo\u00eete qui compte une centaine d&#8217;employ\u00e9s. Chaque jours et \u00e0 toutes heures de la journ\u00e9e, cette personne qu&rsquo;on va nommer <em>Alfred<\/em>, rencontre ses collaborateurs, les croise dans des couloirs, en bas des cages d&rsquo;escaliers ou les rencontre devant la machine \u00e0 caf\u00e9, lors des heures de poses. Pensez-vous qu&rsquo;Alfred bondit chaque fois qu&rsquo;il croise l&rsquo;un de ces cent collaborateurs en s&rsquo;\u00e9criant : <em><span style=\"color: #800080;\">\u00ab\u00a0Oh Merde ! Tu m&rsquo;as foutu la trouille en surgissant ainsi de nulle part, je ne m&rsquo;attendais pas \u00e0 te voir !\u00a0\u00bb <\/span><\/em><span style=\"color: #800080;\">?<\/span><\/p>\n<p>&nbsp;<\/p>\n<p>&nbsp;<\/p>\n<p>&nbsp;<\/p>\n<p><span style=\"font-size: xx-large;\"><strong><img loading=\"lazy\" decoding=\"async\" class=\"alignleft size-full wp-image-1100\" src=\"http:\/\/www.theb4.fr\/vivre-livres\/wp-content\/uploads\/2013\/07\/entreprise-du-monde.jpg\" alt=\"entreprise du monde\" width=\"292\" height=\"292\" srcset=\"https:\/\/www.theb4.fr\/vivre-livres\/wp-content\/uploads\/2013\/07\/entreprise-du-monde.jpg 225w, https:\/\/www.theb4.fr\/vivre-livres\/wp-content\/uploads\/2013\/07\/entreprise-du-monde-150x150.jpg 150w\" sizes=\"auto, (max-width: 292px) 100vw, 292px\" \/>D<\/strong><\/span>e m\u00eame, croyez-vous qu&rsquo;Alfred demande \u00e0 chacun de ses collaborateurs, leurs nom, adresse, fonctions d\u00e9finies et, aussi et pourquoi pas, buts secrets poursuivis au sein de l&rsquo;entreprise ? (sic) Non, n&rsquo;est-ce pas ? En fait, Alfred est <strong>CONSCIENT<\/strong> de bosser dans une entreprise comptant de tr\u00e8s nombreux collaborateurs et m\u00eame s&rsquo;il les salut poliment, chaque matin, il se comporte avec eux comme s&rsquo;il \u00e9tait naturel et tout \u00e0 fait l\u00e9gitime de les croiser quatre fois dans la journ\u00e9e, ou comme s&rsquo;il \u00e9tait tout aussi naturel de ne les voir qu&rsquo;une fois par semaine, voire moins. Il sait que certains sont appel\u00e9s ailleurs, partent en cong\u00e9s, changent de poste voire d&rsquo;entreprise&#8230;<\/p>\n<p>&nbsp;<\/p>\n<p>&nbsp;<\/p>\n<p><img loading=\"lazy\" decoding=\"async\" class=\"alignleft size-full wp-image-7225\" src=\"http:\/\/www.theb4.fr\/vivre-livres\/wp-content\/uploads\/2013\/07\/tenir-la-jambe-a\u0300-quelquun-1.jpg\" alt=\"\" width=\"275\" height=\"183\" srcset=\"https:\/\/www.theb4.fr\/vivre-livres\/wp-content\/uploads\/2013\/07\/tenir-la-jambe-a\u0300-quelquun-1.jpg 275w, https:\/\/www.theb4.fr\/vivre-livres\/wp-content\/uploads\/2013\/07\/tenir-la-jambe-a\u0300-quelquun-1-150x100.jpg 150w\" sizes=\"auto, (max-width: 275px) 100vw, 275px\" \/><span style=\"font-size: xx-large;\"><strong>E<\/strong><\/span>n somme, Alfred se comporte donc comme <em>une personne responsable<\/em> et r\u00e9active qui conserve, en arri\u00e8re plan de sa conscience, tout ce qui vient d&rsquo;\u00eatre mentionn\u00e9 plus haut. Alfred ne s&rsquo;accroche pas \u00e0 ceux qu&rsquo;il croise, ne les soulent pas durant des heures entre deux portes, les emp\u00eachant ainsi de faire leur boulot. Toutefois, Alfred est assez courtois pour accorder \u00e0 chacun le temps n\u00e9cessaire pour bien comprendre les \u00e9changes qui s&rsquo;effectuent chaque fois qu&rsquo;une telle rencontre a lieu et pour en profiter au maximum. A pr\u00e9sent, voici ma question :<\/p>\n<p><span style=\"color: #0000ff; font-size: 14pt;\"><strong><em>Pourriez-vous \u00eatre comme Alfred ?<\/em><\/strong><\/span><\/p>\n<p>&nbsp;<\/p>\n<p>&nbsp;<\/p>\n<p>&nbsp;<\/p>\n<p>&nbsp;<\/p>\n<p><span style=\"font-size: xx-large;\"><strong><img loading=\"lazy\" decoding=\"async\" class=\"alignleft size-full wp-image-7227\" src=\"http:\/\/www.theb4.fr\/vivre-livres\/wp-content\/uploads\/2013\/07\/te\u0302te-lumie\u0300re-1.jpg\" alt=\"\" width=\"177\" height=\"198\" \/>S<\/strong><\/span>i oui, alors bienvenue \u00e0 vous dans cette Grande Entreprise que <span style=\"color: #800080;\"><em>les psychologues \u00e9sot\u00e9ristes<\/em><\/span> appellent <span style=\"color: #0000ff;\"><strong><em>la Fraternit\u00e9 des Lumi\u00e8res ! <\/em><\/strong><\/span><\/p>\n<p>Je puis r\u00e9pondre \u00e0 certaines de vos questions sur ce sujet un peu \u00e0 part, si vous ressentez l&rsquo;envie de les poser. Sachant que tout ne sera pas dit <em>avec des mots<\/em>, et que l&rsquo;essentiel ne pourra \u00eatre compris que&#8230; <em>\u00ab\u00a0Sans la t\u00eate.\u00a0\u00bb<\/em>\u00a0 <img decoding=\"async\" src=\"http:\/\/illiweb.com\/fa\/i\/smiles\/icon_smile.gif\" alt=\"Smile\" longdesc=\"2\" \/><\/p>\n<p>&nbsp;<\/p>\n<p>&nbsp;<\/p>\n<p>&nbsp;<\/p>\n<p>&nbsp;<\/p>\n<p>&nbsp;<\/p>\n<p><strong><em>Serge Baccino<br \/>\n<\/em><\/strong><\/p>\n<p><a href=\"http:\/\/creativecommons.org\/licenses\/by-nc-nd\/3.0\/deed.fr\" rel=\"license\"><img decoding=\"async\" style=\"border-width: 0;\" src=\"http:\/\/i.creativecommons.org\/l\/by-nc-nd\/3.0\/88x31.png\" alt=\"Licence Creative Commons\" \/><\/a><br \/>\n(Note : Sauf pour les images, trouv\u00e9es sur le Web et r\u00e9put\u00e9es libres et gratuites)<\/p>\n","protected":false},"excerpt":{"rendered":"<p>&nbsp; D&lsquo;ici peu de temps, (pour d&rsquo;autres c&rsquo;est d\u00e9j\u00e0 en cours) de nombreuses personnes vont se mettre \u00e0 vivre \u00ab\u00a0certaines exp\u00e9riences\u00a0\u00bb de nature purement psychiques, qui n\u00e9cessiteront un \u00e9tat d&rsquo;esprit d\u00e9sign\u00e9 par les termes \u00a0\u00bb sens pratique spirituel. \u00a0\u00bb H\u00e9las,\u00a0tr\u00e8s peu de chercheurs de Lumi\u00e8re sont naturellement dot\u00e9s d&rsquo;une telle facult\u00e9 relevant des activit\u00e9s du &hellip; <a href=\"https:\/\/www.theb4.fr\/vivre-livres\/vivre-dans-linstantaneite\/\" class=\"more-link\">Continuer la lecture de <span class=\"screen-reader-text\">vivre dans l\u2019instantan\u00e9it\u00e9<\/span>  <span class=\"meta-nav\">&rarr;<\/span><\/a><\/p>\n","protected":false},"author":1,"featured_media":0,"comment_status":"open","ping_status":"open","sticky":false,"template":"","format":"standard","meta":{"footnotes":""},"categories":[3],"tags":[7552,7547,4133,7557,27,925,7551,2232,5115,833,7565,7562,3227,5696,7566,7550,7555,232,157,7549,870,7053,7564,7558,7567,7554,7548,7556,7563,7553,7546,7560,7561,7559],"class_list":["post-1098","post","type-post","status-publish","format-standard","hentry","category-artcl","tag-bouddhisme-zen","tag-certaines-experiences","tag-collaborateurs","tag-connaissances-techniques","tag-consc-object","tag-conscient","tag-desagrements-notoires","tag-discernement","tag-faculte","tag-frequence-vibratoire","tag-grande-entreprise","tag-grands-freres","tag-grands-maitres","tag-koan","tag-la-fraternite-des-lumieres","tag-le-delestage-spirituel","tag-magie-noire","tag-maitres","tag-medium","tag-mental-analytique","tag-morbide","tag-psychiste","tag-reactive","tag-risque-psychologique","tag-sans-la-tete","tag-secte-redoutable","tag-sens-pratique-spirituel","tag-sorcellerie","tag-une-personne-responsable","tag-victime-supplementaire","tag-vivre-dans-linstantaneite","tag-vivre-linstant-present","tag-vivre-la-presence-a-soi","tag-voyant"],"_links":{"self":[{"href":"https:\/\/www.theb4.fr\/vivre-livres\/wp-json\/wp\/v2\/posts\/1098","targetHints":{"allow":["GET"]}}],"collection":[{"href":"https:\/\/www.theb4.fr\/vivre-livres\/wp-json\/wp\/v2\/posts"}],"about":[{"href":"https:\/\/www.theb4.fr\/vivre-livres\/wp-json\/wp\/v2\/types\/post"}],"author":[{"embeddable":true,"href":"https:\/\/www.theb4.fr\/vivre-livres\/wp-json\/wp\/v2\/users\/1"}],"replies":[{"embeddable":true,"href":"https:\/\/www.theb4.fr\/vivre-livres\/wp-json\/wp\/v2\/comments?post=1098"}],"version-history":[{"count":0,"href":"https:\/\/www.theb4.fr\/vivre-livres\/wp-json\/wp\/v2\/posts\/1098\/revisions"}],"wp:attachment":[{"href":"https:\/\/www.theb4.fr\/vivre-livres\/wp-json\/wp\/v2\/media?parent=1098"}],"wp:term":[{"taxonomy":"category","embeddable":true,"href":"https:\/\/www.theb4.fr\/vivre-livres\/wp-json\/wp\/v2\/categories?post=1098"},{"taxonomy":"post_tag","embeddable":true,"href":"https:\/\/www.theb4.fr\/vivre-livres\/wp-json\/wp\/v2\/tags?post=1098"}],"curies":[{"name":"wp","href":"https:\/\/api.w.org\/{rel}","templated":true}]}}