{"id":1114,"date":"2013-07-03T11:37:42","date_gmt":"2013-07-03T10:37:42","guid":{"rendered":"http:\/\/www.theb4.fr\/vivre-livres\/?p=1114"},"modified":"2020-08-27T01:18:31","modified_gmt":"2020-08-26T23:18:31","slug":"quand-lesprit-nous-revient-a-lesprit","status":"publish","type":"post","link":"https:\/\/www.theb4.fr\/vivre-livres\/quand-lesprit-nous-revient-a-lesprit\/","title":{"rendered":"Quand l\u2019esprit nous revient \u00e0 l\u2019esprit"},"content":{"rendered":"<p>&nbsp;<\/p>\n<p><span style=\"font-size: xx-large;\"><strong><img loading=\"lazy\" decoding=\"async\" class=\"alignleft wp-image-1115\" src=\"http:\/\/www.theb4.fr\/vivre-livres\/wp-content\/uploads\/2013\/07\/lesprit.jpg\" alt=\"l'esprit\" width=\"186\" height=\"186\" srcset=\"https:\/\/www.theb4.fr\/vivre-livres\/wp-content\/uploads\/2013\/07\/lesprit.jpg 225w, https:\/\/www.theb4.fr\/vivre-livres\/wp-content\/uploads\/2013\/07\/lesprit-150x150.jpg 150w\" sizes=\"auto, (max-width: 186px) 100vw, 186px\" \/>A<\/strong><\/span>u cours de mes p\u00e9r\u00e9grinations sur le Net, de mes lectures de livres traitant de spiritualit\u00e9 (tout ce qui est relatif \u00e0 l&rsquo;esprit, donc) et de mes discussions avec de doctes initi\u00e9s, je n&rsquo;ai que rarement lu ou entendu parler de l&rsquo;esprit <em>en tant que mati\u00e8re premi\u00e8re, de ciment universel <\/em>(Mat\u00e9ria Prima) ou comme \u00e9tant <em>\u00ab\u00a0l&rsquo;alpha et l&rsquo;om\u00e9ga\u00a0\u00bb<\/em> de toutes choses, \u00ab\u00a0<em>sur la terre comme au ciel<\/em>.\u00a0\u00bb<\/p>\n<p>&nbsp;<\/p>\n<p>&nbsp;<\/p>\n<p>&nbsp;<\/p>\n<p><span style=\"font-size: xx-large;\"><strong><img loading=\"lazy\" decoding=\"async\" class=\"alignleft size-medium wp-image-1122\" src=\"http:\/\/www.theb4.fr\/vivre-livres\/wp-content\/uploads\/2013\/07\/pieds-et-robes-300x159.jpg\" alt=\"pieds et robes\" width=\"300\" height=\"159\" srcset=\"https:\/\/www.theb4.fr\/vivre-livres\/wp-content\/uploads\/2013\/07\/pieds-et-robes-300x159.jpg 300w, https:\/\/www.theb4.fr\/vivre-livres\/wp-content\/uploads\/2013\/07\/pieds-et-robes.jpg 308w\" sizes=\"auto, (max-width: 300px) 100vw, 300px\" \/>P<\/strong><\/span>ourtant, tous les initi\u00e9s de la Terre devraient partir de la pr\u00e9misse on ne peut plus \u00e9sot\u00e9rique et spirituelle que <span style=\"color: #800000;\"><em>\u00ab\u00a0Tout est fait d&rsquo;esprit\u00a0\u00bb<\/em><\/span> et que <span style=\"color: #800000;\"><em>\u00ab\u00a0l&rsquo;esprit est Dieu\u00a0\u00bb <\/em><\/span>(ce qui est pourtant \u00e9crit dans les textes les plus profonds et anciens de notre plan\u00e8te ainsi que mentionn\u00e9 part de nombreux Ma\u00eetres) Dans le cas contraire, comment pourrions \u00ab\u00a0<strong><em> cr\u00e9er en esprit et dans notre mental <\/em><\/strong>\u00a0\u00bb et reproduire ainsi -et \u00e0 notre \u00e9chelle de fils de Dieu- ce que ce dernier fait \u00e0 chaque instant et dans son Mental Infini ?<\/p>\n<p>&nbsp;<\/p>\n<p>&nbsp;<\/p>\n<p>&nbsp;<\/p>\n<p><img loading=\"lazy\" decoding=\"async\" class=\"alignleft size-full wp-image-1116\" src=\"http:\/\/www.theb4.fr\/vivre-livres\/wp-content\/uploads\/2013\/07\/esprit-cerveau.jpg\" alt=\"esprit-cerveau\" width=\"259\" height=\"194\" \/><span style=\"font-size: xx-large;\"><strong>L<\/strong><\/span>&lsquo;int\u00e9r\u00eat \u00e9vident de cette pr\u00e9misse est que si tout est fait d&rsquo;esprit et que l&rsquo;esprit est ce que l&rsquo;on nomme Dieu (le cr\u00e9ateur, le divin architecte, etc.) alors c&rsquo;est toute notre compr\u00e9hension de la vie, du monde et des autres qui en est <strong><em>d\u00e9finitivement r\u00e9volutionn\u00e9e. <\/em><\/strong><\/p>\n<p>Je donne ici quelques courts exemples pour \u00e9tayer mon propos&#8230; Si l&rsquo;esprit qui forme la mati\u00e8re (les \u00e9lectrons, les atomes, etc.) est <span style=\"color: #0000ff;\"><strong><em>ce m\u00eame esprit qui me sert \u00e0<\/em><\/strong> <strong><em>penser<\/em><\/strong><\/span>, alors cela signifie que Dieu est vraiment de partout, en tout et en tous et que lorsque <em>\u00a0\u00bb je \u00ab\u00a0<\/em> pense, je le fais avec l&rsquo;essence divine elle-m\u00eame et que <span style=\"color: brown;\"><em>tandis que je suis, Dieu le fait \u00e9galement \u00e0 travers moi et conjointement !<\/em><\/span><\/p>\n<p>&nbsp;<\/p>\n<p>&nbsp;<\/p>\n<p>&nbsp;<\/p>\n<p><img loading=\"lazy\" decoding=\"async\" class=\"alignleft size-medium wp-image-820\" src=\"http:\/\/www.theb4.fr\/vivre-livres\/wp-content\/uploads\/2013\/06\/connexion-300x225.jpg\" alt=\"connexion\" width=\"300\" height=\"225\" srcset=\"https:\/\/www.theb4.fr\/vivre-livres\/wp-content\/uploads\/2013\/06\/connexion-300x225.jpg 300w, https:\/\/www.theb4.fr\/vivre-livres\/wp-content\/uploads\/2013\/06\/connexion.jpg 320w\" sizes=\"auto, (max-width: 300px) 100vw, 300px\" \/><span style=\"font-size: xx-large;\"><strong>L<\/strong><\/span>&lsquo;homme n&rsquo;est alors plus cet \u00eatre mis\u00e9rable et servile face \u00e0 un Cr\u00e9ateur plus craint que v\u00e9ritablement aim\u00e9 : <span style=\"color: brown;\"><em>c&rsquo;est le Divin qui le sert et qui sert \u00e0 tout,<\/em><\/span> car il est dit que : <em><span style=\"color: brown;\">\u00a0\u00bb <\/span><\/em><strong><span style=\"color: brown;\"><em>Le plus grand est le plus grand serviteur<\/em><\/span><\/strong><span style=\"color: brown;\">. \u00ab\u00a0<\/span><br \/>\nDu coup, l&rsquo;immanence et la transcendance de Dieu deviennent un fait acquit et non plus d&rsquo;obscurs concepts religieux. \u00c9tant <em>\u00a0\u00bb toutes choses \u00ab\u00a0<\/em>, pr\u00e9sent en toutes choses mais en aucune en particulier (ou <em>\u00ab\u00a0en entier\u00a0\u00bb<\/em>), le Divin est donc vraiment \u00e0 la fois <em>\u00ab\u00a0en toutes choses\u00a0\u00bb <\/em>et aussi <em>\u00ab\u00a0au-del\u00e0 de toutes choses.\u00a0\u00bb<\/em><\/p>\n<p>&nbsp;<\/p>\n<p>&nbsp;<\/p>\n<p>&nbsp;<\/p>\n<p><span style=\"font-size: xx-large;\"><strong><img loading=\"lazy\" decoding=\"async\" class=\"alignleft size-full wp-image-1117\" src=\"http:\/\/www.theb4.fr\/vivre-livres\/wp-content\/uploads\/2013\/07\/ce-que-nous-pensons.jpg\" alt=\"ce que nous pensons\" width=\"278\" height=\"181\" \/>S<\/strong><\/span>i l&rsquo;esprit forme toutes choses et qu&rsquo;il consiste en ce que nous appelons Dieu, alors quand je pense, je cr\u00e9e ou, plus exactement, je deviens <em>\u00a0\u00bb Co-Cr\u00e9ateur \u00a0\u00bb <\/em>et <strong>Partenaire du Divin !<\/strong><\/p>\n<p>Je comprends alors <em>ma responsabilit\u00e9<\/em>, je sais qu&rsquo;il est exact que <span style=\"color: #800080;\"><em>\u00a0\u00bb nous sommes ce que nous pensons \u00a0\u00bb <\/em><\/span>et que <span style=\"color: #800080;\"><em>\u00a0\u00bb nous vivons le contenu de nos pens\u00e9es \u00ab\u00a0<\/em><\/span> (<em>Shiva Sutra<\/em>) Et d\u00e8s lors, je n&rsquo;ai plus peur d&rsquo;obscures superstitions telles que <em>\u00a0\u00bb le karma \u00ab\u00a0,<\/em> car je sais que ce dernier signifie simplement que <span style=\"color: brown;\"><em>\u00a0\u00bb tel je pense, tel je vivrai \u00ab\u00a0<\/em><\/span> puisque je suis le cr\u00e9ateur de ma propre vie, l&rsquo;\u00e9crivain unique de mon propre devenir&#8230;<\/p>\n<p>&nbsp;<\/p>\n<p>&nbsp;<\/p>\n<p>&nbsp;<\/p>\n<p><span style=\"font-size: xx-large;\"><strong><img loading=\"lazy\" decoding=\"async\" class=\"alignleft size-full wp-image-7231\" src=\"http:\/\/www.theb4.fr\/vivre-livres\/wp-content\/uploads\/2013\/07\/te\u0301le\u0301pathie5-1.jpg\" alt=\"\" width=\"243\" height=\"207\" \/>J<\/strong><\/span>e puis aussi comprendre certains myst\u00e8res <em>apparents<\/em> : Si tout est fait d&rsquo;esprit, alors la t\u00e9l\u00e9pathie devient la chose la plus \u00e9vidente au monde. L&rsquo;extension de conscience, le fameux \u00ab\u00a0<em>d\u00e9doublement<\/em>\u00ab\u00a0, tout cela se transforme \u00e9galement en \u00e9vidences, puisque \u00e9tant moi-m\u00eame fait d&rsquo;esprit, je suis de partout \u00e0 la fois dans l&rsquo;univers, <em>m\u00eame si je n&rsquo;en ai pas toujours conscience<\/em>, <em>voire absolument aucune conscience !<\/em><\/p>\n<p>&nbsp;<\/p>\n<p>&nbsp;<\/p>\n<p>&nbsp;<\/p>\n<p><span style=\"font-size: xx-large;\"><strong><img loading=\"lazy\" decoding=\"async\" class=\"alignleft size-full wp-image-1119\" src=\"http:\/\/www.theb4.fr\/vivre-livres\/wp-content\/uploads\/2013\/07\/aimer-le-Monde.jpg\" alt=\"aimer le Monde\" width=\"275\" height=\"183\" srcset=\"https:\/\/www.theb4.fr\/vivre-livres\/wp-content\/uploads\/2013\/07\/aimer-le-Monde.jpg 275w, https:\/\/www.theb4.fr\/vivre-livres\/wp-content\/uploads\/2013\/07\/aimer-le-Monde-150x100.jpg 150w\" sizes=\"auto, (max-width: 275px) 100vw, 275px\" \/>J<\/strong><\/span>e ne suis pas seulement ce corps ou cette \u00e2me, je suis aussi <em>Toutes Choses<\/em> (<em>Pan Kr\u00e9as<\/em>, en Grec) sans \u00eatre aucune d&rsquo;entre elles en particulier ! Je comprends enfin le vrai sens profond de <em>la fraternit\u00e9<\/em> et r\u00e9alise qu&rsquo;en r\u00e9alit\u00e9, cela va plus loin encore : celui-ci n&rsquo;est pas <em>\u00ab\u00a0mon fr\u00e8re\u00a0\u00bb<\/em> dans le sens religieux ou philosophique du terme : <span style=\"color: brown;\"><em><strong>il est moi et je suis lui !<\/strong> (Om Tat Sat, en sanskrit) <\/em><\/span><\/p>\n<p>Plus familier et proche que cela, est-ce seulement possible ?<\/p>\n<p><span style=\"color: brown;\"><em>\u00a0\u00bb Il ne peut tomber un cheveux de notre t\u00eate sans que le p\u00e8re en soit imm\u00e9diatement inform\u00e9 \u00ab\u00a0<\/em><\/span> (Bible) : \u00e9videmment, puisque ce fameux \u00ab\u00a0<em>P\u00e8re<\/em>\u00a0\u00bb (l&rsquo;esprit) <strong><em>est aussi ce cheveux qui tombe !<br \/>\n<\/em><\/strong><\/p>\n<p>&nbsp;<\/p>\n<p>&nbsp;<\/p>\n<p>&nbsp;<\/p>\n<p><span style=\"font-size: xx-large;\"><strong><img loading=\"lazy\" decoding=\"async\" class=\"alignleft size-full wp-image-7233\" src=\"http:\/\/www.theb4.fr\/vivre-livres\/wp-content\/uploads\/2013\/07\/esprit-cre\u0301ateur-1.jpg\" alt=\"\" width=\"290\" height=\"174\" \/>E<\/strong><\/span>nfin, ayant appris que <span style=\"color: #800000;\"><em>\u00a0\u00bb tout est esprit \u00ab\u00a0<\/em><\/span>, l&rsquo;ayant m\u00e9dit\u00e9 et accept\u00e9, cette connaissance est si inspirante et si \u00e9clairante que je me mets non pas \u00e0 <em>\u00ab\u00a0y penser\u00a0\u00bb<\/em> ou \u00e0 <em>\u00ab\u00a0en parler avec d&rsquo;autres\u00a0\u00bb<\/em>, mais je me mets \u00e0 <span style=\"color: blue;\"><strong>VIVRE<\/strong><\/span> cette connaissance qui devient ma seule et unique v\u00e9rit\u00e9 : <span style=\"font-size: large;\"><strong><em>Je Suis l&rsquo;esprit !<\/em><\/strong> <\/span>Et tous les pr\u00e9tendus Myst\u00e8res de l&rsquo;univers spirituel s&rsquo;\u00e9clairent un \u00e0 un, je ne parle plus de pouvoir, je me m\u00e9lange \u00e0 lui ! Je ne discute plus sans fin sur l&rsquo;existence de telle ou telle autre <em>\u00ab\u00a0facult\u00e9 psychique\u00a0\u00bb<\/em>, je deviens le psychisme et exp\u00e9rimente toutes choses sans m\u00eame avoir \u00e0 le r\u00e9clamer. Et je n&rsquo;en d\u00e9pend plus et m&rsquo;en lib\u00e8re, surtout.<\/p>\n<p>&nbsp;<\/p>\n<p>&nbsp;<\/p>\n<p>&nbsp;<\/p>\n<p><span style=\"font-size: xx-large;\"><strong><img loading=\"lazy\" decoding=\"async\" class=\"alignleft wp-image-1121\" src=\"http:\/\/www.theb4.fr\/vivre-livres\/wp-content\/uploads\/2013\/07\/regarder-en-soi2.jpg\" alt=\"regarder en soi2\" width=\"216\" height=\"149\" \/>J<\/strong><\/span>e deviens R\u00e9gent, Gouverneur de ma propre vie et, \u00d4, miracle, cela ne me rend pas plus <em>\u00ab\u00a0unique\u00a0\u00bb<\/em> ou <em>\u00ab\u00a0grand\u00a0\u00bb<\/em> que je ne l&rsquo;\u00e9tais d\u00e9j\u00e0 sans m\u00eame le r\u00e9aliser, car tous les autres sont comme moi et je suis comme eux et toutes choses alors remplissent la Promesse de faire <span style=\"color: brown;\"><em>\u00a0\u00bb Le miracle d&rsquo;une seule et m\u00eame chose \u00a0\u00bb <\/em><\/span>(Table d\u2019\u00c9meraude.) Et cette seule et m\u00eame chose, c&rsquo;est <strong><em>l&rsquo;esprit<\/em><\/strong>. Et c&rsquo;est avec cet esprit que je construis ma vie et <em>fait la Volont\u00e9 de mon P\u00e8re<\/em>, qui se trouve dans mon propre futur, \u00a0\u00bb <em>sur la Terre comme au Ciel<\/em>. \u00a0\u00bb<\/p>\n<p>&nbsp;<\/p>\n<p>&nbsp;<\/p>\n<p>&nbsp;<\/p>\n<p>&nbsp;<\/p>\n<p><strong><em>Serge Baccino<br \/>\n<\/em><\/strong><\/p>\n<p><a href=\"http:\/\/creativecommons.org\/licenses\/by-nc-nd\/3.0\/deed.fr\" rel=\"license\"><img decoding=\"async\" style=\"border-width: 0;\" src=\"http:\/\/i.creativecommons.org\/l\/by-nc-nd\/3.0\/88x31.png\" alt=\"Licence Creative Commons\" \/><\/a><br \/>\n(Note : Sauf pour les images, trouv\u00e9es sur le Web et r\u00e9put\u00e9es libres et gratuites)<\/p>\n","protected":false},"excerpt":{"rendered":"<p>&nbsp; Au cours de mes p\u00e9r\u00e9grinations sur le Net, de mes lectures de livres traitant de spiritualit\u00e9 (tout ce qui est relatif \u00e0 l&rsquo;esprit, donc) et de mes discussions avec de doctes initi\u00e9s, je n&rsquo;ai que rarement lu ou entendu parler de l&rsquo;esprit en tant que mati\u00e8re premi\u00e8re, de ciment universel (Mat\u00e9ria Prima) ou comme &hellip; <a href=\"https:\/\/www.theb4.fr\/vivre-livres\/quand-lesprit-nous-revient-a-lesprit\/\" class=\"more-link\">Continuer la lecture de <span class=\"screen-reader-text\">Quand l\u2019esprit nous revient \u00e0 l\u2019esprit<\/span>  <span class=\"meta-nav\">&rarr;<\/span><\/a><\/p>\n","protected":false},"author":1,"featured_media":0,"comment_status":"open","ping_status":"open","sticky":false,"template":"","format":"standard","meta":{"footnotes":""},"categories":[3],"tags":[7590,3391,7607,7621,7622,7629,7585,893,2458,26,998,7588,7605,7589,7583,7595,2429,7582,4722,7435,7632,7606,706,40,7596,7620,7636,7591,7638,445,7626,7631,7634,7592,7586,7599,7617,7603,608,7328,7624,7639,7616,7604,7641,7618,7594,7593,7612,7640,7602,7637,7598,7597,7609,7633,232,3283,7584,7630,1593,7600,7625,7615,7581,7610,7611,7627,7623,7608,3372,7580,7628,1258,7635,7579,5775,4467,1961,457,7619,7601,2900,107,7356,976,7613,7614,7587,630],"class_list":["post-1114","post","type-post","status-publish","format-standard","hentry","category-artcl","tag-a-notre-echelle","tag-accepte","tag-au-dela-de-toutes-choses","tag-ce-corps","tag-cette-ame","tag-cheveux","tag-ciment-universel","tag-co-createur","tag-conjointement","tag-consc","tag-createur","tag-creer-en-esprit","tag-dobscurs-concepts-religieux","tag-dans-notre-mental","tag-de-doctes-inities","tag-definitivement-revolutionnee","tag-devenir","tag-discussions","tag-eclairante","tag-ecrivain","tag-en-parler-avec-dautres","tag-en-toutes-choses","tag-esoterique","tag-esprt","tag-etayer-mon-propos","tag-evidences","tag-faculte-psychique","tag-fils-de-dieu","tag-gouverneur","tag-grec","tag-il-est-moi-et-je-suis-lui","tag-inspirante","tag-je-suis-lesprit","tag-labsolu","tag-lalpha-et-lomega","tag-lessence-divine","tag-lextension-de-conscience","tag-limmanence","tag-lunivers","tag-lesprit-est-dieu","tag-la-fraternite","tag-la-promesse","tag-la-telepathie","tag-la-transcendance","tag-la-volonte-de-mon-pere","tag-le-dedoublement","tag-le-divin-architecte","tag-le-grand-createur","tag-le-karma","tag-le-miracle-dune-seule-et-meme-chose","tag-le-plus-grand-est-le-plus-grand-serviteur","tag-le-psychisme","tag-les-atomes","tag-les-electrons","tag-ma-responsabilite","tag-ma-seule-et-unique-verite","tag-maitres","tag-materia-prima","tag-matiere-premiere","tag-medite","tag-mental-infini","tag-miserable","tag-mon-frere","tag-mysteres-apparents","tag-net","tag-nous-sommes-ce-que-nous-pensons","tag-nous-vivons-le-contenu-de-nos-pensees","tag-om-tat-sat","tag-pan-kreas","tag-partenaire-du-divin","tag-pere","tag-peregrinations","tag-philosophique","tag-premisse","tag-pretendus-mysteres","tag-quand-lesprit-nous-revient-a-lesprit","tag-regent","tag-religieux","tag-reproduire","tag-sanskrit","tag-se-transforme","tag-servile","tag-shiva-sutra","tag-sprtle","tag-sur-la-terre-comme-au-ciel","tag-table-demeraude","tag-tel-je-pense","tag-tel-je-vivrai","tag-tout-est-fait-desprit","tag-toutes-choses"],"_links":{"self":[{"href":"https:\/\/www.theb4.fr\/vivre-livres\/wp-json\/wp\/v2\/posts\/1114","targetHints":{"allow":["GET"]}}],"collection":[{"href":"https:\/\/www.theb4.fr\/vivre-livres\/wp-json\/wp\/v2\/posts"}],"about":[{"href":"https:\/\/www.theb4.fr\/vivre-livres\/wp-json\/wp\/v2\/types\/post"}],"author":[{"embeddable":true,"href":"https:\/\/www.theb4.fr\/vivre-livres\/wp-json\/wp\/v2\/users\/1"}],"replies":[{"embeddable":true,"href":"https:\/\/www.theb4.fr\/vivre-livres\/wp-json\/wp\/v2\/comments?post=1114"}],"version-history":[{"count":0,"href":"https:\/\/www.theb4.fr\/vivre-livres\/wp-json\/wp\/v2\/posts\/1114\/revisions"}],"wp:attachment":[{"href":"https:\/\/www.theb4.fr\/vivre-livres\/wp-json\/wp\/v2\/media?parent=1114"}],"wp:term":[{"taxonomy":"category","embeddable":true,"href":"https:\/\/www.theb4.fr\/vivre-livres\/wp-json\/wp\/v2\/categories?post=1114"},{"taxonomy":"post_tag","embeddable":true,"href":"https:\/\/www.theb4.fr\/vivre-livres\/wp-json\/wp\/v2\/tags?post=1114"}],"curies":[{"name":"wp","href":"https:\/\/api.w.org\/{rel}","templated":true}]}}