{"id":12299,"date":"2022-11-07T19:18:44","date_gmt":"2022-11-07T17:18:44","guid":{"rendered":"https:\/\/www.theb4.fr\/vivre-livres\/?p=12299"},"modified":"2023-10-29T23:31:20","modified_gmt":"2023-10-29T21:31:20","slug":"les-energies-de-laspect-shiva","status":"publish","type":"post","link":"https:\/\/www.theb4.fr\/vivre-livres\/les-energies-de-laspect-shiva\/","title":{"rendered":"Les \u00e9nergies de l&rsquo;Aspect Shiva"},"content":{"rendered":"<p><span style=\"color: #ff6600; font-size: 14pt;\"><strong>Les \u00e9nergies de l&rsquo;Aspect Shiva\u00a0<\/strong> <\/span><\/p>\n<p><span style=\"color: #808080;\"><strong><span style=\"text-decoration: underline;\">Nota<\/span> : Pour ceux qui l&rsquo;ignoreraient, Shiva est un aspect de la Conscience lorsque cette derni\u00e8re nous permet de r\u00e9aliser \u00e0 quel point nous nous sommes fourvoy\u00e9s, dans nos pens\u00e9es, nos croyances et tout ce qui \u00e9tait cens\u00e9 nous s\u00e9curiser et donner un sens \u00e0 notre vie. On nomme cette forme de conscience \u00ab\u00a0aspect destructeur\u00a0\u00bb, car elle a pour effet de d\u00e9truire la plupart de nos <em>constructions mentales<\/em> parmi les plus importantes \u00e0 nos yeux.<\/strong> <\/span><\/p>\n<p>&nbsp;<\/p>\n<p><span style=\"font-size: 24pt;\"><strong><img loading=\"lazy\" decoding=\"async\" class=\"alignleft wp-image-10483\" src=\"https:\/\/www.theb4.fr\/vivre-livres\/wp-content\/uploads\/2019\/01\/Shiva-Karma.jpg\" alt=\"\" width=\"202\" height=\"124\" \/>D<\/strong><\/span>epuis quelques ann\u00e9es et, en particulier actuellement, <em>Shiva<\/em> installe lentement mais surement son \u00e9nergie <em>dans<\/em> la Plan\u00e8te. Il s\u2019agit de l\u2019\u00e9nergie du Mental Sup\u00e9rieur ou \u00ab <em>Supramental<\/em>. \u00bb Cette \u00e9nergie, nomm\u00e9e aussi Lumi\u00e8re ou Conscience de soi, va permettre \u00e0 bon nombre d&rsquo;entre nous, de r\u00e9aliser que nos processus mentaux ne sont pas tous ni n\u00e9cessairement \u00a0\u00bb <em>\u00e0 nous<\/em> \u00a0\u00bb ni m\u00eame \u00a0\u00bb <em>pour nous<\/em>.\u00a0\u00bb\u00a0 Autant dire qu&rsquo;une large partie de ce que nous pensons, se retourne tr\u00e8s souvent contre nous, nous asservissant au lieu de nous servir.<\/p>\n<p>&nbsp;<\/p>\n<p><span style=\"font-size: 24pt;\"><strong><img loading=\"lazy\" decoding=\"async\" class=\"alignleft wp-image-11667\" src=\"https:\/\/www.theb4.fr\/vivre-livres\/wp-content\/uploads\/2021\/07\/mythe_realite.jpg\" alt=\"\" width=\"180\" height=\"120\" \/>T<\/strong><\/span>out le monde ne sera pas directement concern\u00e9 mais tous, nous serons (plus ou moins) affect\u00e9s et donc, des r\u00e9percussions s&rsquo;en suivront qui elles, concerneront tout un chacun. Qui ou quoi est ou va \u00eatre affect\u00e9 par ces nouvelles \u00e9nergies plus puissantes que d\u2019ordinaire ? L\u2019intellect et <em>le mental cellulaire<\/em>. L\u2019intellect va \u00eatre d\u00e9programm\u00e9 d\u2019une mani\u00e8re radicale chez les initi\u00e9s de tous bords. Eux seuls vont franchir le pas, le Cap ou vont prendre cette initiation, consistant \u00e0 d\u00e9passer <em><span style=\"color: #800080;\">le niveau causal physique<\/span><\/em> et atteindre <span style=\"color: #800080;\"><em>le niveau bouddhique physique<\/em><\/span> (ou \u00e9th\u00e9rique.)<\/p>\n<p>&nbsp;<\/p>\n<p><span style=\"font-size: 24pt;\"><strong><img loading=\"lazy\" decoding=\"async\" class=\"alignleft wp-image-11300\" src=\"https:\/\/www.theb4.fr\/vivre-livres\/wp-content\/uploads\/2013\/06\/re\u0301sister2-2.jpg\" alt=\"\" width=\"193\" height=\"185\" \/>B<\/strong><\/span>ien s\u00fbr, tous ne r\u00e9agiront pas de la m\u00eame mani\u00e8re \u00e0 ces \u00e9nergies de Supraconscience. La majorit\u00e9 va soit se fermer carr\u00e9ment \u00e0 ces \u00e9nergies et ne les ressentir que tr\u00e8s peu, d\u2019autres vont commencer \u00e0 \u00eatre transform\u00e9s, voudront r\u00e9sister et vont le payer tr\u00e8s cher. De nombreuses personnes profiteront de l\u2019occasion pour quitter leur corps, surtout les plus \u00e2g\u00e9s (d\u00e8s 80 ans, environ.) C\u2019est maintenant qu\u2019il faut v\u00e9rifier si vous ne confondez plus les sept niveaux physiques ou \u00e9th\u00e9riques (du corps), et les autres niveaux (sept pour l\u2019\u00e2me, sept pour l\u2019Esprit.) C\u2019est le corps qui va \u00e9voluer, pas n\u00e9cessairement l\u2019\u00e2me ou m\u00eame les consciences.<\/p>\n<p>&nbsp;<\/p>\n<p><span style=\"font-size: 24pt;\"><strong><img loading=\"lazy\" decoding=\"async\" class=\"alignleft size-full wp-image-11235\" src=\"https:\/\/www.theb4.fr\/vivre-livres\/wp-content\/uploads\/2013\/06\/e\u0301nergie2-1.png\" alt=\"\" width=\"150\" height=\"226\" \/>Q<\/strong><\/span>ue faire durant cette p\u00e9riode agit\u00e9e ? Quand comprendre ne suffit plus, que croire est d\u00e9pass\u00e9 et que le moral risque de chuter d\u2019une mani\u00e8re irr\u00e9m\u00e9diable ? Plus que jamais, vous devez comprendre et tenir compte du fait que c\u2019est votre corps de chair, qui va d\u00e9guster, pas \u00ab\u00a0<em>Qui vous \u00eates vraiment<\/em>. \u00bb Une partie seulement de votre \u00e2me va devoir abandonner certains crit\u00e8res d\u2019existence, certains id\u00e9aux ou et \u00e0 l\u2019inverse, manques d\u2019id\u00e9aux. Du moins ceux en rapport direct avec la vie physique incarn\u00e9e, telle qu&rsquo;actuellement per\u00e7ue dans la 3D.<\/p>\n<p>&nbsp;<\/p>\n<p><span style=\"font-size: 24pt;\"><strong><img loading=\"lazy\" decoding=\"async\" class=\"alignleft wp-image-11015\" src=\"https:\/\/www.theb4.fr\/vivre-livres\/wp-content\/uploads\/2019\/09\/Mental.jpg\" alt=\"\" width=\"212\" height=\"141\" srcset=\"https:\/\/www.theb4.fr\/vivre-livres\/wp-content\/uploads\/2019\/09\/Mental.jpg 275w, https:\/\/www.theb4.fr\/vivre-livres\/wp-content\/uploads\/2019\/09\/Mental-150x100.jpg 150w\" sizes=\"auto, (max-width: 212px) 100vw, 212px\" \/>L<\/strong><\/span>e corps est le gardien de nos M\u00e9moires et ce sont ces M\u00e9moires qui vont \u00eatre effac\u00e9es dans leur partie humaine (dans l\u2019une des deux polarit\u00e9s de l\u2019esprit qui forme notre corps.) Notre \u00e2me s\u2019appuyait sur ces M\u00e9moires pour fonctionner et pour nous donner l\u2019illusion que nous \u00e9tions ceci plut\u00f4t que cela. Dans la pratique, nous allons vivre une sorte de \u00ab <em>vidage<\/em> \u00bb de m\u00e9moire en acc\u00e9l\u00e9r\u00e9 et nous aurons alors l\u2019impression qu\u2019il nous arrive quelque chose \u00e0 NOUS, alors que c\u2019est \u00e0 nos croyances les plus marmor\u00e9ennes qu\u2019il arrivera malheur. Nous ne devons plus nous laisser duper par l\u2019intellect, \u00e0 pr\u00e9sent plus que jamais.<\/p>\n<p>&nbsp;<\/p>\n<p><span style=\"font-size: 14pt;\"><strong><em>Serge Baccino<\/em><\/strong><\/span><\/p>\n<p>&nbsp;<\/p>\n<p>&nbsp;<\/p>\n<p>&nbsp;<\/p>\n<p>&nbsp;<\/p>\n","protected":false},"excerpt":{"rendered":"<p>Les \u00e9nergies de l&rsquo;Aspect Shiva\u00a0 Nota : Pour ceux qui l&rsquo;ignoreraient, Shiva est un aspect de la Conscience lorsque cette derni\u00e8re nous permet de r\u00e9aliser \u00e0 quel point nous nous sommes fourvoy\u00e9s, dans nos pens\u00e9es, nos croyances et tout ce qui \u00e9tait cens\u00e9 nous s\u00e9curiser et donner un sens \u00e0 notre vie. On nomme cette &hellip; <a href=\"https:\/\/www.theb4.fr\/vivre-livres\/les-energies-de-laspect-shiva\/\" class=\"more-link\">Continuer la lecture de <span class=\"screen-reader-text\">Les \u00e9nergies de l&rsquo;Aspect Shiva<\/span>  <span class=\"meta-nav\">&rarr;<\/span><\/a><\/p>\n","protected":false},"author":1,"featured_media":0,"comment_status":"closed","ping_status":"closed","sticky":false,"template":"","format":"standard","meta":{"footnotes":""},"categories":[3,2917],"tags":[],"class_list":["post-12299","post","type-post","status-publish","format-standard","hentry","category-artcl","category-les-breves-de-la-psy-eso"],"_links":{"self":[{"href":"https:\/\/www.theb4.fr\/vivre-livres\/wp-json\/wp\/v2\/posts\/12299","targetHints":{"allow":["GET"]}}],"collection":[{"href":"https:\/\/www.theb4.fr\/vivre-livres\/wp-json\/wp\/v2\/posts"}],"about":[{"href":"https:\/\/www.theb4.fr\/vivre-livres\/wp-json\/wp\/v2\/types\/post"}],"author":[{"embeddable":true,"href":"https:\/\/www.theb4.fr\/vivre-livres\/wp-json\/wp\/v2\/users\/1"}],"replies":[{"embeddable":true,"href":"https:\/\/www.theb4.fr\/vivre-livres\/wp-json\/wp\/v2\/comments?post=12299"}],"version-history":[{"count":0,"href":"https:\/\/www.theb4.fr\/vivre-livres\/wp-json\/wp\/v2\/posts\/12299\/revisions"}],"wp:attachment":[{"href":"https:\/\/www.theb4.fr\/vivre-livres\/wp-json\/wp\/v2\/media?parent=12299"}],"wp:term":[{"taxonomy":"category","embeddable":true,"href":"https:\/\/www.theb4.fr\/vivre-livres\/wp-json\/wp\/v2\/categories?post=12299"},{"taxonomy":"post_tag","embeddable":true,"href":"https:\/\/www.theb4.fr\/vivre-livres\/wp-json\/wp\/v2\/tags?post=12299"}],"curies":[{"name":"wp","href":"https:\/\/api.w.org\/{rel}","templated":true}]}}