{"id":12328,"date":"2022-11-18T00:21:53","date_gmt":"2022-11-17T22:21:53","guid":{"rendered":"https:\/\/www.theb4.fr\/vivre-livres\/?p=12328"},"modified":"2023-11-26T19:01:25","modified_gmt":"2023-11-26T17:01:25","slug":"frequences-vous-avez-dit-frequences","status":"publish","type":"post","link":"https:\/\/www.theb4.fr\/vivre-livres\/frequences-vous-avez-dit-frequences\/","title":{"rendered":"Fr\u00e9quences vous avez dit fr\u00e9quences"},"content":{"rendered":"<p><span style=\"font-size: 14pt; color: #ff6600;\">Fr\u00e9quences, vous avez dit fr\u00e9quences ? <\/span><\/p>\n<p>(Les br\u00e8ves de la psy \u00e9so.)<\/p>\n<p><span style=\"font-size: 24pt;\"><strong>I<\/strong><\/span>l est un fait connu de tous les v\u00e9ritables initi\u00e9s aux lois et aux principes du fonctionnement de l&rsquo;esprit : \u00ab <span style=\"color: #800080;\"><em>Tout est fr\u00e9quence, tout est vibrations<\/em><\/span>. \u00bb Mais si tout est fait de vibrations, tout ne vibre pas pour autant \u00e0 la m\u00eame fr\u00e9quence vibratoire ! C\u2019est d&rsquo;ailleurs cette diff\u00e9rence dans la fr\u00e9quence de vibration des choses et des \u00eatres, qui engendre les diff\u00e9rences entre ces choses et ces \u00eatres.<\/p>\n<p><span style=\"font-size: 24pt;\"><strong>T<\/strong><\/span>out est fait d\u2019esprit qui vibre selon un palier fr\u00e9quentiel plus ou moins haut et constant. Chacun de ces paliers est polaris\u00e9. Ainsi, partant d\u2019un palier de p\u00f4le n\u00e9gatif, par exemple, le suivant est forc\u00e9ment positif, celui d\u2019apr\u00e8s n\u00e9gatif, puis positif, et ainsi de suite, en alternant \u00e0 chacune des octaves vibratoires.<\/p>\n<p><span style=\"font-size: 24pt;\"><strong>N<\/strong><\/span>otre mental ne d\u00e9roge pas \u00e0 cette r\u00e8gle : lui aussi a un seuil fr\u00e9quentiel \u00e0 peu pr\u00e8s constant, disons plut\u00f4t une fourchette vibratoire relativement stable, et on pourrait m\u00eame dire que la plupart des \u00eatres humains vibrent sur la m\u00eame octave g\u00e9n\u00e9rale, mais pas n\u00e9cessairement sur les m\u00eame \u00ab <em>notes<\/em> \u00bb vibratoires.<\/p>\n<p><span style=\"font-size: 24pt;\"><strong>C<\/strong><\/span>es l\u00e9g\u00e8res diff\u00e9rences engendrent des mentalit\u00e9s et des caract\u00e8res diff\u00e9rents, mais dans l\u2019ensemble, le mental humain est stabilis\u00e9 sur une octave pr\u00e9cise et cette derni\u00e8re est de polarit\u00e9 n\u00e9gative, contrairement \u00e0 l&rsquo;Inconscient Collectif\u00a0 (I.C.) qui est lui de polarit\u00e9 positive.<\/p>\n<p><span style=\"font-size: 24pt;\"><strong>L<\/strong><\/span>e mental ordinaire, relatif au quatri\u00e8me Chakra en montant (Anahata Chakra, en sanskrit), contient quatre subdivisions, tandis que <em>le Supramental<\/em> (<em>Vishuddha Chakra<\/em>) n\u2019en contient que trois. Pour le moment, l&rsquo;essentiel de l&rsquo;humanit\u00e9 est polaris\u00e9 sur le Centre Cardiaque, celui de la poitrine, qui est en rapport avec le relationnel.<\/p>\n<p>&nbsp;<\/p>\n<p><span style=\"font-size: 14pt;\"><strong><em>Serge Baccino<\/em><\/strong><\/span><\/p>\n<p>&nbsp;<\/p>\n","protected":false},"excerpt":{"rendered":"<p>Fr\u00e9quences, vous avez dit fr\u00e9quences ? (Les br\u00e8ves de la psy \u00e9so.) Il est un fait connu de tous les v\u00e9ritables initi\u00e9s aux lois et aux principes du fonctionnement de l&rsquo;esprit : \u00ab Tout est fr\u00e9quence, tout est vibrations. \u00bb Mais si tout est fait de vibrations, tout ne vibre pas pour autant \u00e0 la &hellip; <a href=\"https:\/\/www.theb4.fr\/vivre-livres\/frequences-vous-avez-dit-frequences\/\" class=\"more-link\">Continuer la lecture de <span class=\"screen-reader-text\">Fr\u00e9quences vous avez dit fr\u00e9quences<\/span>  <span class=\"meta-nav\">&rarr;<\/span><\/a><\/p>\n","protected":false},"author":1,"featured_media":0,"comment_status":"closed","ping_status":"closed","sticky":false,"template":"","format":"standard","meta":{"footnotes":""},"categories":[2917],"tags":[],"class_list":["post-12328","post","type-post","status-publish","format-standard","hentry","category-les-breves-de-la-psy-eso"],"_links":{"self":[{"href":"https:\/\/www.theb4.fr\/vivre-livres\/wp-json\/wp\/v2\/posts\/12328","targetHints":{"allow":["GET"]}}],"collection":[{"href":"https:\/\/www.theb4.fr\/vivre-livres\/wp-json\/wp\/v2\/posts"}],"about":[{"href":"https:\/\/www.theb4.fr\/vivre-livres\/wp-json\/wp\/v2\/types\/post"}],"author":[{"embeddable":true,"href":"https:\/\/www.theb4.fr\/vivre-livres\/wp-json\/wp\/v2\/users\/1"}],"replies":[{"embeddable":true,"href":"https:\/\/www.theb4.fr\/vivre-livres\/wp-json\/wp\/v2\/comments?post=12328"}],"version-history":[{"count":0,"href":"https:\/\/www.theb4.fr\/vivre-livres\/wp-json\/wp\/v2\/posts\/12328\/revisions"}],"wp:attachment":[{"href":"https:\/\/www.theb4.fr\/vivre-livres\/wp-json\/wp\/v2\/media?parent=12328"}],"wp:term":[{"taxonomy":"category","embeddable":true,"href":"https:\/\/www.theb4.fr\/vivre-livres\/wp-json\/wp\/v2\/categories?post=12328"},{"taxonomy":"post_tag","embeddable":true,"href":"https:\/\/www.theb4.fr\/vivre-livres\/wp-json\/wp\/v2\/tags?post=12328"}],"curies":[{"name":"wp","href":"https:\/\/api.w.org\/{rel}","templated":true}]}}