{"id":1268,"date":"2013-07-08T15:21:41","date_gmt":"2013-07-08T14:21:41","guid":{"rendered":"http:\/\/www.theb4.fr\/vivre-livres\/?p=1268"},"modified":"2020-09-01T21:39:30","modified_gmt":"2020-09-01T19:39:30","slug":"laisser-briller-ou-eclairer","status":"publish","type":"post","link":"https:\/\/www.theb4.fr\/vivre-livres\/laisser-briller-ou-eclairer\/","title":{"rendered":"Laisser briller ou \u00e9clairer"},"content":{"rendered":"<p><span style=\"font-size: xx-large;\"><strong><img loading=\"lazy\" decoding=\"async\" class=\"alignright size-full wp-image-1269\" src=\"http:\/\/www.theb4.fr\/vivre-livres\/wp-content\/uploads\/2013\/07\/Inspiration2.jpg\" alt=\"Inspiration2\" width=\"200\" height=\"252\" \/><img loading=\"lazy\" decoding=\"async\" class=\"alignleft size-full wp-image-7292\" src=\"http:\/\/www.theb4.fr\/vivre-livres\/wp-content\/uploads\/2013\/07\/te\u0301le\u0301pathie-1.jpg\" alt=\"\" width=\"134\" height=\"80\" \/>I<\/strong><\/span>l est dit des \u00e9sot\u00e9ristes de la Terre qu&rsquo;ils sont comme des <em>Phares<\/em> capables d&rsquo;illuminer les t\u00e9n\u00e8bres de l&rsquo;ignorance. Bon, d&rsquo;accord. Voici mon sujet, et je le propose \u00e0 votre r\u00e9flexion: Est-il utile <em>d&rsquo;\u00e9clairer<\/em> ou est-il pr\u00e9f\u00e9rable de <em>laisser briller sa lumi\u00e8re<\/em> afin que cette derni\u00e8re n&rsquo;\u00e9claire que celui ou celle qui veut bien l&rsquo;\u00eatre ? Mieux encore : est-il utile de laisser briller sa lumi\u00e8re <span style=\"text-decoration: underline;\">avec l&rsquo;intention<\/span> bien arr\u00eat\u00e9e que cette lumi\u00e8re r\u00e9ussisse \u00e0 \u00e9clairer les autres ? Briller <em>\u00ab\u00a0avec intention et direction\u00a0\u00bb<\/em>, c&rsquo;est-\u00e0-dire <strong><em>chercher \u00e0 \u00e9clairer<\/em><\/strong> celui-ci ou encore celui-l\u00e0, qui croise notre vie, ou bien simplement laisser briller notre lumi\u00e8re afin qu&rsquo;elle \u00e9claire la grande pi\u00e8ce dans laquelle se trouve tous ceux qui cherchent la Lumi\u00e8re et aussi tous ceux qui ne la d\u00e9sirent surtout pas ?<\/p>\n<p>&nbsp;<\/p>\n<p>&nbsp;<\/p>\n<p>&nbsp;<\/p>\n<p><span style=\"font-size: xx-large;\"><strong><img loading=\"lazy\" decoding=\"async\" class=\"alignleft size-full wp-image-7294\" src=\"http:\/\/www.theb4.fr\/vivre-livres\/wp-content\/uploads\/2013\/07\/Lumie\u0300re2-1.jpg\" alt=\"\" width=\"259\" height=\"194\" \/>E<\/strong><\/span>t quels seraient les effets si cette lumi\u00e8re qui brille <em>\u00ab\u00a0malgr\u00e9 nous et m\u00eame quand on y pense pas\u00a0\u00bb<\/em> avait le pouvoir de <strong><em>d\u00e9ranger<\/em><\/strong> certains ? Est-ce nous qui d\u00e9rangeons ou notre lumi\u00e8re ? Si c&rsquo;est nous, nous devons assumer ensuite les cons\u00e9quences de notre besoin d&rsquo;\u00e9clairer les autres, mais si c&rsquo;est <em>la Lumi\u00e8re en nous<\/em> qui d\u00e9range et effraye certains, est-ce alors \u00e0 Dieu de se d\u00e9merder avec toutes les r\u00e9actions n\u00e9gatives et destructives de certains, face \u00e0 cette lumi\u00e8re ? N&rsquo;est-il pas \u00e9tonnant de poser le probl\u00e8me en ces termes ?<\/p>\n<p>Vos avis ainsi que vos questions (sur Facebook) sont les bienvenus.<\/p>\n<p>&nbsp;<\/p>\n<p>&nbsp;<\/p>\n<p>&nbsp;<\/p>\n<p>&nbsp;<\/p>\n<p><strong><em>Serge Baccino<br \/>\n<\/em><\/strong><\/p>\n<p><a href=\"http:\/\/creativecommons.org\/licenses\/by-nc-nd\/3.0\/deed.fr\" rel=\"license\"><img decoding=\"async\" style=\"border-width: 0;\" src=\"http:\/\/i.creativecommons.org\/l\/by-nc-nd\/3.0\/88x31.png\" alt=\"Licence Creative Commons\" \/><\/a><br \/>\n(Note : Sauf pour les images, trouv\u00e9es sur le Web et r\u00e9put\u00e9es libres et gratuites)<\/p>\n","protected":false},"excerpt":{"rendered":"<p>Il est dit des \u00e9sot\u00e9ristes de la Terre qu&rsquo;ils sont comme des Phares capables d&rsquo;illuminer les t\u00e9n\u00e8bres de l&rsquo;ignorance. Bon, d&rsquo;accord. Voici mon sujet, et je le propose \u00e0 votre r\u00e9flexion: Est-il utile d&rsquo;\u00e9clairer ou est-il pr\u00e9f\u00e9rable de laisser briller sa lumi\u00e8re afin que cette derni\u00e8re n&rsquo;\u00e9claire que celui ou celle qui veut bien l&rsquo;\u00eatre &hellip; <a href=\"https:\/\/www.theb4.fr\/vivre-livres\/laisser-briller-ou-eclairer\/\" class=\"more-link\">Continuer la lecture de <span class=\"screen-reader-text\">Laisser briller ou \u00e9clairer<\/span>  <span class=\"meta-nav\">&rarr;<\/span><\/a><\/p>\n","protected":false},"author":1,"featured_media":0,"comment_status":"open","ping_status":"open","sticky":false,"template":"","format":"standard","meta":{"footnotes":""},"categories":[2917],"tags":[169,2216,4616,595,5015,8004,637,3193,3233,668,5658,8002,66,6811,2129,247,2054,537,2056,780,8003,110,1375],"class_list":["post-1268","post","type-post","status-publish","format-standard","hentry","category-les-breves-de-la-psy-eso","tag-assumer","tag-avis","tag-briller","tag-consequences","tag-deranger","tag-destructives","tag-direction","tag-eclairer","tag-ignorance","tag-inities","tag-intention","tag-laisser-briller-ou-eclairer","tag-lum","tag-negatives","tag-phares","tag-pouvoir","tag-probleme","tag-questions","tag-reaction","tag-reflexion","tag-tenebres","tag-tre","tag-version"],"_links":{"self":[{"href":"https:\/\/www.theb4.fr\/vivre-livres\/wp-json\/wp\/v2\/posts\/1268","targetHints":{"allow":["GET"]}}],"collection":[{"href":"https:\/\/www.theb4.fr\/vivre-livres\/wp-json\/wp\/v2\/posts"}],"about":[{"href":"https:\/\/www.theb4.fr\/vivre-livres\/wp-json\/wp\/v2\/types\/post"}],"author":[{"embeddable":true,"href":"https:\/\/www.theb4.fr\/vivre-livres\/wp-json\/wp\/v2\/users\/1"}],"replies":[{"embeddable":true,"href":"https:\/\/www.theb4.fr\/vivre-livres\/wp-json\/wp\/v2\/comments?post=1268"}],"version-history":[{"count":0,"href":"https:\/\/www.theb4.fr\/vivre-livres\/wp-json\/wp\/v2\/posts\/1268\/revisions"}],"wp:attachment":[{"href":"https:\/\/www.theb4.fr\/vivre-livres\/wp-json\/wp\/v2\/media?parent=1268"}],"wp:term":[{"taxonomy":"category","embeddable":true,"href":"https:\/\/www.theb4.fr\/vivre-livres\/wp-json\/wp\/v2\/categories?post=1268"},{"taxonomy":"post_tag","embeddable":true,"href":"https:\/\/www.theb4.fr\/vivre-livres\/wp-json\/wp\/v2\/tags?post=1268"}],"curies":[{"name":"wp","href":"https:\/\/api.w.org\/{rel}","templated":true}]}}