{"id":1279,"date":"2013-07-08T21:57:46","date_gmt":"2013-07-08T20:57:46","guid":{"rendered":"http:\/\/www.theb4.fr\/vivre-livres\/?p=1279"},"modified":"2020-09-12T00:21:22","modified_gmt":"2020-09-11T22:21:22","slug":"la-verite","status":"publish","type":"post","link":"https:\/\/www.theb4.fr\/vivre-livres\/la-verite\/","title":{"rendered":"La v\u00e9rit\u00e9"},"content":{"rendered":"<p><span style=\"font-size: medium;\"><span style=\"font-size: 24pt;\"><strong>V<\/strong><\/span>oici d<\/span>eux passages de la Bible qui me paraissent importants et qui sont <em>en concordance<\/em> avec la mani\u00e8re dont les psy \u00e9so traitent ce sujet si controvers\u00e9 de la v\u00e9rit\u00e9. Voici le premier :<span style=\"color: #800000;\"><em>\u00ab\u00a0Vous conna\u00eetrez la v\u00e9rit\u00e9, et la v\u00e9rit\u00e9 vous affranchira&#8230;\u00a0\u00bb <\/em><\/span>Et voici le second :<span style=\"color: #800000;\"><em>\u00a0\u00bb Qu&rsquo;est-ce que la v\u00e9rit\u00e9? \u00a0\u00bb <\/em><\/span>(Question de Pilate \u00e0 J\u00e9sus)<\/p>\n<p>&nbsp;<\/p>\n<p><img loading=\"lazy\" decoding=\"async\" class=\"alignleft size-full wp-image-7303\" src=\"http:\/\/www.theb4.fr\/vivre-livres\/wp-content\/uploads\/2013\/07\/pilate-et-Je\u0301sus3-1.jpg\" alt=\"\" width=\"203\" height=\"248\" \/><span style=\"font-size: xx-large;\"><strong>L<\/strong><\/span>orsque Ponce Pilate demande \u00e0 J\u00e9sus <em>\u00ab\u00a0Qu&rsquo;est-ce que la v\u00e9rit\u00e9 ?&#8230;\u00a0\u00bb <\/em>ce dernier ne r\u00e9pond pas&#8230; Cette <em>\u00ab\u00a0r\u00e9ponse\u00a0\u00bb<\/em> de J\u00e9sus \u00e0 Pilate est pourtant tr\u00e8s \u00e9loquente dans la mesure o\u00f9 la question n&rsquo;est pas sp\u00e9cialement intelligente.<br \/>\nEn effet, Pilate part de la pr\u00e9misse bien imprudente que la v\u00e9rit\u00e9 est quelque chose qui peut \u00eatre intellectualis\u00e9e et sur laquelle il est donc possible de disserter \u00e0 loisir. Pourtant, J\u00e9sus a bien pr\u00e9cis\u00e9, par ailleurs :<br \/>\n<em>\u00ab\u00a0Vous conna\u00eetrez la v\u00e9rit\u00e9 et la v\u00e9rit\u00e9 vous affranchira.\u00a0\u00bb <\/em>Mais de quoi pourrait-elle bien nous affranchir, cette fameuse v\u00e9rit\u00e9 ? Eh bien ! D\u00e9j\u00e0, de toute recherche future, par exemple !\u00a0 En effet, si ce que nous cherchons est trouv\u00e9, la recherche devient d\u00e8s lors inutile. Admettons.<\/p>\n<p>&nbsp;<\/p>\n<p>&nbsp;<\/p>\n<p>&nbsp;<\/p>\n<p><span style=\"font-size: xx-large;\"><strong><img loading=\"lazy\" decoding=\"async\" class=\"alignleft size-full wp-image-7304\" src=\"http:\/\/www.theb4.fr\/vivre-livres\/wp-content\/uploads\/2013\/07\/ve\u0301rite\u0301-dire-ou-cacher-1.jpg\" alt=\"\" width=\"256\" height=\"197\" \/>M<\/strong><\/span>ais c&rsquo;est quoi, cette v\u00e9rit\u00e9, Monsieur le cur\u00e9 ? Certainement pas une chose qui puisse s&rsquo;intellectualiser et donc, sur laquelle notre mental puisse s&rsquo;aiguiser les dents. Ah ! Et si la v\u00e9rit\u00e9 consistait tout simplement en <strong><em>ce que nous ressentons vraiment ?<\/em><\/strong> D\u00e8s lors, ne serait vrai <strong><em>QUE<\/em><\/strong> ce que dont nous avons conscience et ce, par le biais du ressenti. Et nous sentons beaucoup de choses&#8230; Mais nous ne d\u00e9sirons pas forc\u00e9ment en assumer la responsabilit\u00e9 et donc, les cons\u00e9quences qui en d\u00e9coulent ! Dire la v\u00e9rit\u00e9 reviendrait \u00e0 <em>dire ce que l&rsquo;on sent<\/em>, et non <em>ce que l&rsquo;on pense<\/em> de ce que l&rsquo;on sent. Ce serait amusant, non ?<\/p>\n<p>&nbsp;<\/p>\n<p>&nbsp;<\/p>\n<p>&nbsp;<\/p>\n<p><strong><em>Serge Baccino<br \/>\n<\/em><\/strong><\/p>\n<p><a href=\"http:\/\/creativecommons.org\/licenses\/by-nc-nd\/3.0\/deed.fr\" rel=\"license\"><img decoding=\"async\" style=\"border-width: 0;\" src=\"http:\/\/i.creativecommons.org\/l\/by-nc-nd\/3.0\/88x31.png\" alt=\"Licence Creative Commons\" \/><\/a><br \/>\n(Note : Sauf pour les images, trouv\u00e9es sur le Web et r\u00e9put\u00e9es libres et gratuites)<\/p>\n","protected":false},"excerpt":{"rendered":"<p>Voici deux passages de la Bible qui me paraissent importants et qui sont en concordance avec la mani\u00e8re dont les psy \u00e9so traitent ce sujet si controvers\u00e9 de la v\u00e9rit\u00e9. Voici le premier :\u00ab\u00a0Vous conna\u00eetrez la v\u00e9rit\u00e9, et la v\u00e9rit\u00e9 vous affranchira&#8230;\u00a0\u00bb Et voici le second :\u00a0\u00bb Qu&rsquo;est-ce que la v\u00e9rit\u00e9? \u00a0\u00bb (Question de Pilate &hellip; <a href=\"https:\/\/www.theb4.fr\/vivre-livres\/la-verite\/\" class=\"more-link\">Continuer la lecture de <span class=\"screen-reader-text\">La v\u00e9rit\u00e9<\/span>  <span class=\"meta-nav\">&rarr;<\/span><\/a><\/p>\n","protected":false},"author":1,"featured_media":0,"comment_status":"open","ping_status":"open","sticky":false,"template":"","format":"standard","meta":{"footnotes":""},"categories":[2917],"tags":[8005,6376,169,8011,1015,8010,595,8012,8006,6431,8007,5436,5535,57,881,69,86,1258,8008,100,936,8009],"class_list":["post-1279","post","type-post","status-publish","format-standard","hentry","category-les-breves-de-la-psy-eso","tag-affranchira","tag-amusant","tag-assumer","tag-beaucoup-de-choses","tag-bible","tag-ce-que-nous-ressentons-vraiment","tag-consequences","tag-decoulent","tag-eloquente","tag-forcement","tag-intellectualisee","tag-intelligente","tag-inutile","tag-jss","tag-la-verite","tag-mnt","tag-pilate","tag-premisse","tag-recherche-future","tag-rpns","tag-responsabilite","tag-saiguiser-les-dents"],"_links":{"self":[{"href":"https:\/\/www.theb4.fr\/vivre-livres\/wp-json\/wp\/v2\/posts\/1279","targetHints":{"allow":["GET"]}}],"collection":[{"href":"https:\/\/www.theb4.fr\/vivre-livres\/wp-json\/wp\/v2\/posts"}],"about":[{"href":"https:\/\/www.theb4.fr\/vivre-livres\/wp-json\/wp\/v2\/types\/post"}],"author":[{"embeddable":true,"href":"https:\/\/www.theb4.fr\/vivre-livres\/wp-json\/wp\/v2\/users\/1"}],"replies":[{"embeddable":true,"href":"https:\/\/www.theb4.fr\/vivre-livres\/wp-json\/wp\/v2\/comments?post=1279"}],"version-history":[{"count":0,"href":"https:\/\/www.theb4.fr\/vivre-livres\/wp-json\/wp\/v2\/posts\/1279\/revisions"}],"wp:attachment":[{"href":"https:\/\/www.theb4.fr\/vivre-livres\/wp-json\/wp\/v2\/media?parent=1279"}],"wp:term":[{"taxonomy":"category","embeddable":true,"href":"https:\/\/www.theb4.fr\/vivre-livres\/wp-json\/wp\/v2\/categories?post=1279"},{"taxonomy":"post_tag","embeddable":true,"href":"https:\/\/www.theb4.fr\/vivre-livres\/wp-json\/wp\/v2\/tags?post=1279"}],"curies":[{"name":"wp","href":"https:\/\/api.w.org\/{rel}","templated":true}]}}