{"id":13299,"date":"2025-03-05T11:42:18","date_gmt":"2025-03-05T09:42:18","guid":{"rendered":"https:\/\/www.theb4.fr\/vivre-livres\/?p=13299"},"modified":"2025-03-05T11:42:18","modified_gmt":"2025-03-05T09:42:18","slug":"le-feu-sacre","status":"publish","type":"post","link":"https:\/\/www.theb4.fr\/vivre-livres\/le-feu-sacre\/","title":{"rendered":"Le Feu Sacr\u00e9"},"content":{"rendered":"<p><span style=\"font-size: 14pt; color: #ff6600;\"><strong>Le Feu Sacr\u00e9<\/strong><\/span><\/p>\n<p><span style=\"font-size: 24pt;\"><strong><img loading=\"lazy\" decoding=\"async\" class=\"alignleft wp-image-13311\" src=\"https:\/\/www.theb4.fr\/vivre-livres\/wp-content\/uploads\/2025\/03\/aTnI4_AjlTgq5b92aZME9n_AcGZt103gRtzCqVi6XjbzUMZBLvz5q5fmuPHNX49WnVrqc779-dI4d-RIkQ34AZKL.jpg\" alt=\"\" width=\"211\" height=\"263\" \/>Q<\/strong><\/span>u\u2019est-ce que \u00ab<em>\u00a0le Feu Sacr\u00e9<\/em> \u00bb\u00a0? R\u00e9ponse\u00a0: la capacit\u00e9 \u00e0 aller toujours de l\u2019avant, \u00eatre motiv\u00e9, ne jamais se d\u00e9courager ou laisser les autres y parvenir. Pourquoi cette notion de \u00ab\u00a0<em>feu<\/em> \u00bb ? Parce que c\u2019est la partie sup\u00e9rieure du mental qui seule, est capable d\u2019accueillir puis d\u2019entretenir des id\u00e9es qui g\u00e9n\u00e8re un maximum d\u2019\u00e9nergie vitale. Pourquoi \u00ab\u00a0<em>sacr\u00e9<\/em>\u00a0\u00bb\u00a0? Parce que \u00ab\u00a0<em>\u00e7a cr\u00e9e quelque chose<\/em> \u00bb, \u00e0 savoir une vie passionnante et bien remplie. Quelle est l\u2019antith\u00e8se de ce fameux Feu Sacr\u00e9 ? La fain\u00e9antise, le manque de motivation, le statisme spirituel, etc. Pourquoi est-il si difficile de seulement <strong><em>se motiver\u00a0?<\/em><\/strong> Parce qu\u2019on ne peut pas \u00eatre motiv\u00e9 si on se sert de ces parties d\u2019\u00e2mes qui nous cassent le moral.<\/p>\n<p><span style=\"font-size: 24pt;\"><strong>A<\/strong><\/span>voir le moral est le commencement, trouver une passion est la suite et le Feu Sacr\u00e9 est la finalit\u00e9. Posez-vous, pour commencer, la premi\u00e8re bonne question : Puis-je voir clairement les d\u00e9fauts et limitations du morceau d\u2019\u00e2me que j\u2019emploie pour tenter de m\u2019observer ? La r\u00e9ponse est \u00e9vidente : non ! Puis-je observer sans juger \u00e0 partir d\u2019un morceau d\u2019\u00e2me dont le principal souci est de juger tout et tout le monde, y compris moi ? M\u00eame r\u00e9ponse : non ! Pourquoi r\u00e9ussissons-nous \u00e0 observer les autres bien mieux que nous r\u00e9ussissons \u00e0 nous observer nous-m\u00eames ? R\u00e9ponse : parce que le bout d\u2019\u00e2me \u00e0 partir duquel nous observons, ne peut pas s\u2019observer lui-m\u00eame ! (Comme l\u2019\u0153il.)<\/p>\n<p><span style=\"font-size: 24pt;\"><strong><img loading=\"lazy\" decoding=\"async\" class=\"alignleft wp-image-13312\" src=\"https:\/\/www.theb4.fr\/vivre-livres\/wp-content\/uploads\/2025\/03\/mountain-5951302_640.jpg\" alt=\"\" width=\"253\" height=\"164\" \/>P<\/strong><\/span>ourquoi jugeons-nous les autres ? R\u00e9ponse : parce que ce qui nous sert \u00e0 observer autrui est con\u00e7u pour juger, pas pour comprendre.\u00a0 Il r\u00e9agit donc selon sa nature, pas selon nos attentes. Or, si nous laissons faire ce m\u00eame bout d\u2019\u00e2me aux allures d&rsquo;inquisiteur, il aura t\u00f4t fait de juger le reste de l\u2019\u00e2me, de ce que nous croyons \u00eatre.\u00a0 Alors nous pr\u00e9f\u00e9rons l\u2019aiguiller en direction des limites pr\u00e9sum\u00e9es ou av\u00e9r\u00e9es d\u2019autrui. Pendant ce temps, il nous fout la paix ! Question : Est-ce que les Archontes avaient int\u00e9r\u00eat \u00e0 nous laisser exp\u00e9rimenter ce Feu Sacr\u00e9 ? Certes non !\u00a0 Mais pourquoi ? Peut-on manipuler puis soumettre une personne qui a le Feu Sacr\u00e9 ? Bien s\u00fbr que non, c\u2019est impossible ! Voil\u00e0 la principale raison.<\/p>\n<p><span style=\"font-size: 24pt;\"><strong>E<\/strong><\/span>st-ce qu\u2019il existe une relation entre le Feu sacr\u00e9 et l\u2019Intelligence active (3e Rayon de la Divinit\u00e9) ? Il en existe en effet une. L\u2019intelligence appara\u00eet spontan\u00e9ment lorsque les bouts d\u2019\u00e2mes les plus d\u00e9bilitants sont \u00e9vacu\u00e9s du complexe psycho\u00e9nerg\u00e9tique humain (le corps psychique, en somme.) Lorsque l\u2019intelligence appara\u00eet puis s\u2019installe, c\u2019est elle qui nous permet de franchir les derniers m\u00e8tres vers la pleine libert\u00e9 d&rsquo;\u00eatre. La pleine libert\u00e9 d&rsquo;\u00eatre est install\u00e9e lorsque l\u2019\u00eatre est devenu capable de changer d\u2019\u00e9tat d\u2019esprit \u00e0 volont\u00e9, de remplacer une bonne id\u00e9e par une id\u00e9e meilleure. L\u2019intelligence est ce qui pr\u00e9pare l\u2019apparition v\u00e9ritable de la Soi-Conscience. Plus l\u2019intelligence s\u2019exprime au travers de nos pens\u00e9es, de nos paroles et de nos actes, plus la Conscience s\u2019installe, jusqu\u2019\u00e0 devenir le Principe Directeur de l\u2019individu.<\/p>\n<p><span style=\"font-size: 24pt;\"><strong><img loading=\"lazy\" decoding=\"async\" class=\"alignleft wp-image-13313\" src=\"https:\/\/www.theb4.fr\/vivre-livres\/wp-content\/uploads\/2025\/03\/morning-g00cc21f69_640.jpg\" alt=\"\" width=\"245\" height=\"163\" \/>D<\/strong><\/span>\u00e8s lors, la moindre chose devient magnifique, passionnante et le v\u00e9ritable Feu Sacr\u00e9 s\u2019installe, d\u00e9finitivement. En somme, nous pourrions dire que plus l\u2019\u00e2me dirige, moins notre vie est passionnante ou m\u00eame int\u00e9ressante. Moins l\u2019\u00e2me est aux commandes, plus notre vie s\u2019am\u00e9liore, cela jusqu\u2019\u00e0 devenir si int\u00e9ressante que tout peut devenir, au moins pour un temps, le digne support de notre Feu Sacr\u00e9. Il n\u2019est pas faux de penser que le Feu Sacr\u00e9 consiste \u00e0 appr\u00e9cier pleinement notre vie et \u00e0 trouver des motifs de passion en de nombreux domaines. Ce que l\u2019on nomme nos hobbies, ce qui produit en nous du plaisir et de la joie, peut devenir l\u2019allumette du Feu Sacr\u00e9. Il est bien connu que ceux qui ont ce que l\u2019on nomme couramment \u00ab\u00a0<em>une passion<\/em> \u00bb, semblent plus vivants lorsqu\u2019ils s\u2019y emploient. Par exemple les passionn\u00e9s de voitures, de motos, de cin\u00e9ma ou d\u2019informatique, etc.<\/p>\n<p><span style=\"font-size: 24pt;\"><strong>B<\/strong><\/span>ien s\u00fbr, ceux qui ont d\u00e9j\u00e0 le Feu Sacr\u00e9 sont proprement incapables de ne se passionner que pour un seul domaine de leur vie. Bien qu\u2019ils ne soient pas oblig\u00e9s non plus, de se passionner pour tout ou de ressentir cette passion tout le temps. Le Feu Sacr\u00e9 s\u2019allume pour ainsi dire \u00e0 volont\u00e9, mais il ne peut demeurer constant, dans la dur\u00e9e, sans risquer de consumer le support de la Flamme. Il existe des \u00eatres, incarn\u00e9s ou pas, dont le Feu Sacr\u00e9 fait d\u2019eux ce que l\u2019on nomme des \u00ab\u00a0<em>Gardiens de la Flamme<\/em>. \u00bb Qu\u2019est-ce qu\u2019un Gardien de la Flamme ? C\u2019est un \u00eatre qui a \u00e9tabli l\u2019union avec lui-m\u00eame, qui n\u2019est donc plus divis\u00e9 par des morceaux d\u2019\u00e2me. Ces GDLF le sont non pas parce qu\u2019ils le veulent ou parce qu\u2019ils ont \u00e9t\u00e9 mandat\u00e9s ou missionn\u00e9s pour l\u2019\u00eatre, mais parce que c\u2019est l\u00e0 leur Nature essentielle. Et s\u2019ils sont incarn\u00e9s, ils demeurent ce qu\u2019ils sont une vie durant. Et bien entendu, ils le demeurent ensuite, d\u2019une mani\u00e8re illimit\u00e9e.<\/p>\n<p><span style=\"font-size: 24pt;\"><strong><img loading=\"lazy\" decoding=\"async\" class=\"alignleft wp-image-13310\" src=\"https:\/\/www.theb4.fr\/vivre-livres\/wp-content\/uploads\/2025\/02\/885bcfd7f2c44dd7a5d9d71c3fb5da9e.jpeg\" alt=\"\" width=\"275\" height=\"157\" srcset=\"https:\/\/www.theb4.fr\/vivre-livres\/wp-content\/uploads\/2025\/02\/885bcfd7f2c44dd7a5d9d71c3fb5da9e.jpeg 1344w, https:\/\/www.theb4.fr\/vivre-livres\/wp-content\/uploads\/2025\/02\/885bcfd7f2c44dd7a5d9d71c3fb5da9e-768x439.jpeg 768w\" sizes=\"auto, (max-width: 275px) 100vw, 275px\" \/>D<\/strong><\/span>\u2019ailleurs, apr\u00e8s leur vie terrestre, ils continuent \u00e0 suivre leur passion et se proposent souvent spontan\u00e9ment pour \u0153uvrer en compagnie de ceux, encore incarn\u00e9s et qui partagent la m\u00eame passion, voire le m\u00eame Feu Sacr\u00e9. G\u00e9n\u00e9ralement, on consid\u00e8re ceux que l\u2019on nommait \u00ab\u00a0<em>les Grands Ma\u00eetres<\/em> \u00bb comme les seuls et v\u00e9ritables Gardiens de la Flamme. C\u2019est non seulement une erreur mais de plus, c\u2019est courir le risque de minimiser \u00e0 outrance le travail lent et m\u00e9ticuleux de tous ceux qui, depuis \u00ab <em>le sol<\/em> \u00bb (la Terre), se pr\u00e9parent \u00e0 devenir comme les G.M. voire plus que ce qui n\u2019est, apr\u00e8s tout, qu\u2019un simple niveau sur un chemin ascendant et infini. Le v\u00e9ritable probl\u00e8me n\u2019est donc pas comment b\u00e9n\u00e9ficier de ce \u00ab\u00a0<em>Feu Sacr\u00e9<\/em>\u00a0\u00bb\u00a0; le vrai probl\u00e8me se pr\u00e9sente sous deux aspects compl\u00e9mentaires.<\/p>\n<p><span style=\"font-size: 24pt;\"><strong>L<\/strong><\/span>e premier de ces deux aspects pourrait se r\u00e9sumer ainsi : Comprenez-vous que c\u2019est uniquement ce que vous appelez \u00ab <em>mon \u00e2me<\/em> \u00bb qui est \u00e0 l\u2019origine de tous vos probl\u00e8mes\u00a0? Le second se propose sous la forme d\u2019une interrogation aux accents redoutables\u00a0: <span style=\"color: #800080;\">\u00ab\u00a0<em>Vous sentez-vous capables d\u2019abandonner toutes ces id\u00e9es affreusement limit\u00e9es et qui vous constituent ?<\/em> \u00bb <\/span>\u00c9videmment que votre \u00e2me (ou suppos\u00e9e telle) est ce qui <strong><em>VOUS<\/em><\/strong> anime\u00a0! Mais <span style=\"color: #0000ff;\"><strong><em>c\u2019est cette \u00e2me qui est mise en vedette, qui dirige votre vie, pas vous ! <\/em><\/strong><\/span>Vous le savez d\u00e9j\u00e0\u00a0: vous ne pensez pas\u00a0: <strong><em>vous \u00eates pens\u00e9s\u00a0!<\/em><\/strong> Ajoutons \u00e0 pr\u00e9sent ceci : vous ne pouvez pas vous motiver : ce sont tous ces morceaux d\u2019\u00e2me qui vous motivent ou pas. Et bien souvent, m\u00eame si nous croyons \u00eatre motiv\u00e9s, nous le sommes non pas pour nous et \u00e0 notre avantage, mais pour ces bouts d\u2019\u00e2me et pour leur seul b\u00e9n\u00e9fice.<\/p>\n<p><strong><span style=\"font-size: 24pt;\"><img loading=\"lazy\" decoding=\"async\" class=\"alignleft wp-image-13314\" src=\"https:\/\/www.theb4.fr\/vivre-livres\/wp-content\/uploads\/2025\/03\/g1Rq9thUx1WxKDqqdoA5owEfLm9-zD2eimkSLZQWo9F6_uy8-q_f7wJ-VqGOAVz48iCEVlSnZdlorPkZv2USiSEV.jpg\" alt=\"\" width=\"247\" height=\"291\" \/>C<\/span><\/strong>omprenez enfin cette \u00e9crasante v\u00e9rit\u00e9 : une \u00e2me ou m\u00eame un de ses constituants, pris s\u00e9par\u00e9ment, n\u2019a aucun int\u00e9r\u00eat \u00e0 <strong><em>VOUS<\/em><\/strong> motiver <strong><em>VOUS<\/em><\/strong>, en tant que <strong><em>VOUS ! <\/em><\/strong>Si vous croyez \u00eatre motiv\u00e9s, parfois, d\u00e9trompez-vous ! C\u2019est juste une partie quelconque de cette \u00e2me que vous croyez v\u00f4tre, qui est en train de se recharger \u00e0 fond ! Autant dire que vous n\u2019\u00eates pas pr\u00eats de vous en d\u00e9barrasser et qu\u2019au contraire, elle vous <strong>POUSSERA<\/strong> toujours, et avec de plus en plus de force ! Le mot \u00ab\u00a0<em>compulsion<\/em>\u00a0\u00bb dans \u00ab\u00a0<em>agir avec compulsion<\/em>\u00a0\u00bb ou \u00ab\u00a0<em>compulsivement<\/em>\u00a0\u00bb, signifie que <strong><span style=\"text-decoration: underline;\">vous \u00eates pouss\u00e9s<\/span><\/strong> \u00e0 penser, parler ou agir d\u2019une mani\u00e8re pr\u00e9cise et que vous ne pouvez pas y d\u00e9roger. Avez-vous bien compris\u00a0? <em><span style=\"color: #0000ff;\"><strong>VOUS \u00eates pouss\u00e9s\u00a0!<\/strong><\/span> <\/em>Vous \u00eates agi mais vous n\u2019agissez pas : c\u2019est une quelconque partie de votre \u00e2me qui se charge de tout, et rien ou presque, ne peut alors l\u2019arr\u00eater ou la faire taire.<\/p>\n<p><span style=\"font-size: 24pt;\"><strong>I<\/strong><\/span>l va sans dire que si nous sommes agi mais n\u2019agissons pas en tant qu\u2019\u00eatre libre et conscient, la vie fera en sorte, t\u00f4t ou tard, de nous placer face aux cons\u00e9quences logiques de cette probl\u00e9matique interne. C\u2019est l\u00e0 que, g\u00e9n\u00e9ralement, les gens se plaignent d\u2019\u00eatre poursuivis par les emmerdes. Mais nul besoin que ces emmerdes suppos\u00e9es les poursuivent puisqu\u2019elles se d\u00e9placent en m\u00eame temps que celui qui les abrite et les contient. Il n\u2019est pas intelligent de croire qu\u2019en pensant toujours la m\u00eame chose et de la m\u00eame fa\u00e7on, nous pourrons vivre des exp\u00e9riences diff\u00e9rentes ! Alors que faire\u00a0? Prenez l\u2019habitude de vous observer penser, parler et m\u00eame vivre. Le plus souvent (rythme) et le plus longtemps possible (dur\u00e9e.)<\/p>\n<p><span style=\"font-size: 24pt;\"><strong><img loading=\"lazy\" decoding=\"async\" class=\"alignleft wp-image-13315\" src=\"https:\/\/www.theb4.fr\/vivre-livres\/wp-content\/uploads\/2025\/03\/fwowYBP3WMerHRnEtvape0pr1iNQXm8447C6zqLhGG516NtEkOXRapKw7pUitKUxKn8ozJGaW1SIEHtYBngYcMZb.jpg\" alt=\"\" width=\"175\" height=\"379\" \/>A<\/strong><\/span>u d\u00e9but, vous aurez tendance \u00e0 \u00ab\u00a0<em>oublier<\/em> \u00bb mais vous ne devrez pas vous d\u00e9courager pour autant\u00a0: persistez\u00a0! Ensuite, lorsque vous r\u00e9ussirez \u00e0 entrevoir les premi\u00e8res inepties qui composent une \u00ab\u00a0<em>section d\u2019\u00e2me<\/em> \u00bb (ou bout d\u2019\u00e2me), vous aurez tendance soit \u00e0 \u00eatre choqu\u00e9 ou m\u00eame vex\u00e9, soit \u00e0 vous juger sans aucune am\u00e9nit\u00e9. Vous devez absolument d\u00e9passer ce stade critique, car c\u2019est celui \u00e0 partir duquel \u00ab\u00a0<em>les touristes de la spiritualit\u00e9\u00a0<\/em>\u00bb, ceux en recherche de nouveaut\u00e9s, se d\u00e9couragent et retournent \u00e0 leurs anciennes amours (ou habitudes de pens\u00e9es.) Pour cela, pour passer outre, vous devez toujours vous souvenir que <span style=\"color: #0000ff;\"><strong><em>puisque vous voyez une chose, c\u2019est qu\u2019elle n\u2019est pas vous<\/em><\/strong><\/span>. Ce que vous \u00eates, en esprit et en v\u00e9rit\u00e9, ne pourra jamais se voir lui-m\u00eame. Il faut toujours l\u2019alt\u00e9rit\u00e9, pour <em>voir<\/em>, il faut r\u00e9ussir \u00e0 se distinguer de ce que l\u2019on observe.<\/p>\n<p><span style=\"font-size: 24pt;\"><strong>P<\/strong><\/span>artant, si vous n\u2019avez plus ni peur, ni honte, ni ne jugez plus ce qui n\u2019est pas vous parce que vous cessez de vous identifier \u00e0 ce qui est seulement observ\u00e9, vous aurez pass\u00e9 le stade le plus d\u00e9licat. Ensuite, c\u2019est presque une partie de plaisir que de faire la chasse non pas \u00e0\u00a0 <em>nos d\u00e9fauts,<\/em> mais \u00e0 tout ce qui pr\u00e9tend encore \u00eatre nous \u00e0 notre place et donc, diriger notre vie. Voil\u00e0 d\u00e9j\u00e0 de quoi s\u2019occuper l\u2019esprit et parvenir \u00e0 certaines conclusions !<\/p>\n<p>&nbsp;<\/p>\n<p><span style=\"font-size: 14pt;\"><strong><em>Serge Baccino<\/em><\/strong><\/span><\/p>\n","protected":false},"excerpt":{"rendered":"<p>Le Feu Sacr\u00e9 Qu\u2019est-ce que \u00ab\u00a0le Feu Sacr\u00e9 \u00bb\u00a0? R\u00e9ponse\u00a0: la capacit\u00e9 \u00e0 aller toujours de l\u2019avant, \u00eatre motiv\u00e9, ne jamais se d\u00e9courager ou laisser les autres y parvenir. Pourquoi cette notion de \u00ab\u00a0feu \u00bb ? Parce que c\u2019est la partie sup\u00e9rieure du mental qui seule, est capable d\u2019accueillir puis d\u2019entretenir des id\u00e9es qui g\u00e9n\u00e8re &hellip; <a href=\"https:\/\/www.theb4.fr\/vivre-livres\/le-feu-sacre\/\" class=\"more-link\">Continuer la lecture de <span class=\"screen-reader-text\">Le Feu Sacr\u00e9<\/span>  <span class=\"meta-nav\">&rarr;<\/span><\/a><\/p>\n","protected":false},"author":1,"featured_media":0,"comment_status":"closed","ping_status":"closed","sticky":false,"template":"","format":"standard","meta":{"footnotes":""},"categories":[3],"tags":[],"class_list":["post-13299","post","type-post","status-publish","format-standard","hentry","category-artcl"],"_links":{"self":[{"href":"https:\/\/www.theb4.fr\/vivre-livres\/wp-json\/wp\/v2\/posts\/13299","targetHints":{"allow":["GET"]}}],"collection":[{"href":"https:\/\/www.theb4.fr\/vivre-livres\/wp-json\/wp\/v2\/posts"}],"about":[{"href":"https:\/\/www.theb4.fr\/vivre-livres\/wp-json\/wp\/v2\/types\/post"}],"author":[{"embeddable":true,"href":"https:\/\/www.theb4.fr\/vivre-livres\/wp-json\/wp\/v2\/users\/1"}],"replies":[{"embeddable":true,"href":"https:\/\/www.theb4.fr\/vivre-livres\/wp-json\/wp\/v2\/comments?post=13299"}],"version-history":[{"count":0,"href":"https:\/\/www.theb4.fr\/vivre-livres\/wp-json\/wp\/v2\/posts\/13299\/revisions"}],"wp:attachment":[{"href":"https:\/\/www.theb4.fr\/vivre-livres\/wp-json\/wp\/v2\/media?parent=13299"}],"wp:term":[{"taxonomy":"category","embeddable":true,"href":"https:\/\/www.theb4.fr\/vivre-livres\/wp-json\/wp\/v2\/categories?post=13299"},{"taxonomy":"post_tag","embeddable":true,"href":"https:\/\/www.theb4.fr\/vivre-livres\/wp-json\/wp\/v2\/tags?post=13299"}],"curies":[{"name":"wp","href":"https:\/\/api.w.org\/{rel}","templated":true}]}}