{"id":1416,"date":"2013-07-12T08:13:52","date_gmt":"2013-07-12T07:13:52","guid":{"rendered":"http:\/\/www.theb4.fr\/vivre-livres\/?p=1416"},"modified":"2018-05-21T16:47:08","modified_gmt":"2018-05-21T14:47:08","slug":"deux-ecoles-de-pensee","status":"publish","type":"post","link":"https:\/\/www.theb4.fr\/vivre-livres\/deux-ecoles-de-pensee\/","title":{"rendered":"Deux \u00e9coles de pens\u00e9e"},"content":{"rendered":"<p><span style=\"font-size: xx-large;\"><strong><img loading=\"lazy\" decoding=\"async\" class=\"alignleft wp-image-1417\" src=\"http:\/\/www.theb4.fr\/vivre-livres\/wp-content\/uploads\/2013\/07\/Orient-Occident.jpg\" alt=\"Orient-Occident\" width=\"282\" height=\"206\" \/>J<\/strong><\/span>&lsquo;ai envie de vous parler de deux \u00e9coles de pens\u00e9e qui s\u00e9vissent au sein de l&rsquo;\u00e9sot\u00e9risme. Je vais essayer de r\u00e9sumer et de faire simple car le sujet est assez subtil et, d&rsquo;habitude, seuls les membres les plus avanc\u00e9s de certaines \u00e9coles initiatiques &#8211; du moins les quelques rares qui dispensent encore un enseignement de valeur &#8211; en discutent entre eux et sous le manteau (<em>\u00ab\u00a0Sub Rosa\u00a0\u00bb, <\/em>comme disent certains), comme s&rsquo;il s&rsquo;agissait d&rsquo;un sujet pestif\u00e9r\u00e9 !<\/p>\n<p>&nbsp;<\/p>\n<p>&nbsp;<\/p>\n<p>&nbsp;<\/p>\n<p><img loading=\"lazy\" decoding=\"async\" class=\"alignleft wp-image-1418\" src=\"http:\/\/www.theb4.fr\/vivre-livres\/wp-content\/uploads\/2013\/07\/esprit-universel.jpg\" alt=\"esprit universel\" width=\"285\" height=\"213\" \/><span style=\"font-size: xx-large;\"><strong>S<\/strong><\/span>elon la premi\u00e8re \u00e9cole de pens\u00e9e (ou <em>tendance<\/em>) l&rsquo;homme n&rsquo;aurait pas <em>\u00ab\u00a0un esprit\u00a0\u00bb<\/em> mais <strong>se servirait<\/strong> <em>\u00ab\u00a0de l&rsquo;esprit\u00a0\u00bb<\/em> pour penser. Comprenez que selon cette tendance ou \u00e9cole, le cerveau de l&rsquo;homme agirait comme une sorte de poste r\u00e9cepteur et n&rsquo;aurait donc pas d&rsquo;esprit personnel mais se servirait, pour penser, de l&rsquo;esprit universel (le m\u00eame pour tous, donc.) A partir d&rsquo;une telle fa\u00e7on de concevoir l&rsquo;esprit, il devient \u00e9vident que l&rsquo;homme qui a des probl\u00e8mes, des d\u00e9fauts, etc., est simplement un homme qui conserve son attention consciente <strong><em>polaris\u00e9e<\/em><\/strong> sur une <em>\u00ab\u00a0r\u00e9gion\u00a0\u00bb<\/em> de l&rsquo;esprit universel dans laquelle se trouvent inscrits des processus mentaux qui entra\u00eenent de la souffrance pour soi et\/ou pour autrui.<\/p>\n<p>&nbsp;<\/p>\n<p>&nbsp;<\/p>\n<p>&nbsp;<\/p>\n<p><span style=\"font-size: xx-large;\"><strong><img loading=\"lazy\" decoding=\"async\" class=\"alignleft size-full wp-image-7387\" src=\"http:\/\/www.theb4.fr\/vivre-livres\/wp-content\/uploads\/2013\/07\/pense\u0301e-orientale-1.jpg\" alt=\"\" width=\"268\" height=\"188\" \/>L<\/strong><\/span>es d\u00e9fenseurs de cette premi\u00e8re \u00e9cole (surtout issus de la pens\u00e9e orientale) pr\u00e9conisent donc de ne plus conserver notre appareil r\u00e9cepteur mental (notre cerveau) <em>\u00ab\u00a0branch\u00e9\u00a0\u00bb<\/em> ou <em>\u00ab\u00a0orient\u00e9\u00a0\u00bb<\/em> vers ces \u00e9missions d&rsquo;ondes spirituelles morbides, mais de l&rsquo;orienter vers une autre r\u00e9gion de l&rsquo;espace spirituel commun (<em>Inconscient Collectif<\/em>) et ce, afin de capter d&rsquo;autres processus mentaux qui seront, sinon contraires aux premiers, du moins bien plus heureux ou simplement <span style=\"text-decoration: underline;\">plus adapt\u00e9s<\/span> \u00e0 nous.<\/p>\n<p>&nbsp;<\/p>\n<p>&nbsp;<\/p>\n<p>&nbsp;<\/p>\n<p><span style=\"font-size: xx-large;\"><strong><img loading=\"lazy\" decoding=\"async\" class=\"alignleft size-full wp-image-7388\" src=\"http:\/\/www.theb4.fr\/vivre-livres\/wp-content\/uploads\/2013\/07\/me\u0301moire8-227x200-1.jpg\" alt=\"\" width=\"227\" height=\"200\" \/>P<\/strong><\/span>our r\u00e9sumer, cette premi\u00e8re \u00e9cole part du principe que m\u00eame si l&rsquo;on a fait des conneries ou que l&rsquo;on a \u00e9t\u00e9 m\u00e9chant, cruel envers soi ou envers les autres, puisque <strong><em>RIEN<\/em><\/strong> n&rsquo;est conserv\u00e9 ou m\u00e9moris\u00e9 dans un esprit qui serait <em>\u00ab\u00a0nous\u00a0\u00bb<\/em> ou <em>\u00ab\u00a0\u00e0 nous\u00a0\u00bb<\/em>, il suffit de changer d&rsquo;\u00e9tat d&rsquo;esprit et le tour est jou\u00e9 ! Les erreurs commises resteront donc <em>\u00ab\u00a0suspendues\u00a0\u00bb<\/em> au sein de l&rsquo;esprit universel, c&rsquo;est \u00e0 dire \u00e0 l&rsquo;\u00e9tat potentiel et donc, ne seront plus employ\u00e9es ou <em>\u00ab\u00a0r\u00e9activ\u00e9es\u00a0\u00bb<\/em>&#8230;<\/p>\n<p>&nbsp;<\/p>\n<p>&nbsp;<\/p>\n<p>&nbsp;<\/p>\n<p>&nbsp;<\/p>\n<p><span style=\"font-size: xx-large;\"><strong><img loading=\"lazy\" decoding=\"async\" class=\"alignleft size-full wp-image-7390\" src=\"http:\/\/www.theb4.fr\/vivre-livres\/wp-content\/uploads\/2013\/07\/la-pense\u0301e-227x200-1.jpg\" alt=\"\" width=\"227\" height=\"200\" \/>L<\/strong><\/span>a seconde \u00e9cole se marre comme une bossue \u00e0 l&rsquo;\u00e9nonc\u00e9 de cette version.<br \/>\nPour elle, il existe bien un esprit universel auquel nous sommes tous reli\u00e9s, que nous en soyons conscients ou non, soit ! Mais lorsque l&rsquo;homme <strong><em>se sert<\/em><\/strong> de ce m\u00eame esprit universel pour penser des conneries, il devient responsable, au m\u00eame titre que tous les autres, de tout ce qu&rsquo;il a \u00e9crit en esprit et dans son mental. Car ce qui est \u00e9crit spirituellement par un \u00eatre demeure bien dans l&rsquo;esprit universel, \u00e0 l&rsquo;\u00e9tat potentiel, <em>mais \u00e9galement dans son mental, \u00e0 l&rsquo;\u00e9tat av\u00e9r\u00e9 ou actif<\/em>. Il ne peut se soustraire \u00e0 sa pens\u00e9e qui s&rsquo;est <em>incarn\u00e9e<\/em> <span style=\"text-decoration: underline;\">dans ses cellules m\u00eames<\/span>.<\/p>\n<p>&nbsp;<\/p>\n<p>&nbsp;<\/p>\n<p>&nbsp;<\/p>\n<p>&nbsp;<\/p>\n<p><img loading=\"lazy\" decoding=\"async\" class=\"alignleft size-full wp-image-7391\" src=\"http:\/\/www.theb4.fr\/vivre-livres\/wp-content\/uploads\/2013\/07\/mauvaises-pense\u0301es-1.jpg\" alt=\"\" width=\"272\" height=\"185\" \/><span style=\"font-size: xx-large;\"><strong>D<\/strong><\/span>e fait, et toujours d&rsquo;apr\u00e8s cette seconde \u00e9cole de pens\u00e9e, il est inutile voire immature de dire que le fait de <em>\u00ab\u00a0ne plus penser au mal\u00a0\u00bb<\/em> suffit pour nous en gu\u00e9rir, ou m\u00eame, que le fait de <em>\u00ab\u00a0penser positif\u00a0\u00bb<\/em> suffit \u00e0 effacer le n\u00e9gatif pr\u00e9alablement engrang\u00e9. Tout ceci est un leurre de l&rsquo;ego. Cette seconde \u00e9cole donne un exemple concret, d\u00e9velopp\u00e9 ci-dessous.<\/p>\n<p>&nbsp;<\/p>\n<p>&nbsp;<\/p>\n<p>&nbsp;<\/p>\n<p>&nbsp;<\/p>\n<p><img loading=\"lazy\" decoding=\"async\" class=\"alignleft size-full wp-image-1423\" src=\"http:\/\/www.theb4.fr\/vivre-livres\/wp-content\/uploads\/2013\/07\/tacher-le-tapis.jpg\" alt=\"tacher le tapis\" width=\"286\" height=\"213\" \/><span style=\"font-size: xx-large;\"><strong>v<\/strong><\/span>ous \u00eates chez un ami et en buvant le caf\u00e9, vous tachez son beau tapis Persan. Allez-vous fuir et <em>\u00ab\u00a0ignorer\u00a0\u00bb<\/em> l&rsquo;incident afin que le tapis se nettoie tout seul ou nier l\u2019incident et <em>positiver<\/em> afin que votre maladresse soit effac\u00e9e de la conscience universelle ? Si des pens\u00e9es r\u00e9currentes vous obs\u00e8dent, allez-vous feindre d&rsquo;ignorer leur existence en attendant qu&rsquo;elles disparaissent toutes seules, sans chercher \u00e0 comprendre d&rsquo;o\u00f9 elles proviennent et pourquoi elles vous obs\u00e8dent ainsi ?<\/p>\n<p>&nbsp;<\/p>\n<p>&nbsp;<\/p>\n<p>&nbsp;<\/p>\n<p><img loading=\"lazy\" decoding=\"async\" class=\" wp-image-1424 alignright\" src=\"http:\/\/www.theb4.fr\/vivre-livres\/wp-content\/uploads\/2013\/07\/verre-sale.jpg\" alt=\"verre sale\" width=\"143\" height=\"173\" \/><\/p>\n<p>&nbsp;<\/p>\n<p>On aura compris que pour cette seconde \u00e9cole, il n&rsquo;est pas question de verser de l&rsquo;eau pure dans un verre sale dans l&rsquo;espoir que le propre lavera l&rsquo;impur.<\/p>\n<p>Mais au fait, et vous, de quelle <em>\u00e9cole<\/em> \u00eates-vous ?<\/p>\n<p>&nbsp;<\/p>\n<p>&nbsp;<\/p>\n<p>&nbsp;<\/p>\n<p>&nbsp;<\/p>\n<p>&nbsp;<\/p>\n<p>&nbsp;<\/p>\n<p><em><strong>Serge Baccino<br \/>\n<\/strong><\/em><\/p>\n<p><a href=\"http:\/\/creativecommons.org\/licenses\/by-nc-nd\/3.0\/deed.fr\" rel=\"license\"><img decoding=\"async\" style=\"border-width: 0;\" src=\"http:\/\/i.creativecommons.org\/l\/by-nc-nd\/3.0\/88x31.png\" alt=\"Licence Creative Commons\" \/><\/a><br \/>\n(Note : Sauf pour les images, trouv\u00e9es sur le Web et r\u00e9put\u00e9es libres et gratuites)<\/p>\n","protected":false},"excerpt":{"rendered":"<p>J&lsquo;ai envie de vous parler de deux \u00e9coles de pens\u00e9e qui s\u00e9vissent au sein de l&rsquo;\u00e9sot\u00e9risme. Je vais essayer de r\u00e9sumer et de faire simple car le sujet est assez subtil et, d&rsquo;habitude, seuls les membres les plus avanc\u00e9s de certaines \u00e9coles initiatiques &#8211; du moins les quelques rares qui dispensent encore un enseignement de &hellip; <a href=\"https:\/\/www.theb4.fr\/vivre-livres\/deux-ecoles-de-pensee\/\" class=\"more-link\">Continuer la lecture de <span class=\"screen-reader-text\">Deux \u00e9coles de pens\u00e9e<\/span>  <span class=\"meta-nav\">&rarr;<\/span><\/a><\/p>\n","protected":false},"author":1,"featured_media":0,"comment_status":"open","ping_status":"open","sticky":false,"template":"","format":"standard","meta":{"footnotes":""},"categories":[3],"tags":[8365,8361,3794,970,143,1093,8369,2774,8363,8354,8355,8366,37,2461,1624,8368,909,8372,8370,224,8378,8377,1296,69,8375,8367,5944,8364,8374,8358,8360,4654,826,8371,8362,761,8373,2603,8356,3121,8357,2634,433,8359,8376,8379],"class_list":["post-1416","post","type-post","status-publish","format-standard","hentry","category-artcl","tag-appareil-recepteur-mental","tag-attention-consciente-polarisee","tag-branche","tag-cellules","tag-cerveau","tag-conscients","tag-conserve-ou-memorise","tag-defauts","tag-defenseurs","tag-deux-ecoles-de-pensee","tag-ecoles-initiatiques","tag-emissions","tag-ensgmt","tag-immature","tag-lesoterisme","tag-lespace-spirituel-commun","tag-lesprit-universel","tag-letat-avere","tag-letat-potentiel","tag-lhomme","tag-la-conscience-universelle","tag-maladresse","tag-membres","tag-mnt","tag-ne-plus-penser-au-mal","tag-ondes-spirituelles-morbides","tag-oriente","tag-pensee-orientale","tag-pensee-qui-sest-incarnee","tag-pestifere","tag-poste-recepteur","tag-problemes","tag-processus-mentaux","tag-reactivees","tag-region-de-lesprit","tag-responsable","tag-se-soustraire","tag-souffrances","tag-sous-le-manteau","tag-spirituellement","tag-sub-rosa","tag-tapis-persan","tag-tendance","tag-un-esprit","tag-un-leurre-de-lego","tag-verser-de-leau-pure-dans-un-verre-sale"],"_links":{"self":[{"href":"https:\/\/www.theb4.fr\/vivre-livres\/wp-json\/wp\/v2\/posts\/1416","targetHints":{"allow":["GET"]}}],"collection":[{"href":"https:\/\/www.theb4.fr\/vivre-livres\/wp-json\/wp\/v2\/posts"}],"about":[{"href":"https:\/\/www.theb4.fr\/vivre-livres\/wp-json\/wp\/v2\/types\/post"}],"author":[{"embeddable":true,"href":"https:\/\/www.theb4.fr\/vivre-livres\/wp-json\/wp\/v2\/users\/1"}],"replies":[{"embeddable":true,"href":"https:\/\/www.theb4.fr\/vivre-livres\/wp-json\/wp\/v2\/comments?post=1416"}],"version-history":[{"count":0,"href":"https:\/\/www.theb4.fr\/vivre-livres\/wp-json\/wp\/v2\/posts\/1416\/revisions"}],"wp:attachment":[{"href":"https:\/\/www.theb4.fr\/vivre-livres\/wp-json\/wp\/v2\/media?parent=1416"}],"wp:term":[{"taxonomy":"category","embeddable":true,"href":"https:\/\/www.theb4.fr\/vivre-livres\/wp-json\/wp\/v2\/categories?post=1416"},{"taxonomy":"post_tag","embeddable":true,"href":"https:\/\/www.theb4.fr\/vivre-livres\/wp-json\/wp\/v2\/tags?post=1416"}],"curies":[{"name":"wp","href":"https:\/\/api.w.org\/{rel}","templated":true}]}}