{"id":1427,"date":"2013-07-12T09:32:28","date_gmt":"2013-07-12T08:32:28","guid":{"rendered":"http:\/\/www.theb4.fr\/vivre-livres\/?p=1427"},"modified":"2018-05-25T12:20:42","modified_gmt":"2018-05-25T10:20:42","slug":"derriere-la-vitre","status":"publish","type":"post","link":"https:\/\/www.theb4.fr\/vivre-livres\/derriere-la-vitre\/","title":{"rendered":"Derri\u00e8re la vitre"},"content":{"rendered":"<p><span style=\"font-size: xx-large;\"><strong><img loading=\"lazy\" decoding=\"async\" class=\"alignleft size-full wp-image-7414\" src=\"http:\/\/www.theb4.fr\/vivre-livres\/wp-content\/uploads\/2013\/07\/derrie\u0300re-la-vitre-1.jpg\" alt=\"\" width=\"225\" height=\"225\" \/>I<\/strong><\/span>l existe une fa\u00e7on d&rsquo;\u00eatre pr\u00e8s des autres sans pour autant r\u00e9ussir \u00e0 les rencontrer vraiment. Les <em>psychologues \u00e9sot\u00e9ristes<\/em> modernes appellent cela <em>\u00ab\u00a0se trouver derri\u00e8re la vitre.\u00a0\u00bb<\/em> Cette vitre peut \u00eatre claire ou d\u00e9polie. Dans le premier cas, on voit correctement les autres, mais on est incapable de communiquer vraiment, de les <em>\u00ab\u00a0toucher\u00a0\u00bb<\/em>, de les atteindre et on se retrouve coup\u00e9 d&rsquo;eux.<\/p>\n<p>&nbsp;<\/p>\n<p>&nbsp;<\/p>\n<p>&nbsp;<\/p>\n<p><span style=\"font-size: xx-large;\"><strong><img loading=\"lazy\" decoding=\"async\" class=\"alignleft size-full wp-image-7415\" src=\"http:\/\/www.theb4.fr\/vivre-livres\/wp-content\/uploads\/2013\/07\/derrie\u0300re-la-vitre7-1.jpg\" alt=\"\" width=\"180\" height=\"240\" \/>D<\/strong><\/span>ans le second cas, on voit et on comprend les autres au travers de ce verre d\u00e9poli et, bien \u00e9videment, ce que nous en retirons ne ressemble absolument pas \u00e0 <em>l&rsquo;actualit\u00e9<\/em>, \u00e0 ce qui se passe et existe vraiment. Nous sommes coup\u00e9s \u00e9galement des autres, mais cette fois, nous ne r\u00e9ussissons m\u00eame pas \u00e0 les voir tels qu&rsquo;ils sont vraiment, ne serait-ce qu&rsquo;au niveau purement humains et social.<\/p>\n<p>&nbsp;<\/p>\n<p>&nbsp;<\/p>\n<p>&nbsp;<\/p>\n<p>&nbsp;<\/p>\n<p>&nbsp;<\/p>\n<p><span style=\"font-size: xx-large;\"><strong><img loading=\"lazy\" decoding=\"async\" class=\"alignleft size-full wp-image-7418\" src=\"http:\/\/www.theb4.fr\/vivre-livres\/wp-content\/uploads\/2013\/07\/derrie\u0300re-la-vitre8-1.jpg\" alt=\"\" width=\"275\" height=\"183\" srcset=\"https:\/\/www.theb4.fr\/vivre-livres\/wp-content\/uploads\/2013\/07\/derrie\u0300re-la-vitre8-1.jpg 275w, https:\/\/www.theb4.fr\/vivre-livres\/wp-content\/uploads\/2013\/07\/derrie\u0300re-la-vitre8-1-150x100.jpg 150w\" sizes=\"auto, (max-width: 275px) 100vw, 275px\" \/>C<\/strong><\/span>omment se lib\u00e9rer de cette vitre, claire ou d\u00e9polie, qui non seulement nous isole du monde mais nous donne de lui une image d\u00e9form\u00e9e ? Tout d&rsquo;abord, il convient de d\u00e9finir o\u00f9 se trouve vraiment cette vitre ! Elle ne se trouve pas dehors et situ\u00e9e entre nous et le reste du monde. Si nous avons cette impression tout de m\u00eame, c&rsquo;est parce que <span style=\"color: #800080;\"><em>cette vitre se trouve en fait dans notre propre esprit et c&rsquo;est \u00e0 travers elle que nous observons (ou croyons observer) le monde et tout ce qu&rsquo;il contient<\/em><\/span>. Et c&rsquo;est aussi \u00e0 travers elle que nous recherchons&#8230; La vitre !<\/p>\n<p>&nbsp;<\/p>\n<p>&nbsp;<\/p>\n<p>&nbsp;<\/p>\n<p><img loading=\"lazy\" decoding=\"async\" class=\"alignleft size-full wp-image-7417\" src=\"http:\/\/www.theb4.fr\/vivre-livres\/wp-content\/uploads\/2013\/07\/se-libe\u0301rer-de-nos-barrie\u0300res-mentales-1.jpg\" alt=\"\" width=\"259\" height=\"194\" \/><span style=\"font-size: xx-large;\"><strong>O<\/strong><\/span>n parle souvent de <em>barri\u00e8res psychologiques<\/em> ou de <em>murs int\u00e9rieurs.<\/em><br \/>\nCes fortifications mentales qui nous isolent de l&rsquo;actualit\u00e9 et des autres sont les premi\u00e8res \u00e0 tomber puisque les plus faciles \u00e0 rep\u00e9rer&#8230; Mais <strong><em>la vitre<\/em><\/strong>, \u00e7a, c&rsquo;est une autre affaire ! Mais qui a pos\u00e9e cette vitre en nous ?<\/p>\n<p>Si je vous dit : <em>\u00ab\u00a0C&rsquo;est votre voisin, parce qu&rsquo;il a un gros nez et qu&rsquo;il ne vous aime pas !\u00a0\u00bb<\/em>, vous me croirez ?\u00a0 \ud83d\ude00<\/p>\n<p>&nbsp;<\/p>\n<p>&nbsp;<\/p>\n<p>&nbsp;<\/p>\n<p><strong><em>Serge Baccino<br \/>\n<\/em><\/strong><\/p>\n<p><a href=\"http:\/\/creativecommons.org\/licenses\/by-nc-nd\/3.0\/deed.fr\" rel=\"license\"><img decoding=\"async\" style=\"border-width: 0;\" src=\"http:\/\/i.creativecommons.org\/l\/by-nc-nd\/3.0\/88x31.png\" alt=\"Licence Creative Commons\" \/><\/a><br \/>\n(Note : Sauf pour les images, trouv\u00e9es sur le Web et r\u00e9put\u00e9es libres et gratuites)<\/p>\n","protected":false},"excerpt":{"rendered":"<p>Il existe une fa\u00e7on d&rsquo;\u00eatre pr\u00e8s des autres sans pour autant r\u00e9ussir \u00e0 les rencontrer vraiment. Les psychologues \u00e9sot\u00e9ristes modernes appellent cela \u00ab\u00a0se trouver derri\u00e8re la vitre.\u00a0\u00bb Cette vitre peut \u00eatre claire ou d\u00e9polie. Dans le premier cas, on voit correctement les autres, mais on est incapable de communiquer vraiment, de les \u00ab\u00a0toucher\u00a0\u00bb, de les &hellip; <a href=\"https:\/\/www.theb4.fr\/vivre-livres\/derriere-la-vitre\/\" class=\"more-link\">Continuer la lecture de <span class=\"screen-reader-text\">Derri\u00e8re la vitre<\/span>  <span class=\"meta-nav\">&rarr;<\/span><\/a><\/p>\n","protected":false},"author":1,"featured_media":0,"comment_status":"open","ping_status":"open","sticky":false,"template":"","format":"standard","meta":{"footnotes":""},"categories":[2917],"tags":[4883,8389,8383,8385,8386,8384,8380,8390,8388,5034,1537,1745,8387,4027,8381,8382,1117],"class_list":["post-1427","post","type-post","status-publish","format-standard","hentry","category-les-breves-de-la-psy-eso","tag-atteindre","tag-barrieres-psychologiques","tag-claire","tag-communiquer-vraiment","tag-coupe-en-deux","tag-depolie","tag-derriere-la-vitre","tag-fortifications-mentales","tag-image-deformee","tag-isole","tag-lactualite","tag-murs-interieurs","tag-niveau-humain-et-social","tag-observer","tag-rencontrer","tag-se-trouver-derriere-la-vitre","tag-toucher"],"_links":{"self":[{"href":"https:\/\/www.theb4.fr\/vivre-livres\/wp-json\/wp\/v2\/posts\/1427","targetHints":{"allow":["GET"]}}],"collection":[{"href":"https:\/\/www.theb4.fr\/vivre-livres\/wp-json\/wp\/v2\/posts"}],"about":[{"href":"https:\/\/www.theb4.fr\/vivre-livres\/wp-json\/wp\/v2\/types\/post"}],"author":[{"embeddable":true,"href":"https:\/\/www.theb4.fr\/vivre-livres\/wp-json\/wp\/v2\/users\/1"}],"replies":[{"embeddable":true,"href":"https:\/\/www.theb4.fr\/vivre-livres\/wp-json\/wp\/v2\/comments?post=1427"}],"version-history":[{"count":0,"href":"https:\/\/www.theb4.fr\/vivre-livres\/wp-json\/wp\/v2\/posts\/1427\/revisions"}],"wp:attachment":[{"href":"https:\/\/www.theb4.fr\/vivre-livres\/wp-json\/wp\/v2\/media?parent=1427"}],"wp:term":[{"taxonomy":"category","embeddable":true,"href":"https:\/\/www.theb4.fr\/vivre-livres\/wp-json\/wp\/v2\/categories?post=1427"},{"taxonomy":"post_tag","embeddable":true,"href":"https:\/\/www.theb4.fr\/vivre-livres\/wp-json\/wp\/v2\/tags?post=1427"}],"curies":[{"name":"wp","href":"https:\/\/api.w.org\/{rel}","templated":true}]}}