{"id":1459,"date":"2013-07-13T00:14:03","date_gmt":"2013-07-12T23:14:03","guid":{"rendered":"http:\/\/www.theb4.fr\/vivre-livres\/?p=1459"},"modified":"2020-10-11T01:58:09","modified_gmt":"2020-10-10T23:58:09","slug":"celui-qui-regarde","status":"publish","type":"post","link":"https:\/\/www.theb4.fr\/vivre-livres\/celui-qui-regarde\/","title":{"rendered":"Celui qui regarde"},"content":{"rendered":"<p><span style=\"font-size: xx-large;\"><strong><img loading=\"lazy\" decoding=\"async\" class=\"alignleft wp-image-1460\" src=\"http:\/\/www.theb4.fr\/vivre-livres\/wp-content\/uploads\/2013\/07\/Changer-le-monde6.jpg\" alt=\"Changer le monde6\" width=\"292\" height=\"225\" \/>Q<\/strong><\/span>ui n&rsquo;a pas r\u00eav\u00e9 de changer le monde ? Qui n&rsquo;a pas refait ce m\u00eame monde dans un bar, entre deux tasses de caf\u00e9 br\u00fblant et trop cors\u00e9 et un croissant de la veille ? \u00a0\u00bb Dis, Monsieur, c&rsquo;est quoi, le monde ? \u00a0\u00bb Le monde, c&rsquo;est ton regard ! Les choses que nous voyons sont-elles exactement telles que nous les voyons ? Et que voyons-nous, au juste ? Ce qui est derri\u00e8re nos yeux ou ce qui se passe en v\u00e9rit\u00e9 et sous notre nez ?<\/p>\n<p>&nbsp;<\/p>\n<p>&nbsp;<\/p>\n<p>&nbsp;<\/p>\n<p><span style=\"font-size: xx-large;\"><strong><img loading=\"lazy\" decoding=\"async\" class=\"alignleft wp-image-1461\" src=\"http:\/\/www.theb4.fr\/vivre-livres\/wp-content\/uploads\/2013\/07\/le-monde-est-en-nous.jpg\" alt=\"le monde est en nous\" width=\"287\" height=\"213\" \/>L<\/strong><\/span>es Grands Sages des si\u00e8cles pass\u00e9s ont tent\u00e9 d&rsquo;expliquer ce qu&rsquo;ils jugeaient eux-m\u00eames comme \u00e9tant inexprimable avec des mots (ils avaient donc un sens de l&rsquo;humour assez pouss\u00e9.) Ils ont propos\u00e9 comme mat\u00e9riel de m\u00e9ditation, des sentences du genre de celles-ci :<\/p>\n<p><span style=\"font-family: comic sans ms,sans-serif; color: #800000;\"><em>\u00ab\u00a0Le Monde est en vous; ce que vous voyez n&rsquo;est pas au-dehors mais en vous-m\u00eames, dans votre conscience. C&rsquo;est l&rsquo;esprit qui est le Projecteur et c&rsquo;est votre conscience qui est l&rsquo;unique spectateur.\u00a0\u00bb<\/em><\/span><\/p>\n<p>&nbsp;<\/p>\n<p>&nbsp;<\/p>\n<p>&nbsp;<\/p>\n<p>&nbsp;<\/p>\n<p><img loading=\"lazy\" decoding=\"async\" class=\"alignright wp-image-1462\" src=\"http:\/\/www.theb4.fr\/vivre-livres\/wp-content\/uploads\/2013\/07\/lhomme-de-demain.jpg\" alt=\"l'homme de demain\" width=\"174\" height=\"185\" \/><\/p>\n<p><span style=\"font-size: 24pt;\"><strong>B<\/strong><\/span>ien que cet \u00e9nonc\u00e9 soit exact d&rsquo;un point de vue spirituel (spirituel = \u00a0\u00bb <em>Relatif aux lois du fonctionnement de l&rsquo;esprit <\/em>\u00ab\u00a0), il peut pr\u00eater \u00e0 confusion et, de fait, il a induit en erreur des g\u00e9n\u00e9rations de chercheurs&#8230; Ah bon ? Ouep ! (Je sais aussi faire sobre dans mes r\u00e9ponses.)<\/p>\n<p>&nbsp;<\/p>\n<p>&nbsp;<\/p>\n<p>&nbsp;<\/p>\n<p>&nbsp;<\/p>\n<p>&nbsp;<\/p>\n<p><img loading=\"lazy\" decoding=\"async\" class=\"alignleft size-full wp-image-1463\" src=\"http:\/\/www.theb4.fr\/vivre-livres\/wp-content\/uploads\/2013\/07\/lillusion2.jpg\" alt=\"l'illusion2\" width=\"291\" height=\"218\" \/><span style=\"font-size: xx-large;\"><strong>P<\/strong><\/span>r\u00e9sent\u00e9e ainsi, et m\u00eame une fois traduite en langue moderne (ce que j&rsquo;ai fais pour vous avec l&rsquo;\u00e9nonc\u00e9 originel et traduit du sanskrit), il peut sembler que le monde que nous voyons ou que nous <em>\u00ab\u00a0croyons\u00a0\u00bb<\/em> voir au-dehors, est illusoire du fait qu&rsquo;il n&rsquo;existe pas mais qu&rsquo;il est cr\u00e9\u00e9 par nous ! En clair, cela signifierait que rien de ce que nous voyons n&rsquo;existe et que nous sommes le jouet permanent de notre ignorance et\/ou de notre folie ! Alors qu&rsquo;en fait, cela devrait se comprendre plut\u00f4t ainsi :<\/p>\n<p><span style=\"color: #800080;\"><em>\u00ab\u00a0l&rsquo;illusion n&rsquo;est PAS dans ce qui est vu, mais dans la croyance en le fait que ce qui est vu se trouve au-dehors et existe ind\u00e9pendamment de notre conscience.\u00a0\u00bb<\/em><\/span><\/p>\n<p>&nbsp;<\/p>\n<p>&nbsp;<\/p>\n<p>&nbsp;<\/p>\n<p>&nbsp;<\/p>\n<p><span style=\"font-size: xx-large;\"><strong><img loading=\"lazy\" decoding=\"async\" class=\"alignleft wp-image-1464\" src=\"http:\/\/www.theb4.fr\/vivre-livres\/wp-content\/uploads\/2013\/07\/lillusion3.jpg\" alt=\"l'illusion3\" width=\"237\" height=\"269\" \/>C<\/strong><\/span>omprenez-vous la nuance, malgr\u00e9 sa subtilit\u00e9 ? Vous ne r\u00eavez pas le monde; ce que vous voyez n&rsquo;est pas \u00a0\u00bb <em>invent\u00e9 <\/em>\u00a0\u00bb par votre cerveau enfi\u00e9vr\u00e9, MAIS ce que vous voyez ne se trouve pas \u00a0\u00bb <em>dehors <\/em>\u00a0\u00bb mais bien <strong><em>dans votre conscience<\/em><\/strong> (et non pas \u00a0\u00bb <em>dans votre t\u00eate <\/em>\u00a0\u00bb ! ) De fait, l&rsquo;id\u00e9e que tout le monde projette sur autrui et que ce qui est vu et attribu\u00e9 aux autres n&rsquo;existe en fait que dans notre t\u00eate, N&rsquo;EST PAS une v\u00e9rit\u00e9 mais une DEMI V\u00c9RIT\u00c9 ! A\u00efe, \u00e7a se complique, penseront certains qui ne sont pas des familiers des (apparents) paradoxes de la <em>psychologie \u00e9sot\u00e9rique<\/em> (paradoxes qui peuvent d&rsquo;ailleurs \u00eatre concili\u00e9s, par une vision d\u00e9programm\u00e9e et non dualiste.)<\/p>\n<p>&nbsp;<\/p>\n<p>&nbsp;<\/p>\n<p>&nbsp;<\/p>\n<p>&nbsp;<\/p>\n<p><span style=\"font-size: xx-large;\"><strong><img loading=\"lazy\" decoding=\"async\" class=\"alignleft wp-image-1465\" src=\"http:\/\/www.theb4.fr\/vivre-livres\/wp-content\/uploads\/2013\/07\/Regard-sur-le-Monde.jpg\" alt=\"Regard sur le Monde\" width=\"288\" height=\"180\" srcset=\"https:\/\/www.theb4.fr\/vivre-livres\/wp-content\/uploads\/2013\/07\/Regard-sur-le-Monde.jpg 960w, https:\/\/www.theb4.fr\/vivre-livres\/wp-content\/uploads\/2013\/07\/Regard-sur-le-Monde-300x187.jpg 300w\" sizes=\"auto, (max-width: 288px) 100vw, 288px\" \/>R<\/strong><\/span>\u00e9fl\u00e9chissons un instant. S&rsquo;il \u00e9tait vrai que lorsque nous croyons voir un d\u00e9faut chez autrui, ce m\u00eame d\u00e9faut se trouve en fait et n\u00e9cessairement en nous, puisque l&rsquo;homme ne fait que projeter son propre paysage int\u00e9rieur sur le monde et les autres, alors les Grands Ma\u00eetres qui ont enseign\u00e9 les hommes et qui d\u00e9non\u00e7aient parfois certaines aberrations mentales, \u00e9taient encore plus cons que leurs disciples et ne connaissaient rien aux lois et aux principes de l&rsquo;esprit ! Marrant non ? Ouep ! Mais instructif aussi, moi je vous le dis !<\/p>\n<p>&nbsp;<\/p>\n<p>&nbsp;<\/p>\n<p>&nbsp;<\/p>\n<p><img loading=\"lazy\" decoding=\"async\" class=\"alignleft wp-image-1466\" src=\"http:\/\/www.theb4.fr\/vivre-livres\/wp-content\/uploads\/2013\/07\/regarder-au-dehors1.jpg\" alt=\"regarder au-dehors\" width=\"164\" height=\"222\" \/><span style=\"font-size: xx-large;\"><strong>I<\/strong><\/span>nstructif, car si la pr\u00e9misse est exacte, alors il existerait bien un regard <em><strong>d\u00e9passionn\u00e9 et objectif<\/strong><\/em> que certaines personnes pourraient poser sur le monde et sur les \u00eatres qui le composent.<\/p>\n<p>Qui le composent non pas <em>dehors<\/em>, mais au v\u00e9ritable endroit o\u00f9 se trouve ce m\u00eame monde et ces m\u00eames \u00eatres&#8230; Mais au fait, o\u00f9 se situerait un tel monde rempli de tels \u00eatres, selon vous ?<\/p>\n<p>&nbsp;<\/p>\n<p>&nbsp;<\/p>\n<p>&nbsp;<\/p>\n<p>&nbsp;<\/p>\n<p><span style=\"font-size: xx-large;\"><strong><img loading=\"lazy\" decoding=\"async\" class=\"alignleft size-full wp-image-7420\" src=\"http:\/\/www.theb4.fr\/vivre-livres\/wp-content\/uploads\/2013\/07\/matie\u0300re-illusoire-1.jpg\" alt=\"\" width=\"267\" height=\"189\" \/>C<\/strong><\/span>e n&rsquo;est pas la mati\u00e8re qui est illusoire puisque nous pouvons nous la prendre en pleine gueule et juger ainsi de sa masse ! <span style=\"color: #0000ff;\"><strong><em>Ce qui est illusoire, c&rsquo;est de croire que la mati\u00e8re est vraiment telle que la per\u00e7oivent nos sens<\/em><\/strong><\/span>. Puisque notre corps de chair vibre sur une fr\u00e9quence qui s&rsquo;inscrit dans une fourchette vibratoire correspondant au monde dans lequel il vit, pour lui, l&rsquo;environnement existe vraiment et il peut \u00eatre <em>touch\u00e9<\/em>. Mais si nous sortons de ce corps, de cet <em>\u00a0\u00bb \u00e9tat de l&rsquo;esprit avec lequel nous faisons corps \u00ab\u00a0<\/em> plus exactement, alors nous r\u00e9alisons que la vie, ce n&rsquo;est pas que cela et qu&rsquo;il existe d&rsquo;autres niveaux d&rsquo;existence o\u00f9 \u00a0\u00bb <em>la mati\u00e8re<\/em> \u00a0\u00bb est moins dense, plus mall\u00e9able, et s&rsquo;adapte \u00e0 merveille \u00e0 chacun de nos diff\u00e9rents \u00a0\u00bb <em>corps <\/em>\u00a0\u00bb ou niveaux d&rsquo;expression (et nous en avons au moins sept.)<\/p>\n<p>&nbsp;<\/p>\n<p>&nbsp;<\/p>\n<p>&nbsp;<\/p>\n<p>&nbsp;<\/p>\n<p><span style=\"font-size: xx-large;\"><strong><img loading=\"lazy\" decoding=\"async\" class=\"alignleft size-full wp-image-7421\" src=\"http:\/\/www.theb4.fr\/vivre-livres\/wp-content\/uploads\/2013\/07\/Hindouisme-a\u0300-la-lettre-1.jpg\" alt=\"\" width=\"383\" height=\"132\" \/>C<\/strong><\/span>&lsquo;est \u00e0 cause de toutes ces conneries qu&rsquo;ont lanc\u00e9s les orientalistes que les gens se demandent aujourd&rsquo;hui ce qu&rsquo;ils pouvaient bien fumer comme herbe et \u00e0 leur \u00e9poque ! Et ils ont raison de se le demander. Le sujet est tr\u00e8s mal expliqu\u00e9 et pr\u00e9sent\u00e9 en la h\u00e2te. Mais ceux qui ont la possibilit\u00e9 de voir certaines choses r\u00e9alisent que la mati\u00e8re, m\u00eame \u00ab\u00a0<em>dense<\/em>\u00ab\u00a0, est faite d&rsquo;\u00e9nergie, de particules de lumi\u00e8re qui virevoltent joyeusement sur elles-m\u00eames et qui chantent la vie, le Verbe, la Vibration Divine ou de la Cr\u00e9ation continue, permanente. Mais comme elles vibrent TR\u00c8S BAS, en comparaison de ce qu&rsquo;elles <em>pourraient<\/em> vibrer, les formes qu&rsquo;elles occasionnent <span style=\"text-decoration: underline;\">sont per\u00e7ues<\/span> comme \u00e9tant tr\u00e8s solides (ou grossi\u00e8res), et elles le sont effectivement POUR notre cerveau actuel et POUR les cellules de notre corps physique (en fait pour nos 5 sens objectifs.)<\/p>\n<p>&nbsp;<\/p>\n<p>&nbsp;<\/p>\n<p>&nbsp;<\/p>\n<p>&nbsp;<\/p>\n<p><img loading=\"lazy\" decoding=\"async\" class=\"alignleft wp-image-1469\" src=\"http:\/\/www.theb4.fr\/vivre-livres\/wp-content\/uploads\/2013\/07\/corps-spirituel.jpg\" alt=\"corps spirituel\" width=\"193\" height=\"192\" srcset=\"https:\/\/www.theb4.fr\/vivre-livres\/wp-content\/uploads\/2013\/07\/corps-spirituel.jpg 225w, https:\/\/www.theb4.fr\/vivre-livres\/wp-content\/uploads\/2013\/07\/corps-spirituel-150x150.jpg 150w\" sizes=\"auto, (max-width: 193px) 100vw, 193px\" \/><span style=\"font-size: xx-large;\"><strong>A<\/strong><\/span> d&rsquo;autres niveaux, en particulier quand nous ne sommes pas incarn\u00e9s, cette m\u00eame mati\u00e8re ressemble plus \u00e0 des images mentales solidifi\u00e9es qu&rsquo;\u00e0 des choses solides et compactes. Par exemple, en d\u00e9doublement, nous pouvons passer au travers d&rsquo;un mur qui demeurera solide pour ceux qui sont encore dans un corps de chair. J&rsquo;ai fais cela plusieurs fois, avec toujours autant d&rsquo;inqui\u00e9tude \u00e0 l&rsquo;id\u00e9e de me fracasser le museau sur le dit mur ! Les r\u00e9flexes physiologiques ont la peau dure !<\/p>\n<p>&nbsp;<\/p>\n<p>&nbsp;<\/p>\n<p>&nbsp;<\/p>\n<p><span style=\"font-size: xx-large;\"><strong><img loading=\"lazy\" decoding=\"async\" class=\"alignleft wp-image-1470\" src=\"http:\/\/www.theb4.fr\/vivre-livres\/wp-content\/uploads\/2013\/07\/lintellect.jpg\" alt=\"l'intellect\" width=\"199\" height=\"162\" \/>I<\/strong><\/span>l est PRIMORDIAL que la compr\u00e9hension intellectuelle du sujet arrive A LA SUITE de l&rsquo;exp\u00e9rience directe de ce m\u00eame sujet, <strong>et non avant<\/strong>, sinon l&rsquo;esprit intellectuel passe \u00e0 autre chose et refuse toute forme d&rsquo;exp\u00e9rience ult\u00e9rieure relative \u00e0 ce sujet. Pour terminer, <span style=\"color: #0000ff;\"><strong><em>ce n&rsquo;est pas la connaissance \u00e9sot\u00e9rique, qui manque de clart\u00e9, c&rsquo;est le d\u00e9sir d&rsquo;apprendre de l&rsquo;homme, qui manque de force ou de conviction.<\/em><\/strong><\/span><\/p>\n<p>Mais bon, allez ! Cela, m\u00eame si vous ne l&rsquo;acceptez pas compl\u00e8tement, vous le savez fort bien, n&rsquo;est-ce pas ?<\/p>\n<p>&nbsp;<\/p>\n<p>&nbsp;<\/p>\n<p>&nbsp;<\/p>\n<p><strong><em>Serge Baccino<br \/>\n<\/em><\/strong><\/p>\n<p><a href=\"http:\/\/creativecommons.org\/licenses\/by-nc-nd\/3.0\/deed.fr\" rel=\"license\"><img decoding=\"async\" style=\"border-width: 0;\" src=\"http:\/\/i.creativecommons.org\/l\/by-nc-nd\/3.0\/88x31.png\" alt=\"Licence Creative Commons\" \/><\/a><br \/>\n(Note : Sauf pour les images, trouv\u00e9es sur le Web et r\u00e9put\u00e9es libres et gratuites)<\/p>\n","protected":false},"excerpt":{"rendered":"<p>Qui n&rsquo;a pas r\u00eav\u00e9 de changer le monde ? Qui n&rsquo;a pas refait ce m\u00eame monde dans un bar, entre deux tasses de caf\u00e9 br\u00fblant et trop cors\u00e9 et un croissant de la veille ? \u00a0\u00bb Dis, Monsieur, c&rsquo;est quoi, le monde ? \u00a0\u00bb Le monde, c&rsquo;est ton regard ! Les choses que nous voyons &hellip; <a href=\"https:\/\/www.theb4.fr\/vivre-livres\/celui-qui-regarde\/\" class=\"more-link\">Continuer la lecture de <span class=\"screen-reader-text\">Celui qui regarde<\/span>  <span class=\"meta-nav\">&rarr;<\/span><\/a><\/p>\n","protected":false},"author":1,"featured_media":0,"comment_status":"open","ping_status":"open","sticky":false,"template":"","format":"standard","meta":{"footnotes":""},"categories":[3],"tags":[7028,8396,970,8395,8404,7006,7013,8419,4660,7024,8423,26,1354,5477,8397,1341,7063,7043,7077,191,1076,8403,8412,8422,7018,7015,7066,205,2142,7008,52,3233,783,8418,220,6030,7009,7065,7029,4484,318,8421,8420,7011,7033,7014,2788,2542,7010,8407,8414,8401,8408,66,7044,8424,8399,3802,6795,2644,8398,7042,8413,7026,3782,8417,5099,7023,1632,7027,8415,8402,6021,93,7067,2915,4512,8410,457,8400,5075,1780,7055,3329,7038,8405,8409,8411,8333,8416,8406,1061],"class_list":["post-1459","post","type-post","status-publish","format-standard","hentry","category-artcl","tag-aberrations-mentales","tag-cafe-brulant","tag-cellules","tag-celui-qui-regarde","tag-cerveau-enfievre","tag-changer-le-monde","tag-chercheurs","tag-compactes","tag-comprehension","tag-concilies","tag-connaissance-esoterique","tag-consc","tag-corps-de-chair","tag-corse","tag-croissant","tag-croyance","tag-dedoublement","tag-dense","tag-desir-dapprendre","tag-disciples","tag-energie","tag-enonce-originel","tag-etat-de-lesprit-avec-lequel-nous-faisons-corps","tag-experience-ulterieure","tag-extrapoler","tag-folie","tag-fracasser","tag-frequence","tag-generations","tag-grands-sages","tag-hmr","tag-ignorance","tag-illusoire","tag-images-mentales-solidifiees","tag-incarnes","tag-independamment","tag-inexprimable","tag-inquietude","tag-instructif","tag-lenvironnement","tag-lesprit","tag-lesprit-intellectuel","tag-lexperience-directe","tag-lunique-spectateur","tag-la-premisse","tag-langue-moderne","tag-le-jouet","tag-le-monde","tag-le-projecteur","tag-les-grands-maitres","tag-les-orientalistes","tag-lois-du-fonctionnement-de-lesprit","tag-lois-et-principes-de-lesprit","tag-lum","tag-malleable","tag-manque-de-clarte","tag-materiel-de-meditation","tag-matiere","tag-monsieur","tag-museau","tag-nez","tag-niveaux-dexistence","tag-niveaux-dexpression","tag-non-dualiste","tag-nos-sens","tag-notre-cerveau","tag-nuance","tag-paradoxes","tag-particules-de-lumiere","tag-paysage-interieur","tag-presente-en-la-hate","tag-preter-a-confusion","tag-primordial","tag-ps-es","tag-reflexes-physiologiques","tag-regard","tag-reve","tag-sa-masse","tag-sanskrit","tag-sentences","tag-siecles-passes","tag-sobre","tag-solides","tag-subtilite","tag-touche","tag-tout-le-monde-projette-sur-autrui","tag-un-regard-depassionne-et-objectif","tag-une-fourchette-vibratoire","tag-verbe","tag-virevoltent","tag-vision-deprogrammee","tag-yeux"],"_links":{"self":[{"href":"https:\/\/www.theb4.fr\/vivre-livres\/wp-json\/wp\/v2\/posts\/1459","targetHints":{"allow":["GET"]}}],"collection":[{"href":"https:\/\/www.theb4.fr\/vivre-livres\/wp-json\/wp\/v2\/posts"}],"about":[{"href":"https:\/\/www.theb4.fr\/vivre-livres\/wp-json\/wp\/v2\/types\/post"}],"author":[{"embeddable":true,"href":"https:\/\/www.theb4.fr\/vivre-livres\/wp-json\/wp\/v2\/users\/1"}],"replies":[{"embeddable":true,"href":"https:\/\/www.theb4.fr\/vivre-livres\/wp-json\/wp\/v2\/comments?post=1459"}],"version-history":[{"count":0,"href":"https:\/\/www.theb4.fr\/vivre-livres\/wp-json\/wp\/v2\/posts\/1459\/revisions"}],"wp:attachment":[{"href":"https:\/\/www.theb4.fr\/vivre-livres\/wp-json\/wp\/v2\/media?parent=1459"}],"wp:term":[{"taxonomy":"category","embeddable":true,"href":"https:\/\/www.theb4.fr\/vivre-livres\/wp-json\/wp\/v2\/categories?post=1459"},{"taxonomy":"post_tag","embeddable":true,"href":"https:\/\/www.theb4.fr\/vivre-livres\/wp-json\/wp\/v2\/tags?post=1459"}],"curies":[{"name":"wp","href":"https:\/\/api.w.org\/{rel}","templated":true}]}}