{"id":151,"date":"2013-04-16T13:51:49","date_gmt":"2013-04-16T12:51:49","guid":{"rendered":"http:\/\/www.theb4.fr\/vivre-livres\/?p=151"},"modified":"2023-02-09T12:53:37","modified_gmt":"2023-02-09T10:53:37","slug":"reporter-de-lau-dela","status":"publish","type":"post","link":"https:\/\/www.theb4.fr\/vivre-livres\/reporter-de-lau-dela\/","title":{"rendered":"Reporter de l&rsquo;Au-Del\u00e0"},"content":{"rendered":"<p><a href=\"https:\/\/www.amazon.fr\/dp\/B00CBWEW5E\"><img loading=\"lazy\" decoding=\"async\" class=\"alignleft wp-image-152 size-medium\" src=\"https:\/\/www.theb4.fr\/vivre-livres\/wp-content\/uploads\/2013\/04\/cover-report-medium-212x300.jpg\" alt=\"cover-report-medium\" width=\"212\" height=\"300\" srcset=\"https:\/\/www.theb4.fr\/vivre-livres\/wp-content\/uploads\/2013\/04\/cover-report-medium-212x300.jpg 212w, https:\/\/www.theb4.fr\/vivre-livres\/wp-content\/uploads\/2013\/04\/cover-report-medium.jpg 399w\" sizes=\"auto, (max-width: 212px) 100vw, 212px\" \/><\/a><\/p>\n<h1><span style=\"color: #ff6600;\">Reporter <\/span><span style=\"color: #ff6600;\">de <\/span><span style=\"color: #ff6600;\">l&rsquo;Au-Del\u00e0<\/span><\/h1>\n<p>&nbsp;<\/p>\n<p><span style=\"text-decoration: underline;\"><strong>R\u00e9sum\u00e9 du contenu de ce livre<\/strong><\/span><\/p>\n<h3><span style=\"text-decoration: underline;\"><span style=\"font-size: medium;\"><strong>Pr\u00e9sentation de l&rsquo;\u00e9diteur<\/strong><\/span><\/span><\/h3>\n<p><em><span style=\"font-size: xx-large;\">C<\/span>hristian Balmain est un \u00e9lectricien sans probl\u00e8mes qui vit \u00e0 Toulon, dans le sud de la France et qui est mari\u00e9 et p\u00e8re de deux ravissantes petites filles. Sa vie est aussi banale que sans surprises, jusqu&rsquo;au jour o\u00f9 il a la malencontreuse id\u00e9e de mourir.<\/em><\/p>\n<p>Ce roman plein d&rsquo;humour et de tendresse, est une excuse \u00e0 peine voil\u00e9e pour permettre \u00e0 son auteur de transmettre un enseignement \u00e9sot\u00e9rique de valeur, \u00e0 la fois simple et profond. Certaines lois relatives au fonctionnement de l&rsquo;esprit et encore mal connues en Europe et ce, \u00e0 cause de leur apparente complexit\u00e9, sont ici pr\u00e9sent\u00e9es \u00e0 travers un langage a\u00e9r\u00e9 et enfin accessible \u00e0 tous.<\/p>\n<p>Les amateurs de psychologie propre \u00e0 l\u2019\u00e9sot\u00e9risme ainsi que les personnes sensibles aux sujets traitant de l&rsquo;Apr\u00e8s-Vie, devraient trouver en ce roman, mati\u00e8re \u00e0 de savoureuses et non moins fructueuses m\u00e9ditations.<\/p>\n<p>Ceux qui demeurent sceptiques en ce qui concerne ce sujet de la survie de l&rsquo;\u00e2me, devraient pouvoir y trouver de quoi passer un moment de r\u00e9flexion, de d\u00e9tente et de rire.<br \/>\nUn m\u00e9lange \u00e9tonnant de s\u00e9rieux et d&rsquo;humour d\u00e9capant font de ce roman, premier volet d&rsquo;une trilogie, une \u0153uvre qui pourrait bien \u00eatre consid\u00e9r\u00e9e comme novatrice dans un domaine qui, quelques fois, manque un peu de fra\u00eecheur et de spontan\u00e9it\u00e9.<\/p>\n<p>&nbsp;<\/p>\n<p>Les deux autres volets de cette trilogie ont pour titre :<\/p>\n<p><strong>\u00ab\u00a0Rencontre avec un Mage Rouge\u00a0\u00bb<\/strong> \u00a0 (\u00e0 para\u00eetre sur Amazon )<br \/>\n<span style=\"color: #800000;\"><strong>\u00ab\u00a0Enseignement d&rsquo;un Mage Rouge\u00a0\u00bb<\/strong><\/span> (\u00e0 para\u00eetre sur Amazon )<\/p>\n<p><span style=\"font-size: x-large;\"><strong>D\u00e9tails pratiques concernant ce livre<\/strong><\/span><\/p>\n<p><span style=\"text-decoration: underline;\">\u00c9tat<\/span>: <strong><span style=\"color: #ff6600;\">En ligne et disponible \u00e0 la vente !\u00a0<\/span> <\/strong><\/p>\n<p>&nbsp;<\/p>\n<p><iframe loading=\"lazy\" style=\"width: 120px; height: 240px;\" src=\"http:\/\/rcm-fr.amazon.fr\/e\/cm?lt1=_blank&amp;bc1=000000&amp;IS2=1&amp;bg1=FFFFFF&amp;fc1=000000&amp;lc1=0000FF&amp;t=vivrlivr-21&amp;o=8&amp;p=8&amp;l=as4&amp;m=amazon&amp;f=ifr&amp;ref=ss_til&amp;asins=B00CBWEW5E\" width=\"320\" height=\"240\" frameborder=\"0\" marginwidth=\"0\" marginheight=\"0\" scrolling=\"no\"><\/iframe><\/p>\n<p>&nbsp;<\/p>\n<p><span style=\"text-decoration: underline;\"><strong>Prix conseill\u00e9<\/strong> <\/span>: \u00a0<strong>7.71 euros.<\/strong><\/p>\n<p><strong>Nombre de pages<\/strong> : (d\u00e9pend du format de lecture mais entre 170 et 200 pages maxi.)<\/p>\n<p><b>Taille du fichier\u00a0:<\/b> A venir, pas encore calcul\u00e9.<\/p>\n<p><strong>Formats disponibles<\/strong> : Kindle sur Amazon.<\/p>\n<p><strong>Pour les lecteurs ayant achet\u00e9 cet ouvrage, sur <em>Amazon<\/em> ou ailleurs :<\/strong><\/p>\n<p><span style=\"color: #800000;\">Je suis \u00e0 votre disposition si vous avez besoin de plus amples informations ou si vous avez des questions \u00e0 me poser \u00e0 propos de ce livre ou de son contenu. Dans tous les cas, vos commentaires et \u00e9ventuels conseils bienveillants, seront les bienvenus. Il sera r\u00e9pondu \u00e0 tous.<\/span><\/p>\n<p>&nbsp;<\/p>\n<p><span style=\"font-size: medium; color: #808080;\"><strong><em>Serge Baccino<\/em><\/strong><\/span><\/p>\n<p>Pr\u00e9sentation de cet ouvrage sous <span style=\"font-size: large;\"><strong>cc<\/strong><\/span> :<br \/>\n<a href=\"http:\/\/creativecommons.org\/licenses\/by-nc-nd\/3.0\/deed.fr\" rel=\"license\"><img decoding=\"async\" style=\"border-width: 0;\" src=\"http:\/\/i.creativecommons.org\/l\/by-nc-nd\/3.0\/88x31.png\" alt=\"Licence Creative Commons\" \/><\/a><\/p>\n","protected":false},"excerpt":{"rendered":"<p>Reporter de l&rsquo;Au-Del\u00e0 &nbsp; R\u00e9sum\u00e9 du contenu de ce livre Pr\u00e9sentation de l&rsquo;\u00e9diteur Christian Balmain est un \u00e9lectricien sans probl\u00e8mes qui vit \u00e0 Toulon, dans le sud de la France et qui est mari\u00e9 et p\u00e8re de deux ravissantes petites filles. Sa vie est aussi banale que sans surprises, jusqu&rsquo;au jour o\u00f9 il a la &hellip; <a href=\"https:\/\/www.theb4.fr\/vivre-livres\/reporter-de-lau-dela\/\" class=\"more-link\">Continuer la lecture de <span class=\"screen-reader-text\">Reporter de l&rsquo;Au-Del\u00e0<\/span>  <span class=\"meta-nav\">&rarr;<\/span><\/a><\/p>\n","protected":false},"author":1,"featured_media":0,"comment_status":"closed","ping_status":"closed","sticky":false,"template":"","format":"standard","meta":{"footnotes":""},"categories":[5],"tags":[10,982,12,1659,1675,1689,1657,1676,37,38,1683,1680,497,1693,52,59,1685,1684,1656,1687,1678,82,1691,1682,126,1658,780,1674,1690,1686,1474,1280,1694,1688,1679,1677,1681,1692],"class_list":["post-151","post","type-post","status-publish","format-standard","hentry","category-liv-par","tag-amz","tag-au-dela","tag-auteur","tag-aventure-personnelle","tag-christian-balmain","tag-detente","tag-editeur","tag-electricien","tag-ensgmt","tag-estrsm","tag-europe","tag-excuse","tag-fonctionnement-de-lesprit","tag-fraicheur","tag-hmr","tag-kndl","tag-lapres-vie","tag-langage-aere","tag-livre-electronique","tag-meditations","tag-mourir","tag-ouvrg","tag-premier-volet","tag-profond","tag-psychologie","tag-recit","tag-reflexion","tag-reporter","tag-rire","tag-roman","tag-serge-baccino","tag-simple","tag-spontaneite","tag-survie-de-lame","tag-tendresse","tag-toulon","tag-transmettre","tag-trilogie"],"_links":{"self":[{"href":"https:\/\/www.theb4.fr\/vivre-livres\/wp-json\/wp\/v2\/posts\/151","targetHints":{"allow":["GET"]}}],"collection":[{"href":"https:\/\/www.theb4.fr\/vivre-livres\/wp-json\/wp\/v2\/posts"}],"about":[{"href":"https:\/\/www.theb4.fr\/vivre-livres\/wp-json\/wp\/v2\/types\/post"}],"author":[{"embeddable":true,"href":"https:\/\/www.theb4.fr\/vivre-livres\/wp-json\/wp\/v2\/users\/1"}],"replies":[{"embeddable":true,"href":"https:\/\/www.theb4.fr\/vivre-livres\/wp-json\/wp\/v2\/comments?post=151"}],"version-history":[{"count":0,"href":"https:\/\/www.theb4.fr\/vivre-livres\/wp-json\/wp\/v2\/posts\/151\/revisions"}],"wp:attachment":[{"href":"https:\/\/www.theb4.fr\/vivre-livres\/wp-json\/wp\/v2\/media?parent=151"}],"wp:term":[{"taxonomy":"category","embeddable":true,"href":"https:\/\/www.theb4.fr\/vivre-livres\/wp-json\/wp\/v2\/categories?post=151"},{"taxonomy":"post_tag","embeddable":true,"href":"https:\/\/www.theb4.fr\/vivre-livres\/wp-json\/wp\/v2\/tags?post=151"}],"curies":[{"name":"wp","href":"https:\/\/api.w.org\/{rel}","templated":true}]}}