{"id":1742,"date":"2013-07-18T23:02:24","date_gmt":"2013-07-18T22:02:24","guid":{"rendered":"http:\/\/www.theb4.fr\/vivre-livres\/?p=1742"},"modified":"2018-06-24T00:54:06","modified_gmt":"2018-06-23T22:54:06","slug":"creer-et-utiliser-le-drame","status":"publish","type":"post","link":"https:\/\/www.theb4.fr\/vivre-livres\/creer-et-utiliser-le-drame\/","title":{"rendered":"Cr\u00e9er et utiliser le drame"},"content":{"rendered":"<p><span style=\"font-size: xx-large;\"><strong><img loading=\"lazy\" decoding=\"async\" class=\"alignleft size-full wp-image-1753\" src=\"http:\/\/www.theb4.fr\/vivre-livres\/wp-content\/uploads\/2013\/07\/dramatiser3.jpg\" alt=\"dramatiser3\" width=\"268\" height=\"223\" \/>O<\/strong><\/span>n dit que l&rsquo;\u00eatre humain a tendance \u00e0 tout dramatiser. On dit aussi que cela lui nuit fortement. Sans doute mais si c&rsquo;\u00e9tait vraiment le cas, pourquoi continuerait-il \u00e0 cr\u00e9er le drame puis \u00e0 l&rsquo;entretenir ? <strong><em>L&rsquo;homme ne fait jamais rien pour rien.<\/em><\/strong> M\u00eame lorsqu&rsquo;il agit inconsciemment, une partie de lui a <em>des raisons valables<\/em> d&rsquo;agir comme elle le fait.<\/p>\n<p>&nbsp;<\/p>\n<p>&nbsp;<\/p>\n<p>&nbsp;<\/p>\n<p>&nbsp;<\/p>\n<p><img loading=\"lazy\" decoding=\"async\" class=\"alignleft wp-image-1754\" src=\"http:\/\/www.theb4.fr\/vivre-livres\/wp-content\/uploads\/2013\/07\/dramatiser.jpg\" alt=\"dramatiser\" width=\"273\" height=\"206\" \/><span style=\"font-size: xx-large;\"><strong>R<\/strong><\/span>ien n&rsquo;est jamais <em>\u00ab\u00a0innocent\u00a0\u00bb<\/em>, accidentel ou d\u00fb au hasard chez ce bip\u00e8de.On peut comprendre que l&rsquo;homme puisse cr\u00e9er le drame, mais il faut un moment de r\u00e9flexion pour capter la raison qui le pousse \u00e0 l&rsquo;entretenir. Que dit le drame, en somme ? Que ce qui nous arrive \u00e0 nous est toujours <strong><em>s\u00e9rieux, grave et important<\/em><\/strong>.<\/p>\n<p>Nous savons que ces trois concepts redoutables (<em>\u00ab\u00a0s\u00e9rieux, grave et important\u00a0\u00bb<\/em>) servent d&rsquo;armes absolues \u00e0 l&rsquo;ego et au Moi-Id\u00e9alis\u00e9 qui en r\u00e9sulte. En effet, si c&rsquo;est <strong>s\u00e9rieux<\/strong>, si c&rsquo;est <strong>grave<\/strong> et si c&rsquo;est <strong>important<\/strong>, la personnalit\u00e9 incarn\u00e9e ne pourra pas faire comme si de rien n&rsquo;\u00e9tait. Si c&rsquo;est <strong>s\u00e9rieux<\/strong>, <strong>grave<\/strong> et <strong>important<\/strong>, alors toute l&rsquo;attention mentale doit \u00eatre mobilis\u00e9e puis orient\u00e9e vers l&rsquo;ego afin qu&rsquo;il puisse s&rsquo;en servir pour \u00ab\u00a0<em>d\u00e9fendre l&rsquo;int\u00e9grit\u00e9 de l&rsquo;\u00eatre<\/em>\u00a0\u00bb (sic)<\/p>\n<p>&nbsp;<\/p>\n<p>&nbsp;<\/p>\n<p>&nbsp;<\/p>\n<p>&nbsp;<\/p>\n<p><span style=\"font-size: xx-large;\"><strong>L<\/strong><\/span>e probl\u00e8me c&rsquo;est qu&rsquo;en agis<img loading=\"lazy\" decoding=\"async\" class=\"alignleft wp-image-1755\" src=\"http:\/\/www.theb4.fr\/vivre-livres\/wp-content\/uploads\/2013\/07\/lego31.jpg\" alt=\"l'ego3\" width=\"207\" height=\"335\" \/>sant ainsi, l&rsquo;individu nourrit les trois concepts favoris de l&rsquo;ego plus qu&rsquo;il ne re\u00e7oit d&rsquo;\u00e9nergie pour lui-m\u00eame ou pour se sortir de quelque pr\u00e9tendu probl\u00e8me ext\u00e9rieur !<\/p>\n<p>Si ces trois concepts sont employ\u00e9s -et ils le sont- par l&rsquo;ego d&rsquo;un individu <strong><em>Ti\u00e8de<\/em><\/strong>, alors ils serviront \u00e0 justifier plus encore cette m\u00eame <strong><em>ti\u00e9deur de l&rsquo;\u00e2me<\/em><\/strong>. En effet, si vous avez de s\u00e9rieux probl\u00e8mes, il est important de ne pas aggraver les choses en agissant sans r\u00e9fl\u00e9chir ! (sic) Alors vous allez passer une vie \u00e0 r\u00e9fl\u00e9chir aux bienfaits de l&rsquo;inaction !<\/p>\n<p>&nbsp;<\/p>\n<p>&nbsp;<\/p>\n<p>&nbsp;<\/p>\n<p>&nbsp;<\/p>\n<p><span style=\"font-size: xx-large;\"><strong><img loading=\"lazy\" decoding=\"async\" class=\"alignright size-full wp-image-7525\" src=\"http:\/\/www.theb4.fr\/vivre-livres\/wp-content\/uploads\/2013\/07\/la\u0302chete\u0301-1.jpg\" alt=\"\" width=\"192\" height=\"144\" \/>S<\/strong><\/span>i ce qui vous arrive est <span style=\"color: #0000ff;\"><em>\u00ab\u00a0s\u00e9rieux, grave et important\u00a0\u00bb<\/em><\/span> (ou l&rsquo;un quelconque des trois), vous ne pouvez d\u00e9cemment pas vous occuper de <em>sujets secondaires<\/em> tels que l&rsquo;\u00e9volution spirituelle, au vu du degr\u00e9 de gravit\u00e9 de ce qui vous arrive ! Et si vous ne r\u00e9ussissez pas \u00e0 justifier la lenteur de votre trajectoire individuelle, il est alors <em>\u00ab\u00a0important\u00a0\u00bb<\/em> de bien faire comprendre \u00e0 l&rsquo;autre qu&rsquo;il m\u00e9connait votre vie, vos probl\u00e8mes et les raisons profondes de vos \u00e9checs !<\/p>\n<p>&nbsp;<\/p>\n<p>&nbsp;<\/p>\n<p>&nbsp;<\/p>\n<p>&nbsp;<\/p>\n<p><span style=\"font-size: xx-large;\"><strong><img loading=\"lazy\" decoding=\"async\" class=\"alignleft size-full wp-image-1757\" src=\"http:\/\/www.theb4.fr\/vivre-livres\/wp-content\/uploads\/2013\/07\/trois-singes2.jpg\" alt=\"trois singes2\" width=\"294\" height=\"189\" \/>E<\/strong><\/span>n fait, le \u00ab\u00a0Ti\u00e8de\u00a0\u00bb a toujours trois excuses pour justifier sa ti\u00e9deur : tout ce qui se passe dans sa vie est bien trop <em>s\u00e9rieux, grave et important<\/em> pour qu&rsquo;il puisse seulement hausser un sourcil sans prendre des risques insens\u00e9s ! La vie des personnes Ti\u00e8des est toujours dramatique, savez-vous ? Non ? Vous ne saviez pas ? Eh bien voil\u00e0 : c&rsquo;est pour cela que vous ne pouvez ni les comprendre, ni les aider ! Et s&rsquo;ils entretiennent le drame dans leur vie, c&rsquo;est simplement parce qu&rsquo;\u00e0 leurs propres yeux, il serait vraiment dramatique de r\u00e9aliser brusquement que sans les drames invent\u00e9s de toutes pi\u00e8ces, leur vie serait, ma foi, brusquement bien monotone&#8230; A vos claviers si vous d\u00e9sirez t\u00e9moigner, r\u00e2ler, justifier ou&#8230; <strong><em>dramatiser<\/em><\/strong> un sujet aussi <strong><em>s\u00e9rieux<\/em><\/strong>,<strong><em> grave<\/em><\/strong> et <strong><em>important<\/em><\/strong> !<\/p>\n<p>&nbsp;<\/p>\n<p><img decoding=\"async\" src=\"http:\/\/psukelogos.winnerbb.com\/users\/1912\/26\/34\/69\/smiles\/mdr.gif\" alt=\"\" longdesc=\"89\" \/><\/p>\n<p>&nbsp;<\/p>\n<p>&nbsp;<\/p>\n<p><strong><em>Serge Baccino<br \/>\n<\/em><\/strong><\/p>\n<p><a href=\"http:\/\/creativecommons.org\/licenses\/by-nc-nd\/3.0\/deed.fr\" rel=\"license\"><img decoding=\"async\" style=\"border-width: 0;\" src=\"http:\/\/i.creativecommons.org\/l\/by-nc-nd\/3.0\/88x31.png\" alt=\"Licence Creative Commons\" \/><\/a><br \/>\n(Note : Sauf pour les images, trouv\u00e9es sur le Web et r\u00e9put\u00e9es libres et gratuites)<\/p>\n","protected":false},"excerpt":{"rendered":"<p>On dit que l&rsquo;\u00eatre humain a tendance \u00e0 tout dramatiser. On dit aussi que cela lui nuit fortement. Sans doute mais si c&rsquo;\u00e9tait vraiment le cas, pourquoi continuerait-il \u00e0 cr\u00e9er le drame puis \u00e0 l&rsquo;entretenir ? L&rsquo;homme ne fait jamais rien pour rien. M\u00eame lorsqu&rsquo;il agit inconsciemment, une partie de lui a des raisons valables &hellip; <a href=\"https:\/\/www.theb4.fr\/vivre-livres\/creer-et-utiliser-le-drame\/\" class=\"more-link\">Continuer la lecture de <span class=\"screen-reader-text\">Cr\u00e9er et utiliser le drame<\/span>  <span class=\"meta-nav\">&rarr;<\/span><\/a><\/p>\n","protected":false},"author":1,"featured_media":0,"comment_status":"open","ping_status":"open","sticky":false,"template":"","format":"standard","meta":{"footnotes":""},"categories":[3],"tags":[8815,8825,8808,8810,8820,8829,8809,1076,8817,1492,1380,8814,2944,8831,733,1218,8811,8828,8813,8830,8821,8819,686,5778,8832,8822,8812,2674,8826,780,8816,8827,4758,8823,8824,4648,8818],"class_list":["post-1742","post","type-post","status-publish","format-standard","hentry","category-artcl","tag-accidentel","tag-aggraver-les-choses-en-agissant-sans-reflechir","tag-creer-et-utiliser-le-drame","tag-creer-le-drame","tag-defendre-lintegrite-de-letre","tag-degre-de-gravite","tag-dramatiser","tag-energie","tag-grave-et-important","tag-hasard","tag-inconsciemment","tag-innocent","tag-justifier","tag-justifier-sa-tiedeur","tag-lattention-mentale","tag-lego","tag-lentretenir","tag-levolution-spirituelle","tag-lhomme-ne-fait-jamais-rien-pour-rien","tag-lenteur","tag-les-trois-concepts-favoris-de-lego","tag-mobilisee","tag-moi-idealise","tag-orientee","tag-prendre-des-risques-insenses","tag-probleme-exterieur","tag-raisons-valables","tag-raler","tag-reflechir-aux-bienfaits-de-linaction","tag-reflexion","tag-serieux","tag-sujets-secondaires","tag-temoigner","tag-tiede","tag-tiedeur-de-lame","tag-trajectoire","tag-trois-concepts-redoutables"],"_links":{"self":[{"href":"https:\/\/www.theb4.fr\/vivre-livres\/wp-json\/wp\/v2\/posts\/1742","targetHints":{"allow":["GET"]}}],"collection":[{"href":"https:\/\/www.theb4.fr\/vivre-livres\/wp-json\/wp\/v2\/posts"}],"about":[{"href":"https:\/\/www.theb4.fr\/vivre-livres\/wp-json\/wp\/v2\/types\/post"}],"author":[{"embeddable":true,"href":"https:\/\/www.theb4.fr\/vivre-livres\/wp-json\/wp\/v2\/users\/1"}],"replies":[{"embeddable":true,"href":"https:\/\/www.theb4.fr\/vivre-livres\/wp-json\/wp\/v2\/comments?post=1742"}],"version-history":[{"count":0,"href":"https:\/\/www.theb4.fr\/vivre-livres\/wp-json\/wp\/v2\/posts\/1742\/revisions"}],"wp:attachment":[{"href":"https:\/\/www.theb4.fr\/vivre-livres\/wp-json\/wp\/v2\/media?parent=1742"}],"wp:term":[{"taxonomy":"category","embeddable":true,"href":"https:\/\/www.theb4.fr\/vivre-livres\/wp-json\/wp\/v2\/categories?post=1742"},{"taxonomy":"post_tag","embeddable":true,"href":"https:\/\/www.theb4.fr\/vivre-livres\/wp-json\/wp\/v2\/tags?post=1742"}],"curies":[{"name":"wp","href":"https:\/\/api.w.org\/{rel}","templated":true}]}}