{"id":1839,"date":"2013-07-20T13:09:30","date_gmt":"2013-07-20T12:09:30","guid":{"rendered":"http:\/\/www.theb4.fr\/vivre-livres\/?p=1839"},"modified":"2020-10-19T23:19:35","modified_gmt":"2020-10-19T21:19:35","slug":"etre-enferme-dans-le-monde","status":"publish","type":"post","link":"https:\/\/www.theb4.fr\/vivre-livres\/etre-enferme-dans-le-monde\/","title":{"rendered":"Etre enferm\u00e9 dans le monde"},"content":{"rendered":"<p><span style=\"font-size: xx-large;\"><strong><img loading=\"lazy\" decoding=\"async\" class=\"alignleft wp-image-7542 size-full\" src=\"http:\/\/www.theb4.fr\/vivre-livres\/wp-content\/uploads\/2013\/07\/Je\u0301sus2-1.jpg\" alt=\"\" width=\"199\" height=\"253\" \/>Q<\/strong><\/span>uelques-uns doivent se souvenir de ce verset de la Bible dans lequel J\u00e9sus dit : <em>\u00ab Je suis dans ce monde mais je ne suis pas de ce monde. \u00bb <\/em>Le Ma\u00eetre signifie ainsi que bien que son corps puisse participer de la vie terrestre, son esprit et son c\u0153ur appartiennent quant \u00e0 eux \u00e0 des Mondes de Lumi\u00e8re. Nous pensons tous vivre \u00ab<em>dans le monde<\/em>\u00bb, c&rsquo;est-\u00e0-dire participer d\u2019un monde commun \u00e0 toute l\u2019humanit\u00e9. Rien n\u2019est moins vrai !<\/p>\n<p>&nbsp;<\/p>\n<p>&nbsp;<\/p>\n<p>&nbsp;<\/p>\n<p>&nbsp;<\/p>\n<p><span style=\"font-size: xx-large;\"><strong><img loading=\"lazy\" decoding=\"async\" class=\"alignleft wp-image-1842\" src=\"http:\/\/www.theb4.fr\/vivre-livres\/wp-content\/uploads\/2013\/07\/programme.jpg\" alt=\"programme\" width=\"291\" height=\"171\" \/>B<\/strong><\/span>ien que nous soyons tous dans le m\u00eame monde charnel gr\u00e2ce au corps, et que ce fait unique puisse nous permettre de nous voir, de nous rencontrer, de nous toucher et d\u2019\u00e9changer de bien de fa\u00e7ons, ce que nous vivons et exp\u00e9rimentons sans cesse d\u00e9coule exclusivement de notre \u00e9tat d\u2019esprit g\u00e9n\u00e9ral, c&rsquo;est-\u00e0-dire de <span style=\"color: #0000ff;\"><em>ce qui se trouve d\u00e9j\u00e0 dans notre t\u00eate. <\/em><\/span><\/p>\n<p>Bien sur, nous voyons et entendons tous le m\u00eame camion de pompier passer sur la route, toutes sir\u00e8nes hurlantes, mais nous ne le vivons pas tous de la m\u00eame mani\u00e8re, car chacun de nous <em>l\u2019interpr\u00e8te<\/em> \u00e0 sa fa\u00e7on. A partir d\u2019un m\u00eame \u00e9v\u00e8nement, il y aura donc autant d\u2019exp\u00e9riences individuelles que de t\u00e9moins \u00e0 ce m\u00eame \u00e9v\u00e8nement.<\/p>\n<p>&nbsp;<\/p>\n<p>&nbsp;<\/p>\n<p>&nbsp;<\/p>\n<p><span style=\"font-size: xx-large;\"><strong><img loading=\"lazy\" decoding=\"async\" class=\"alignleft wp-image-1843\" src=\"http:\/\/www.theb4.fr\/vivre-livres\/wp-content\/uploads\/2013\/07\/processus-mentaux41.jpg\" alt=\"processus mentaux4\" width=\"191\" height=\"288\" \/>N<\/strong><\/span>otre v\u00e9cu, tout ce que nous exp\u00e9rimentons jour apr\u00e8s jour, est conditionn\u00e9 par ce qui se trouve dans notre mental. Le <em>rendu<\/em>, c&rsquo;est-\u00e0-dire ce que nous croiront ensuite avoir compris, appris ou v\u00e9cu, d\u00e9pendra exclusivement de nos propres limites intellectuelles et mentales.<\/p>\n<p>Ajoutons que certaines \u00e9motions peuvent largement d\u00e9teindre sur une exp\u00e9rience v\u00e9cue et en fausser le v\u00e9ritable contenu, et donc, le b\u00e9n\u00e9fice ult\u00e9rieur pour nous. Il est dit que <em>\u00ab <strong>Nous vivons ce que nous pensons<\/strong> \u00bb<\/em> et aussi, que <em>\u00ab <strong>Nous vivons toujours le contenu formel de nos<\/strong><\/em><strong> pens\u00e9es<\/strong><strong>. <\/strong>\u00bb (<em>Shiva Sutra<\/em>)<\/p>\n<p>&nbsp;<\/p>\n<p>&nbsp;<\/p>\n<p>&nbsp;<\/p>\n<p><span style=\"font-size: xx-large;\"><strong><img loading=\"lazy\" decoding=\"async\" class=\"alignleft wp-image-7543 size-full\" src=\"http:\/\/www.theb4.fr\/vivre-livres\/wp-content\/uploads\/2013\/07\/subconscient-te\u0302te-1.jpg\" alt=\"\" width=\"184\" height=\"200\" \/>E<\/strong><\/span>n somme, puisque notre v\u00e9cu et l\u2019exp\u00e9rience vivante et consciente qui en d\u00e9coule, sont tous deux <span style=\"color: #0000ff;\"><strong><em>conditionn\u00e9s<\/em><\/strong><\/span> par nos processus mentaux.<\/p>\n<p>Partant, nous pourrions tout aussi bien dire que nous ne pouvons vivre et exp\u00e9rimenter que <span style=\"color: #800000;\"><em>ce qui se trouve d\u00e9j\u00e0 dans notre t\u00eate et \u00e0 l\u2019int\u00e9rieur de notre mental !<\/em><\/span> Autant dire que <span style=\"color: #ff6600;\"><strong><em>si nous ne changeons pas de contenu mental, nous reproduirons sans cesse les m\u00eames exp\u00e9riences, commettrons les m\u00eames erreurs et devrons nous limiter aux m\u00eames r\u00e9ussites !<\/em><\/strong><\/span><\/p>\n<p>&nbsp;<\/p>\n<p>&nbsp;<\/p>\n<p>&nbsp;<\/p>\n<p>&nbsp;<\/p>\n<p><span style=\"font-size: xx-large;\"><strong><img loading=\"lazy\" decoding=\"async\" class=\"alignleft size-full wp-image-1845\" src=\"http:\/\/www.theb4.fr\/vivre-livres\/wp-content\/uploads\/2013\/07\/ordinateur.jpg\" alt=\"ordinateur\" width=\"204\" height=\"204\" srcset=\"https:\/\/www.theb4.fr\/vivre-livres\/wp-content\/uploads\/2013\/07\/ordinateur.jpg 160w, https:\/\/www.theb4.fr\/vivre-livres\/wp-content\/uploads\/2013\/07\/ordinateur-150x150.jpg 150w\" sizes=\"auto, (max-width: 204px) 100vw, 204px\" \/>C<\/strong><\/span>omparons un moment notre <em>mat\u00e9riel mental<\/em> avec un ordinateur. Le contenu de l\u2019ordinateur ne variera pas aussi longtemps que celui qui l\u2019emploi n\u2019effacera pas certains programmes et n\u2019en rajoutera pas d\u2019autres. A chaque fois que vous allumez votre ordinateur, vous ne pouvez pas vous attendre \u00e0 y trouver des programmes nouveaux, n\u2019est-ce pas ? Et \u00e0 un moment donn\u00e9, le contenu de votre disque dur d\u2019ordinateur vous donnera la mesure exacte de votre \u00ab<em>champs de conscience<\/em>\u00bb et des capacit\u00e9s qui s\u2019y rapportent.<\/p>\n<p>Alors nous pourrions tout aussi bien prendre exemple sur le Ma\u00eetre J\u00e9sus et participer activement \u00e0 la vie de ce monde <em>sans pour autant en faire partie.<\/em><\/p>\n<p>&nbsp;<\/p>\n<p>&nbsp;<\/p>\n<p>&nbsp;<\/p>\n<p><span style=\"font-size: xx-large;\"><strong><img loading=\"lazy\" decoding=\"async\" class=\"alignleft size-full wp-image-7544\" src=\"http:\/\/www.theb4.fr\/vivre-livres\/wp-content\/uploads\/2013\/07\/Soi-me\u0302me-1.jpg\" alt=\"\" width=\"259\" height=\"194\" \/>E<\/strong><\/span>ntendez par l\u00e0 que tandis que notre corps participe \u00e0 la vie sociale, notre v\u00e9ritable <em>Essence Spirituelle<\/em> (Soi) continue de vibrer sur une fr\u00e9quence qui est la sienne propre ainsi que celle de tous les \u00eatres illumin\u00e9s de l\u2019univers.<\/p>\n<p>Mais avant ceci, il faut examiner une double probl\u00e9matique : Comment faire pour ne plus appartenir corps et \u00e2me \u00e0 ce monde ? Comment faire pour changer de monde et partager celui des Anges et des dieux ?<\/p>\n<p>&nbsp;<\/p>\n<p>&nbsp;<\/p>\n<p>&nbsp;<\/p>\n<p>&nbsp;<\/p>\n<p><span style=\"font-size: xx-large;\"><strong><img loading=\"lazy\" decoding=\"async\" class=\"alignleft wp-image-1847\" src=\"http:\/\/www.theb4.fr\/vivre-livres\/wp-content\/uploads\/2013\/07\/Mondes.jpg\" alt=\"Mondes\" width=\"283\" height=\"226\" \/>A<\/strong><\/span>van\u00e7ons logiquement et sans paniquer ! Tout d\u2019abord, qu\u2019est-ce qu\u2019un \u00abMonde\u00bb ? C\u2019est un \u00e9tat d\u2019esprit g\u00e9n\u00e9ral qui est partag\u00e9 par des milliers voire des millions de personnes. Toutes ces personnes pensent de concert et forment ainsi \u00abun monde spirituel\u00bb, c&rsquo;est-\u00e0-dire un espace conscient collectif dans lequel il est possible de se comprendre et de ressentir les m\u00eames \u00e9motions.<\/p>\n<p>&nbsp;<\/p>\n<p>&nbsp;<\/p>\n<p>&nbsp;<\/p>\n<p><span style=\"font-size: 24pt;\"><strong>S<\/strong><\/span>ur cette plan\u00e8te, il existe plusieurs \u00abmondes\u00bb qui cohabitent plus ou moins car <img loading=\"lazy\" decoding=\"async\" class=\"alignright wp-image-1848\" src=\"http:\/\/www.theb4.fr\/vivre-livres\/wp-content\/uploads\/2013\/07\/Mondes2.jpg\" alt=\"Mondes2\" width=\"207\" height=\"155\" \/>certains ignorent totalement les autres tandis que quelques-uns ont espoir de d\u00e9truire quelques autres ! L\u2019un des mondes le plus \u00abpeupl\u00e9s\u00bb est bien entendu ce que je vais appeler ici <em>\u00able monde de la facilit\u00e9\u00bb<\/em> (et je suis poli, n\u2019est-ce pas)<\/p>\n<p>&nbsp;<\/p>\n<p>&nbsp;<\/p>\n<p>&nbsp;<\/p>\n<p>&nbsp;<\/p>\n<p><span style=\"font-size: xx-large;\"><strong><img loading=\"lazy\" decoding=\"async\" class=\"alignleft wp-image-1849\" src=\"http:\/\/www.theb4.fr\/vivre-livres\/wp-content\/uploads\/2013\/07\/Monde-social.jpg\" alt=\"Monde social\" width=\"289\" height=\"171\" \/>D<\/strong><\/span>ans ce monde l\u00e0 habitent toutes celles et tous ceux qui ont <em>peur de s\u2019assumer<\/em>, d\u2019exister seuls et par leurs propres moyens et qui seraient terrifi\u00e9s si on venait brusquement \u00e0 les trouver\u2026 \u00ab<em>Diff\u00e9rents<\/em>\u00bb ! Vous aurez compris qu\u2019il s\u2019agit l\u00e0 du monde social usuel et bien pensant, rassurant jusqu\u2019aux chaussettes et totalement soporifique pour la <em>Conscience Int\u00e9rieure<\/em> (<em>Soi<\/em>)<\/p>\n<p>Commen\u00e7ons par r\u00e9pondre \u00e0 la premi\u00e8re question de la double probl\u00e9matique \u00e9voqu\u00e9e plus haut : Comment faire pour ne plus appartenir corps et \u00e2me \u00e0 ce monde ? La r\u00e9ponse pourrait sembler \u00e9vidente :<\/p>\n<p><span style=\"color: #800080;\"><em>\u00abEn ne pensant plus de la m\u00eame fa\u00e7on !\u00bb<\/em><\/span><\/p>\n<p>&nbsp;<\/p>\n<p>&nbsp;<\/p>\n<p>&nbsp;<\/p>\n<p><img loading=\"lazy\" decoding=\"async\" class=\"alignleft wp-image-1850\" src=\"http:\/\/www.theb4.fr\/vivre-livres\/wp-content\/uploads\/2013\/07\/mettre-en-application.jpg\" alt=\"mettre en application\" width=\"349\" height=\"117\" srcset=\"https:\/\/www.theb4.fr\/vivre-livres\/wp-content\/uploads\/2013\/07\/mettre-en-application.jpg 388w, https:\/\/www.theb4.fr\/vivre-livres\/wp-content\/uploads\/2013\/07\/mettre-en-application-300x100.jpg 300w\" sizes=\"auto, (max-width: 349px) 100vw, 349px\" \/><span style=\"font-size: xx-large;\"><strong>C<\/strong><\/span>ertes ! Mais entre le dire et le mettre en application, il y a tout de m\u00eame un pas \u00e0 franchir qui co\u00fbtera quelques menus efforts. Ces efforts, afin de ne pas s\u2019\u00e9parpiller (se disperser mentalement), consisteront \u00e0 observer tranquillement les autres, <em>ceux qui pensent comme nous<\/em>, ceci afin d\u2019apprendre \u00e0 ne plus penser\u2026 Comme eux !<\/p>\n<p>La m\u00e9thode est ludique en plus d\u2019\u00eatre essentiellement pratique, car il n\u2019est pas ais\u00e9 de pouvoir s\u2019observer soi-m\u00eame sans a priori et avec ce recul n\u00e9cessaire \u00e0 une vision la plus objective qui soit. En observant les gens vivre et r\u00e9agir, parler et se taire, nous retrouvons le chemin de notre propre fa\u00e7on de penser et r\u00e9alisons, <strong><em>\u00e0 quel point nous pouvons tous \u00eatre semblables, du moins en esprit.<\/em><\/strong><\/p>\n<p>&nbsp;<\/p>\n<p>&nbsp;<\/p>\n<p>&nbsp;<\/p>\n<p>&nbsp;<\/p>\n<p><img loading=\"lazy\" decoding=\"async\" class=\"alignleft wp-image-1851\" src=\"http:\/\/www.theb4.fr\/vivre-livres\/wp-content\/uploads\/2013\/07\/Un-autre-regard-sur-le-monde.jpg\" alt=\"Un autre regard sur le monde\" width=\"201\" height=\"161\" \/><span style=\"font-size: xx-large;\"><strong>U<\/strong><\/span>ne fois la <em>\u00abmauvaise fa\u00e7on de penser\u00bb<\/em> d\u00e9couverte et d\u00e9nonc\u00e9e, il nous reste \u00e0 mettre en place <strong><em>le nouveau paradigme<\/em><\/strong>, le nouveau monde ! A ce point, on pourrait fort bien imaginer que c\u2019est l\u00e0 que le b\u00e2t blesse\u2026 En effet, si nous avons eu tout loisir d\u2019observer \u00ab<em>ceux qui pensent comme nous<\/em>\u00bb, comment ferons-nous pour observer \u00ab<em>ceux qui ne pensent pas comme nous<\/em>\u00bb ?<br \/>\nQue savons-nous, au juste des gens qui diff\u00e8rent \u00e0 ce point de notre \u00e9tat d\u2019esprit actuel qu\u2019ils en deviennent \u00ab<em>invisibles \u00e0 nos yeux<\/em>\u00bb ? (incompr\u00e9hensibles.)<\/p>\n<p>&nbsp;<\/p>\n<p>&nbsp;<\/p>\n<p>&nbsp;<\/p>\n<p>&nbsp;<\/p>\n<p><img loading=\"lazy\" decoding=\"async\" class=\"alignleft wp-image-1852\" src=\"http:\/\/www.theb4.fr\/vivre-livres\/wp-content\/uploads\/2013\/07\/Correspondance.jpg\" alt=\"Correspondance\" width=\"180\" height=\"180\" srcset=\"https:\/\/www.theb4.fr\/vivre-livres\/wp-content\/uploads\/2013\/07\/Correspondance.jpg 225w, https:\/\/www.theb4.fr\/vivre-livres\/wp-content\/uploads\/2013\/07\/Correspondance-150x150.jpg 150w\" sizes=\"auto, (max-width: 180px) 100vw, 180px\" \/><span style=\"font-size: xx-large;\"><strong>C<\/strong><\/span>\u2019est ici qu\u2019une Loi spirituelle va nous devenir fort utile et nous apporter un concourt sans lequel notre action pourrait tr\u00e8s certainement \u00eatre vou\u00e9e \u00e0 l\u2019\u00e9chec. Cette Loi implique que selon notre \u00e9tat d\u2019esprit \u00ab<em>noyau dur<\/em>\u00bb, nous attirons immanquablement \u00e0 nous toutes formes mentales et germes de pens\u00e9es probables qui <strong>CORRESPONDENT<\/strong> \u00e0 ce noyau spirituel. Qu\u2019est-ce que ce <em>noyau spirituel<\/em> ? Il repr\u00e9sente notre volont\u00e9 individuelle de penser comme ceci plut\u00f4t que comme cela. C\u2019est en somme le majordome de tous les \u00e9tats d\u2019esprit probables. Or, que ce passe-t-il tandis que nous d\u00e9sirons penser autrement ? Notre noyau spirituel se d\u00e9polarise et devient \u00ab<em>open<\/em>\u00bb ! Forc\u00e9ment, il repr\u00e9sente la volont\u00e9 de penser <em>autrement<\/em>, mais aussi <em>l\u2019ignorance m\u00eame de cet autrement<\/em> <em>!<\/em><\/p>\n<p>&nbsp;<\/p>\n<p>&nbsp;<\/p>\n<p>&nbsp;<\/p>\n<p><span style=\"font-size: xx-large;\"><strong><img loading=\"lazy\" decoding=\"async\" class=\"alignleft size-full wp-image-1853\" src=\"http:\/\/www.theb4.fr\/vivre-livres\/wp-content\/uploads\/2013\/07\/changer-transformer8.jpg\" alt=\"changer-transformer8\" width=\"289\" height=\"192\" srcset=\"https:\/\/www.theb4.fr\/vivre-livres\/wp-content\/uploads\/2013\/07\/changer-transformer8.jpg 220w, https:\/\/www.theb4.fr\/vivre-livres\/wp-content\/uploads\/2013\/07\/changer-transformer8-150x100.jpg 150w\" sizes=\"auto, (max-width: 289px) 100vw, 289px\" \/>D<\/strong><\/span>u coup, une foule de pens\u00e9es nouvelles et enrichissantes se proposent \u00e0 ce noyau dur, un peu comme lors d\u2019une audition pour \u00ab<em>la nouvelle star<\/em>\u00bb ! Et c\u2019est \u00e0 partir de ce noyau spirituel, c&rsquo;est-\u00e0-dire de <strong><em>notre volont\u00e9 de changer de monde,<\/em><\/strong> que toutes ces auditions seront pass\u00e9es ! Et attendu que l\u2019id\u00e9e premi\u00e8re est de nous am\u00e9liorer, c\u2019est surtout des chants novateur et bien plus beaux qui ont le droit et le pouvoir d\u2019arriver pr\u00e8s de notre noyau spirituel pour une audition d\u2019essai.<\/p>\n<p>&nbsp;<\/p>\n<p>&nbsp;<\/p>\n<p>&nbsp;<\/p>\n<p><strong><em>Serge Baccino<br \/>\n<\/em><\/strong><\/p>\n<p><a href=\"http:\/\/creativecommons.org\/licenses\/by-nc-nd\/3.0\/deed.fr\" rel=\"license\"><img decoding=\"async\" style=\"border-width: 0;\" src=\"http:\/\/i.creativecommons.org\/l\/by-nc-nd\/3.0\/88x31.png\" alt=\"Licence Creative Commons\" \/><\/a><br \/>\n(Note : Sauf pour les images, trouv\u00e9es sur le Web et r\u00e9put\u00e9es libres et gratuites)<\/p>\n","protected":false},"excerpt":{"rendered":"<p>Quelques-uns doivent se souvenir de ce verset de la Bible dans lequel J\u00e9sus dit : \u00ab Je suis dans ce monde mais je ne suis pas de ce monde. \u00bb Le Ma\u00eetre signifie ainsi que bien que son corps puisse participer de la vie terrestre, son esprit et son c\u0153ur appartiennent quant \u00e0 eux \u00e0 &hellip; <a href=\"https:\/\/www.theb4.fr\/vivre-livres\/etre-enferme-dans-le-monde\/\" class=\"more-link\">Continuer la lecture de <span class=\"screen-reader-text\">Etre enferm\u00e9 dans le monde<\/span>  <span class=\"meta-nav\">&rarr;<\/span><\/a><\/p>\n","protected":false},"author":1,"featured_media":0,"comment_status":"open","ping_status":"open","sticky":false,"template":"","format":"standard","meta":{"footnotes":""},"categories":[3],"tags":[8880,8836,8867,8863,8846,7378,8843,8878,138,8856,2716,8864,8833,8837,8869,8868,8834,8841,8877,8873,8859,8860,8875,8872,8845,2789,8143,8871,8857,8866,8849,8838,6678,8865,8861,8835,1229,8862,8851,8848,8876,8844,8842,8839,8840,8879,3225,8847,8874,3877,8858,826,1446,8855,2900,1937,8854,8852,8853,8850,8870],"class_list":["post-1839","post","type-post","status-publish","format-standard","hentry","category-artcl","tag-audition-dessai","tag-ce-qui-se-trouve-deja-dans-notre-tete","tag-ceux-qui-ne-pensent-pas-comme-nous","tag-ceux-qui-pensent-comme-nous","tag-champs-de-conscience","tag-changer-de-monde","tag-contenu-mental","tag-des-chants-novateur-et-bien-plus-beaux","tag-emotions","tag-espoir-de-detruire","tag-essence-spirituelle","tag-essentiellement-pratique","tag-etre-enferme-dans-le-monde","tag-experiences-individuelles","tag-incomprehensibles","tag-invisibles-a-nos-yeux","tag-je-suis-dans-ce-monde-mais-je-ne-suis-pas-de-ce-monde","tag-lexperience-vivante-et-consciente","tag-lidee-premiere-est-de-nous-ameliorer","tag-lignorance-meme-de-cet-autrement","tag-la-conscience-interieure","tag-la-double-problematique","tag-la-nouvelle-star","tag-la-volonte-de-penser-autrement","tag-le-contenu-de-votre-disque-dur","tag-le-maitre","tag-le-maitre-jesus","tag-le-majordome-de-tous-les-etats-desprit","tag-le-monde-de-la-facilite","tag-le-nouveau-paradigme","tag-les-etres-illumines-de-lunivers","tag-limites-intellectuelles-et-mentales","tag-materiel-mental","tag-mauvaise-facon-de-penser","tag-mettre-en-application","tag-monde-charnel","tag-mondes-de-lumiere","tag-ne-pas-separpiller","tag-ne-plus-appartenir-corps-et-ame-a-ce-monde","tag-notre-corps-participe-a-la-vie-sociale","tag-notre-volonte-de-changer-de-monde","tag-nous-limiter-aux-memes-reussites","tag-nous-ne-pouvons-vivre-et-experimenter-que-ce-qui-se-trouve-deja-dans-notre-tete-et-a-linterieur-de-notre-mental","tag-nous-vivons-ce-que-nous-pensons","tag-nous-vivons-toujours-le-contenu-formel-de-nos-pensees","tag-noyau-spirituel","tag-partager","tag-participer-activement-a-la-vie-de-ce-monde-sans-pour-autant-en-faire-partie","tag-pensees-nouvelles-et-enrichissantes","tag-penser-autrement","tag-peur-de-sassumer","tag-processus-mentaux","tag-programmes","tag-se-comprendre-et-de-ressentir-les-memes-emotions","tag-shiva-sutra","tag-soi","tag-un-espace-conscient-collectif","tag-un-etat-desprit-general","tag-un-monde-spirituel","tag-une-double-problematique","tag-une-loi-cosmique"],"_links":{"self":[{"href":"https:\/\/www.theb4.fr\/vivre-livres\/wp-json\/wp\/v2\/posts\/1839","targetHints":{"allow":["GET"]}}],"collection":[{"href":"https:\/\/www.theb4.fr\/vivre-livres\/wp-json\/wp\/v2\/posts"}],"about":[{"href":"https:\/\/www.theb4.fr\/vivre-livres\/wp-json\/wp\/v2\/types\/post"}],"author":[{"embeddable":true,"href":"https:\/\/www.theb4.fr\/vivre-livres\/wp-json\/wp\/v2\/users\/1"}],"replies":[{"embeddable":true,"href":"https:\/\/www.theb4.fr\/vivre-livres\/wp-json\/wp\/v2\/comments?post=1839"}],"version-history":[{"count":0,"href":"https:\/\/www.theb4.fr\/vivre-livres\/wp-json\/wp\/v2\/posts\/1839\/revisions"}],"wp:attachment":[{"href":"https:\/\/www.theb4.fr\/vivre-livres\/wp-json\/wp\/v2\/media?parent=1839"}],"wp:term":[{"taxonomy":"category","embeddable":true,"href":"https:\/\/www.theb4.fr\/vivre-livres\/wp-json\/wp\/v2\/categories?post=1839"},{"taxonomy":"post_tag","embeddable":true,"href":"https:\/\/www.theb4.fr\/vivre-livres\/wp-json\/wp\/v2\/tags?post=1839"}],"curies":[{"name":"wp","href":"https:\/\/api.w.org\/{rel}","templated":true}]}}