{"id":1890,"date":"2013-07-21T00:00:29","date_gmt":"2013-07-20T23:00:29","guid":{"rendered":"http:\/\/www.theb4.fr\/vivre-livres\/?p=1890"},"modified":"2013-07-21T00:00:29","modified_gmt":"2013-07-20T23:00:29","slug":"sur-le-sommeil-extraits-citations","status":"publish","type":"post","link":"https:\/\/www.theb4.fr\/vivre-livres\/sur-le-sommeil-extraits-citations\/","title":{"rendered":"Sur le sommeil (extraits -citations)"},"content":{"rendered":"<p><span style=\"font-size: small;\"><span style=\"font-size: xx-large;\"><strong><em>V<\/em><\/strong><\/span>oici un int\u00e9ressant texte de <span style=\"color: #0000ff;\"><em><strong>P.D. Ouspensky<\/strong><\/em><\/span>, que connaissent peut-\u00eatre certains lecteurs, habitu\u00e9s aux ouvrages occultes de la fin du 19e et du d\u00e9but du 20e si\u00e8cle. Observez de quelle mani\u00e8re l&rsquo;auteur \u00e9tonne le lecteur par sa fa\u00e7on d&rsquo;affirmer que la vie de l&rsquo;homme se passe <em>\u00ab\u00a0dans le sommeil\u00a0\u00bb<\/em> et non dans l&rsquo;\u00e9tat de conscience <em>objective<\/em>, qu&rsquo;il place lui-m\u00eame \u00e0 un tr\u00e8s haut niveau d&rsquo;\u00e9veil spirituel&#8230;<\/span><\/p>\n<p>&nbsp;<\/p>\n<p>_____________<\/p>\n<p>&nbsp;<\/p>\n<p>&nbsp;<\/p>\n<p><img loading=\"lazy\" decoding=\"async\" class=\"alignleft  wp-image-1891\" alt=\"Ouspensky\" src=\"http:\/\/www.theb4.fr\/vivre-livres\/wp-content\/uploads\/2013\/07\/Ouspensky.jpg\" width=\"146\" height=\"221\" \/>\u00ab<strong><span style=\"font-size: xx-large;\">E<\/span><\/strong>n r\u00e8gle g\u00e9n\u00e9rale, l&rsquo;homme peut conna\u00eetre quatre \u00e9tats de conscience. Ce sont : le sommeil, l&rsquo;\u00e9tat de veille, la conscience de soi et la conscience objective. Mais, bien qu&rsquo;il ait la possibilit\u00e9 de vivre ces quatre \u00e9tats de conscience, il ne vit, de fait, que deux d&rsquo;entre eux : une partie de sa vie se passe dans le sommeil et l&rsquo;autre dans ce que l&rsquo;on appelle &lsquo;l&rsquo;\u00e9tat de veille&rsquo;, quoique en r\u00e9alit\u00e9 son \u00e9tat de veille diff\u00e8re tr\u00e8s peu du sommeil.\u00a0 <span style=\"font-size: 13.3333px;\">[\u2026]<\/span><\/p>\n<p><span style=\"font-size: 13.3333px;\"><br \/>\n<\/span><\/p>\n<p>&nbsp;<\/p>\n<p>&nbsp;<\/p>\n<p><span style=\"font-size: xx-large;\"><strong><img loading=\"lazy\" decoding=\"async\" class=\"alignleft size-full wp-image-1892\" alt=\"Ouspensky2\" src=\"http:\/\/www.theb4.fr\/vivre-livres\/wp-content\/uploads\/2013\/07\/Ouspensky2.jpg\" width=\"180\" height=\"203\" \/>I<\/strong><\/span>l est n\u00e9cessaire ici de comprendre que le premier \u00e9tat de conscience &#8211; le sommeil &#8211; ne se dissipe pas quand appara\u00eet le second, c&rsquo;est-\u00e0-dire lorsque l&rsquo;homme s&rsquo;\u00e9veille. Le sommeil demeure pr\u00e9sent avec tous ses r\u00eaves et ses impressions, s&rsquo;y ajoute simplement une attitude plus critique envers ses propres impressions, des pens\u00e9es mieux coordonn\u00e9es et des actions plus disciplin\u00e9es. \u00c0 cause de la vivacit\u00e9 des impressions sensorielles, des d\u00e9sirs et des sentiments &#8211; en particulier le sentiment de contradiction ou d&rsquo;impossibilit\u00e9, enti\u00e8rement absents au cours du sommeil &#8211; les r\u00eaves deviennent alors invisibles, de la m\u00eame mani\u00e8re que sous l&rsquo;\u00e9clat du soleil, les \u00e9toiles et la lune p\u00e2lissent.<\/p>\n<p>Mais les r\u00eaves sont toujours pr\u00e9sents et exercent souvent, sur l&rsquo;ensemble de nos pens\u00e9es, de nos sentiments et de nos actes, une influence dont la force d\u00e9passe m\u00eame parfois les impressions r\u00e9elles du moment.<\/p>\n<p>&nbsp;<\/p>\n<p>&nbsp;<\/p>\n<p>[\u2026]<br \/>\n<img loading=\"lazy\" decoding=\"async\" class=\"alignleft size-full wp-image-1893\" alt=\"Ouspensky3\" src=\"http:\/\/www.theb4.fr\/vivre-livres\/wp-content\/uploads\/2013\/07\/Ouspensky3.jpg\" width=\"160\" height=\"159\" srcset=\"https:\/\/www.theb4.fr\/vivre-livres\/wp-content\/uploads\/2013\/07\/Ouspensky3.jpg 160w, https:\/\/www.theb4.fr\/vivre-livres\/wp-content\/uploads\/2013\/07\/Ouspensky3-150x150.jpg 150w\" sizes=\"auto, (max-width: 160px) 100vw, 160px\" \/><span style=\"font-size: xx-large;\"><strong>L<\/strong><\/span>e premier, ai-je dit, est un \u00e9tat purement subjectif. Le second l&rsquo;est moins; d\u00e9j\u00e0 l&rsquo;homme y distingue le &lsquo;moi&rsquo; et le &lsquo;non-moi&rsquo;, c&rsquo;est-\u00e0-dire son corps et les objets distincts de son corps et il peut, dans une certaine mesure, s&rsquo;orienter parmi eux et conna\u00eetre leurs positions et qualit\u00e9s. Mais, dans cet \u00e9tat, on ne peut pas vraiment dire que l&rsquo;homme soit \u00e9veill\u00e9, parce qu&rsquo;il reste fortement influenc\u00e9 par les r\u00eaves et qu&rsquo;en fait il vit davantage dans les r\u00eaves que dans la r\u00e9alit\u00e9. Toutes les absurdit\u00e9s et contradictions des hommes et de la vie humaine en g\u00e9n\u00e9ral s&rsquo;expliquent lorsque nous r\u00e9alisons que les gens vivent dans le sommeil, agissent en tout dans le sommeil et pourtant ignorent qu&rsquo;ils sont endormis.<\/p>\n<p>&nbsp;<\/p>\n<p>&nbsp;<\/p>\n<p><span style=\"font-size: xx-large;\"><strong><img loading=\"lazy\" decoding=\"async\" class=\"alignleft  wp-image-1894\" alt=\"Ouspensky4\" src=\"http:\/\/www.theb4.fr\/vivre-livres\/wp-content\/uploads\/2013\/07\/Ouspensky4.jpg\" width=\"128\" height=\"192\" \/>I<\/strong><\/span>l est utile de se rappeler que tel est bien le sens int\u00e9rieur de nombreux enseignements anciens. Celui qui nous est le plus proche est le christianisme ou l&rsquo;enseignement des \u00e9vangiles, selon lequel la compr\u00e9hension de la vie humaine se base sur l&rsquo;id\u00e9e que les hommes vivent dans le sommeil et doivent avant tout s&rsquo;\u00e9veiller. Cette id\u00e9e est tr\u00e8s rarement comprise comme elle le devrait, en l&rsquo;occurrence : au pied de la lettre. \u00bb<\/p>\n<p>&nbsp;<\/p>\n<p>&nbsp;<\/p>\n<p><em><strong>(Tir\u00e9 des 5 conf\u00e9rences de 1934-1940)<\/strong><\/em><\/p>\n<p>&nbsp;<\/p>\n<p><em><strong>&#8212;<\/strong><\/em><\/p>\n<p><em><strong><br \/>\n<\/strong><\/em><\/p>\n","protected":false},"excerpt":{"rendered":"<p>Voici un int\u00e9ressant texte de P.D. Ouspensky, que connaissent peut-\u00eatre certains lecteurs, habitu\u00e9s aux ouvrages occultes de la fin du 19e et du d\u00e9but du 20e si\u00e8cle. Observez de quelle mani\u00e8re l&rsquo;auteur \u00e9tonne le lecteur par sa fa\u00e7on d&rsquo;affirmer que la vie de l&rsquo;homme se passe \u00ab\u00a0dans le sommeil\u00a0\u00bb et non dans l&rsquo;\u00e9tat de conscience &hellip; <a href=\"https:\/\/www.theb4.fr\/vivre-livres\/sur-le-sommeil-extraits-citations\/\" class=\"more-link\">Continuer la lecture de <span class=\"screen-reader-text\">Sur le sommeil (extraits -citations)<\/span>  <span class=\"meta-nav\">&rarr;<\/span><\/a><\/p>\n","protected":false},"author":1,"featured_media":0,"comment_status":"open","ping_status":"open","sticky":false,"template":"","format":"standard","meta":{"footnotes":""},"categories":[2493],"tags":[],"class_list":["post-1890","post","type-post","status-publish","format-standard","hentry","category-ce-quils-ont-dit"],"_links":{"self":[{"href":"https:\/\/www.theb4.fr\/vivre-livres\/wp-json\/wp\/v2\/posts\/1890","targetHints":{"allow":["GET"]}}],"collection":[{"href":"https:\/\/www.theb4.fr\/vivre-livres\/wp-json\/wp\/v2\/posts"}],"about":[{"href":"https:\/\/www.theb4.fr\/vivre-livres\/wp-json\/wp\/v2\/types\/post"}],"author":[{"embeddable":true,"href":"https:\/\/www.theb4.fr\/vivre-livres\/wp-json\/wp\/v2\/users\/1"}],"replies":[{"embeddable":true,"href":"https:\/\/www.theb4.fr\/vivre-livres\/wp-json\/wp\/v2\/comments?post=1890"}],"version-history":[{"count":0,"href":"https:\/\/www.theb4.fr\/vivre-livres\/wp-json\/wp\/v2\/posts\/1890\/revisions"}],"wp:attachment":[{"href":"https:\/\/www.theb4.fr\/vivre-livres\/wp-json\/wp\/v2\/media?parent=1890"}],"wp:term":[{"taxonomy":"category","embeddable":true,"href":"https:\/\/www.theb4.fr\/vivre-livres\/wp-json\/wp\/v2\/categories?post=1890"},{"taxonomy":"post_tag","embeddable":true,"href":"https:\/\/www.theb4.fr\/vivre-livres\/wp-json\/wp\/v2\/tags?post=1890"}],"curies":[{"name":"wp","href":"https:\/\/api.w.org\/{rel}","templated":true}]}}