{"id":1988,"date":"2013-07-23T15:14:23","date_gmt":"2013-07-23T14:14:23","guid":{"rendered":"http:\/\/www.theb4.fr\/vivre-livres\/?p=1988"},"modified":"2020-10-30T01:34:38","modified_gmt":"2020-10-29T23:34:38","slug":"mal-vivre-la-lumiere","status":"publish","type":"post","link":"https:\/\/www.theb4.fr\/vivre-livres\/mal-vivre-la-lumiere\/","title":{"rendered":"Mal vivre la Lumi\u00e8re"},"content":{"rendered":"<p><span style=\"font-size: xx-large;\"><strong><img loading=\"lazy\" decoding=\"async\" class=\"alignleft size-full wp-image-7626\" src=\"http:\/\/www.theb4.fr\/vivre-livres\/wp-content\/uploads\/2013\/07\/diffe\u0301rence5-1.jpg\" alt=\"\" width=\"243\" height=\"207\" \/>A<\/strong><\/span>ussi bizarre que cela puisse para\u00eetre, il existe de nos jours des hommes et des femmes qui se sentent mal \u00e0 l&rsquo;aise \u00e0 l&rsquo;id\u00e9e de leur diff\u00e9rence et de tout ce que cela impliquerait de vivre selon cette m\u00eame diff\u00e9rence. Mais quelle diff\u00e9rence, me direz-vous ? La diff\u00e9rence qui existe entre eux et tous ceux qui sont moins \u00e9volu\u00e9s qu&rsquo;eux ! <em>What ?!<\/em> Vous exclamerez-vous, sans r\u00e9aliser que sous l&rsquo;indignation, vous venez de causer anglais&#8230; Vous avez bien lu.<\/p>\n<p>&nbsp;<\/p>\n<p>&nbsp;<\/p>\n<p>&nbsp;<\/p>\n<p><span style=\"font-size: xx-large;\"><strong><img loading=\"lazy\" decoding=\"async\" class=\"alignleft wp-image-1990\" src=\"http:\/\/www.theb4.fr\/vivre-livres\/wp-content\/uploads\/2013\/07\/assumer-sa-grandeur.jpg\" alt=\"assumer sa grandeur\" width=\"300\" height=\"226\" \/>C<\/strong><\/span>&lsquo;est cela qui est bizarre : <strong><em>cette difficult\u00e9 qu&rsquo;ont certaines \u00e2mes \u00e0 assumer leur grandeur<\/em><\/strong>. Et je choisis mes termes, oui, merci !<br \/>\nS&rsquo;il est vrai qu&rsquo;on rencontre quelques fois des \u00eatres vides, creux et p\u00e9tris d&rsquo;une vanit\u00e9 qui, comme son nom l&rsquo;indique, ne repose sur rien de fond\u00e9, <em>il est tout aussi vrai<\/em> (<em>\u00ab\u00a0Tout est double\u00a0\u00bb<\/em>) que l&rsquo;on peut rencontrer des gens qui ne savent plus comment faire pour se <em>\u00ab\u00a0noyer dans la masse\u00a0\u00bb<\/em> et se faire oublier dans un trou de souris.<\/p>\n<p>&nbsp;<\/p>\n<p>&nbsp;<\/p>\n<p>&nbsp;<\/p>\n<p><span style=\"font-size: xx-large;\"><strong> <img loading=\"lazy\" decoding=\"async\" class=\"alignleft wp-image-1991\" src=\"http:\/\/www.theb4.fr\/vivre-livres\/wp-content\/uploads\/2013\/07\/avance-spirituelle.jpg\" alt=\"avance spirituelle\" width=\"234\" height=\"292\" \/>I<\/strong><\/span>ls vivent tr\u00e8s mal leur Lumi\u00e8re et consid\u00e8rent leur avance spirituelle comme une v\u00e9ritable tare. Si vous \u00eates dans ce cas, vous devriez savoir parler de ces choses bien mieux que moi, n&rsquo;est-ce pas ? Et si vous \u00eates dans le cas inverse, vous devriez pouvoir r\u00e9agir fortement \u00e0 mes propos, sans r\u00e9aliser que la \u00ab\u00a0<em>verdeur<\/em>\u00a0\u00bb de votre r\u00e9action ne pourra qu&rsquo;ent\u00e9riner plus encore mes p\u00e9remptoires affirmations. Donc, \u00e0 vous de me montrer, dans les deux cas, que&#8230; <em>J&rsquo;ai raison !<\/em><\/p>\n<p>&nbsp;<\/p>\n<p>&nbsp;<\/p>\n<p>&nbsp;<\/p>\n<p><em><strong>Serge Baccino<br \/>\n<\/strong><\/em><\/p>\n<p><a href=\"http:\/\/creativecommons.org\/licenses\/by-nc-nd\/3.0\/deed.fr\" rel=\"license\"><img decoding=\"async\" style=\"border-width: 0;\" src=\"http:\/\/i.creativecommons.org\/l\/by-nc-nd\/3.0\/88x31.png\" alt=\"Licence Creative Commons\" \/><\/a><br \/>\n(Note : Sauf pour les images, trouv\u00e9es sur le Web et r\u00e9put\u00e9es libres et gratuites)<\/p>\n","protected":false},"excerpt":{"rendered":"<p>Aussi bizarre que cela puisse para\u00eetre, il existe de nos jours des hommes et des femmes qui se sentent mal \u00e0 l&rsquo;aise \u00e0 l&rsquo;id\u00e9e de leur diff\u00e9rence et de tout ce que cela impliquerait de vivre selon cette m\u00eame diff\u00e9rence. Mais quelle diff\u00e9rence, me direz-vous ? La diff\u00e9rence qui existe entre eux et tous ceux &hellip; <a href=\"https:\/\/www.theb4.fr\/vivre-livres\/mal-vivre-la-lumiere\/\" class=\"more-link\">Continuer la lecture de <span class=\"screen-reader-text\">Mal vivre la Lumi\u00e8re<\/span>  <span class=\"meta-nav\">&rarr;<\/span><\/a><\/p>\n","protected":false},"author":1,"featured_media":0,"comment_status":"open","ping_status":"open","sticky":false,"template":"","format":"standard","meta":{"footnotes":""},"categories":[2917],"tags":[1342,169,9010,9013,5544,9005,4069,9003,9015,9004,5851,9017,9014,66,9001,9002,9016,9006,9012,9008,9007,9011,1260,9009],"class_list":["post-1988","post","type-post","status-publish","format-standard","hentry","category-les-breves-de-la-psy-eso","tag-ame","tag-assumer","tag-avance-spirituelle","tag-cas-inverse","tag-creux","tag-des-etres-vides","tag-difference","tag-difficulte","tag-enteriner","tag-grandeur","tag-indignation","tag-jai-raison","tag-la-verdeur","tag-lum","tag-mal-vivre-la-lumiere","tag-moins-evolues","tag-peremptoires-affirmations","tag-petris-dorgueil","tag-reagir-fortement","tag-se-faire-oublier","tag-se-noyer-dans-la-masse","tag-tare","tag-tout-est-double","tag-un-trou-de-souris"],"_links":{"self":[{"href":"https:\/\/www.theb4.fr\/vivre-livres\/wp-json\/wp\/v2\/posts\/1988","targetHints":{"allow":["GET"]}}],"collection":[{"href":"https:\/\/www.theb4.fr\/vivre-livres\/wp-json\/wp\/v2\/posts"}],"about":[{"href":"https:\/\/www.theb4.fr\/vivre-livres\/wp-json\/wp\/v2\/types\/post"}],"author":[{"embeddable":true,"href":"https:\/\/www.theb4.fr\/vivre-livres\/wp-json\/wp\/v2\/users\/1"}],"replies":[{"embeddable":true,"href":"https:\/\/www.theb4.fr\/vivre-livres\/wp-json\/wp\/v2\/comments?post=1988"}],"version-history":[{"count":0,"href":"https:\/\/www.theb4.fr\/vivre-livres\/wp-json\/wp\/v2\/posts\/1988\/revisions"}],"wp:attachment":[{"href":"https:\/\/www.theb4.fr\/vivre-livres\/wp-json\/wp\/v2\/media?parent=1988"}],"wp:term":[{"taxonomy":"category","embeddable":true,"href":"https:\/\/www.theb4.fr\/vivre-livres\/wp-json\/wp\/v2\/categories?post=1988"},{"taxonomy":"post_tag","embeddable":true,"href":"https:\/\/www.theb4.fr\/vivre-livres\/wp-json\/wp\/v2\/tags?post=1988"}],"curies":[{"name":"wp","href":"https:\/\/api.w.org\/{rel}","templated":true}]}}