{"id":2080,"date":"2013-07-24T22:29:43","date_gmt":"2013-07-24T21:29:43","guid":{"rendered":"http:\/\/www.theb4.fr\/vivre-livres\/?p=2080"},"modified":"2018-07-08T11:12:21","modified_gmt":"2018-07-08T09:12:21","slug":"changer-de-frequence-changer-de-monde","status":"publish","type":"post","link":"https:\/\/www.theb4.fr\/vivre-livres\/changer-de-frequence-changer-de-monde\/","title":{"rendered":"Changer de fr\u00e9quence, changer de monde&#8230;"},"content":{"rendered":"<p><span style=\"font-size: xx-large;\"><strong><img loading=\"lazy\" decoding=\"async\" class=\"alignleft size-full wp-image-7679\" src=\"http:\/\/www.theb4.fr\/vivre-livres\/wp-content\/uploads\/2013\/07\/pense\u0301es3-1.jpg\" alt=\"\" width=\"215\" height=\"235\" \/>N<\/strong><\/span>ombreux sont ceux qui se demandent :<br \/>\n<span style=\"color: darkred;\">\u00ab\u00a0<em>Puisqu&rsquo;il est dit que le monde \u00e9volue, vibre plus haut et que des vagues d&rsquo;\u00e9nergies constantes balayent actuellement la plan\u00e8te et permettent \u00e0 l&rsquo;homme d&rsquo;\u00eatre libre et lumineux comme il ne l&rsquo;a jamais \u00e9t\u00e9, que puis-je faire, personnellement, pour faire partie int\u00e9grante de ce Nouveau Courant, pour m&rsquo;\u00e9lever moi aussi puis surfer \u00e0 la cr\u00eate m\u00eame de ces vagues de conscience ?<\/em>\u00ab\u00a0<\/span><\/p>\n<p>Bonne question ! R\u00e9ponse : Pour commencer, encore faut-il comprendre que de vieilles fr\u00e9quences issues de vieilles \u00e9nergies spirituelles (appel\u00e9es \u00ab\u00a0<em>ancien monde<\/em>\u00a0\u00bb par certains) sont <span style=\"text-decoration: underline;\">encore et toujours<\/span> \u00e0 l&rsquo;\u0153uvre, actuellement, <span style=\"color: #ff0000;\"><strong><em>et que beaucoup de gens y sont pleinement connect\u00e9es !<\/em><\/strong><\/span><\/p>\n<p>C&rsquo;est d&rsquo;ailleurs ce qui fait dire \u00e0 un bon nombre :<\/p>\n<p><em><span style=\"color: darkred;\">\u00ab\u00a0Mais o\u00f9 voyez-vous des changements ? Vous r\u00eavez debout ou quoi ? Moi je ne vois que d\u00e9gradation et aggravation des faits, autour de moi ! Dans quel monde vivez-vous donc pour croire en ces balivernes ?\u00a0\u00bb<\/span><\/em><\/p>\n<p><span style=\"color: black;\">Justement ! Tout le \u00ab\u00a0<em>secret<\/em>\u00a0\u00bb est l\u00e0, dans ces quelques mots : <\/span><strong><em><span style=\"color: darkred;\">\u00ab\u00a0Dans quel monde vivez-vous donc ?\u00a0\u00bb<\/span><\/em><\/strong><\/p>\n<p>&nbsp;<\/p>\n<p>&nbsp;<\/p>\n<p>&nbsp;<\/p>\n<p><span style=\"font-size: xx-large;\"><strong><img loading=\"lazy\" decoding=\"async\" class=\"alignleft size-full wp-image-7680\" src=\"http:\/\/www.theb4.fr\/vivre-livres\/wp-content\/uploads\/2013\/07\/pense\u0301e2-1.jpg\" alt=\"\" width=\"222\" height=\"227\" \/>C<\/strong><\/span>omme vous le savez d\u00e9j\u00e0, <em>nos pens\u00e9es sont vivantes et produisent de l&rsquo;\u00e9nergie.<\/em> Ainsi, certaines pens\u00e9es produisent une grande \u00e9nergie et nous soutiennent autant que ce que nous les entretenons nous-m\u00eames en leur pr\u00eatant cr\u00e9dit, tandis que d&rsquo;autres sont sans \u00e9nergie et nous \u00ab\u00a0<em>pompent<\/em>\u00a0\u00bb plus qu&rsquo;elles ne nous nourrissent. Mais par dessus tout, <strong><em>la pens\u00e9e humaine est cr\u00e9atrice de \u00ab\u00a0plans de conscience\u00a0\u00bb !<\/em><\/strong> Tous ceux qui pensent la m\u00eame chose sont ensuite conscients des m\u00eames \u00ab\u00a0<em>v\u00e9rit\u00e9s<\/em>\u00a0\u00bb (principe de l&rsquo;\u00e9gr\u00e9gore.) Autrement dit, penser pareil revient \u00e0 vivre sur le m\u00eame plan que ceux qui partagent notre fa\u00e7on de penser.<\/p>\n<p>&nbsp;<\/p>\n<p>&nbsp;<\/p>\n<p>&nbsp;<\/p>\n<p>&nbsp;<\/p>\n<p><span style=\"font-size: xx-large;\"><strong><img loading=\"lazy\" decoding=\"async\" class=\"alignleft size-full wp-image-2084\" src=\"http:\/\/www.theb4.fr\/vivre-livres\/wp-content\/uploads\/2013\/07\/Mondes21.jpg\" alt=\"Mondes2\" width=\"259\" height=\"194\" \/>I<\/strong><\/span>l existe donc autant de <em>mondes<\/em> que d&rsquo;\u00e9tats d&rsquo;esprit diff\u00e9rents ! Notre pens\u00e9e est ce qui nous fait vibrer \u00e0 telles fr\u00e9quences ou \u00e0 telles autres. Les gens que nous c\u00f4toyons vraiment (pas uniquement se croiser de temps \u00e0 autres) sont tr\u00e8s certainement ceux qui PARTAGENT AVEC NOUS un m\u00eame point de vue g\u00e9n\u00e9ral sur la vie, les \u00eatres, les choses, etc. <strong><em><span style=\"color: darkred;\">Nos pens\u00e9es cr\u00e9ent notre r\u00e9alit\u00e9, et les pens\u00e9es communes engendrent des r\u00e9alit\u00e9s communes. <\/span><\/em><\/strong><span style=\"color: black;\">Et il est ensuite tr\u00e8s difficile de s&rsquo;extraire de ces <em>mondes<\/em> morbides au possible <span style=\"text-decoration: underline;\">et dont nous sommes les co-auteurs<\/span> (a\u00efe ! \u00e7a fait mal, \u00e7a !) <\/span>Nous pouvons d\u00e8s lors mieux comprendre cette phrase myst\u00e9rieuse attribu\u00e9e au Ma\u00eetre J\u00e9sus :<\/p>\n<p><strong><em>\u00ab\u00a0Je suis <span style=\"color: #0000ff;\">dans<\/span> ce monde, mais je ne suis pas <span style=\"color: #0000ff;\">de<\/span> ce monde&#8230;\u00a0\u00bb<\/em><\/strong><\/p>\n<p>&nbsp;<\/p>\n<p>&nbsp;<\/p>\n<p>&nbsp;<\/p>\n<p><span style=\"font-size: xx-large;\"><strong>V<\/strong><\/span>oulez-vous vraiment vous envoler vers les cimes de la pens\u00e9e humaine et partager de ce fait la <em>Pens\u00e9e Commune<\/em> des Ma\u00eetres ? (songez \u00e0 <em>Shamballah<\/em> et <img loading=\"lazy\" decoding=\"async\" class=\"alignright size-full wp-image-2085\" src=\"http:\/\/www.theb4.fr\/vivre-livres\/wp-content\/uploads\/2013\/07\/Shamba.jpg\" alt=\"Shamba\" width=\"300\" height=\"168\" \/>vous serez ravis de votre nouveau savoir !) Si oui, alors commencez tout d&rsquo;abord par chercher, en vous, toute pens\u00e9e qui vous alourdit et qui vous fait vivre dans un monde o\u00f9, apparemment, tout se meurt et part en sucette (ce qui peut \u00eatre vrai par ailleurs.)<\/p>\n<p>&nbsp;<\/p>\n<p>&nbsp;<\/p>\n<p>&nbsp;<\/p>\n<p><strong><em>Serge Baccino<br \/>\n<\/em><\/strong><\/p>\n<p><a href=\"http:\/\/creativecommons.org\/licenses\/by-nc-nd\/3.0\/deed.fr\" rel=\"license\"><img decoding=\"async\" style=\"border-width: 0;\" src=\"http:\/\/i.creativecommons.org\/l\/by-nc-nd\/3.0\/88x31.png\" alt=\"Licence Creative Commons\" \/><\/a><br \/>\n(Note : Sauf pour les images, trouv\u00e9es sur le Web et r\u00e9put\u00e9es libres et gratuites)<\/p>\n","protected":false},"excerpt":{"rendered":"<p>Nombreux sont ceux qui se demandent : \u00ab\u00a0Puisqu&rsquo;il est dit que le monde \u00e9volue, vibre plus haut et que des vagues d&rsquo;\u00e9nergies constantes balayent actuellement la plan\u00e8te et permettent \u00e0 l&rsquo;homme d&rsquo;\u00eatre libre et lumineux comme il ne l&rsquo;a jamais \u00e9t\u00e9, que puis-je faire, personnellement, pour faire partie int\u00e9grante de ce Nouveau Courant, pour m&rsquo;\u00e9lever &hellip; <a href=\"https:\/\/www.theb4.fr\/vivre-livres\/changer-de-frequence-changer-de-monde\/\" class=\"more-link\">Continuer la lecture de <span class=\"screen-reader-text\">Changer de fr\u00e9quence, changer de monde&#8230;<\/span>  <span class=\"meta-nav\">&rarr;<\/span><\/a><\/p>\n","protected":false},"author":1,"featured_media":0,"comment_status":"open","ping_status":"open","sticky":false,"template":"","format":"standard","meta":{"footnotes":""},"categories":[3],"tags":[9121,9119,7942,2097,9113,9127,26,5113,9120,5137,1076,1933,2267,205,9129,57,1124,4603,3709,1303,1231,2122,9130,232,9126,9115,684,9124,9123,9128,501,3554,2772,613,4641,9125,4888,259,9131,9116,3680,9114,1154,899,9118,9117,9122],"class_list":["post-2080","post","type-post","status-publish","format-standard","hentry","category-artcl","tag-aggravation","tag-ancien-monde","tag-balivernes","tag-changements","tag-changer-de-frequence-changer-de-monde","tag-co-auteurs","tag-consc","tag-creatrice","tag-degradation","tag-egregore","tag-energie","tag-etats-desprit","tag-evolue","tag-frequence","tag-je-suis-dans-ce-monde","tag-jss","tag-la-vie","tag-les-choses","tag-les-cimes","tag-les-etres","tag-libre","tag-lumineux","tag-mais-je-ne-suis-pas-de-ce-monde","tag-maitres","tag-mondes-morbides","tag-nouveau-courant","tag-pensees","tag-pensees-communes","tag-penser-pareil","tag-phrase-mysterieuse","tag-planete","tag-plans-de-conscience","tag-point-de-vue","tag-principe","tag-realites","tag-realites-communes","tag-sextraire","tag-secret","tag-shamballah","tag-surfer-a-la-crete","tag-vagues","tag-vagues-denergies","tag-vibre","tag-vibrer","tag-vieilles-energies-spirituelles","tag-vieilles-frequences","tag-vivantes"],"_links":{"self":[{"href":"https:\/\/www.theb4.fr\/vivre-livres\/wp-json\/wp\/v2\/posts\/2080","targetHints":{"allow":["GET"]}}],"collection":[{"href":"https:\/\/www.theb4.fr\/vivre-livres\/wp-json\/wp\/v2\/posts"}],"about":[{"href":"https:\/\/www.theb4.fr\/vivre-livres\/wp-json\/wp\/v2\/types\/post"}],"author":[{"embeddable":true,"href":"https:\/\/www.theb4.fr\/vivre-livres\/wp-json\/wp\/v2\/users\/1"}],"replies":[{"embeddable":true,"href":"https:\/\/www.theb4.fr\/vivre-livres\/wp-json\/wp\/v2\/comments?post=2080"}],"version-history":[{"count":0,"href":"https:\/\/www.theb4.fr\/vivre-livres\/wp-json\/wp\/v2\/posts\/2080\/revisions"}],"wp:attachment":[{"href":"https:\/\/www.theb4.fr\/vivre-livres\/wp-json\/wp\/v2\/media?parent=2080"}],"wp:term":[{"taxonomy":"category","embeddable":true,"href":"https:\/\/www.theb4.fr\/vivre-livres\/wp-json\/wp\/v2\/categories?post=2080"},{"taxonomy":"post_tag","embeddable":true,"href":"https:\/\/www.theb4.fr\/vivre-livres\/wp-json\/wp\/v2\/tags?post=2080"}],"curies":[{"name":"wp","href":"https:\/\/api.w.org\/{rel}","templated":true}]}}