{"id":384,"date":"2013-05-27T16:42:38","date_gmt":"2013-05-27T15:42:38","guid":{"rendered":"http:\/\/www.theb4.fr\/vivre-livres\/?p=384"},"modified":"2025-08-25T23:32:13","modified_gmt":"2025-08-25T21:32:13","slug":"actualite-ou-realite","status":"publish","type":"post","link":"https:\/\/www.theb4.fr\/vivre-livres\/actualite-ou-realite\/","title":{"rendered":"Actualit\u00e9 ou R\u00e9alit\u00e9 ?"},"content":{"rendered":"<p><span style=\"font-size: 14pt; color: #ff6600;\"><b><span style=\"font-family: Bodoni MT Black;\">ACTUALIT\u00c9 ET R\u00c9ALIT\u00c9<\/span><\/b><\/span><\/p>\n<p><span style=\"font-size: 24pt;\"><b><span style=\"font-family: Bodoni MT Black;\">O<\/span><\/b><\/span>n dit parfois que <em>\u00ab\u00a0la psychologie \u00e9sot\u00e9rique se r\u00e9sume \u00e0 l&rsquo;observation de l&rsquo;actualit\u00e9 spirituelle d&rsquo;un individu\u00a0\u00bb <\/em>Avant de d\u00e9velopper ce postulat, il serait bon de d\u00e9finir la diff\u00e9rence exacte entre <em>la r\u00e9alit\u00e9<\/em> et <em>l&rsquo;actualit\u00e9<\/em>&#8230; L&rsquo;actualit\u00e9, c&rsquo;est tout ce qui se passe vraiment, en nous et autour de nous, que nous en soyons conscients ou non.<\/p>\n<h2><span style=\"font-size: 14pt;\">Un avion avec des anges pour passagers<\/span><\/h2>\n<p>Par exemple, un avion est en train d&rsquo;atterrir sur l&rsquo;a\u00e9roport du Bourget, mais comme je me trouve \u00e0 Cavaillon, ville du Vaucluse, je ne peux pas en \u00eatre conscient et cet \u00e9v\u00e8nement ne fait donc pas partie de ma r\u00e9alit\u00e9, de ma prise de conscience personnelle.<\/p>\n<h2><span style=\"font-size: 14pt;\"><strong>Conscience de notre r\u00e9alit\u00e9<\/strong><\/span><\/h2>\n<p>La r\u00e9alit\u00e9 est tout ce dont nous sommes conscients, que cela soit vrai (authentique) ou non. Par exemple, je suis conscient de tous les objets qui m&rsquo;entourent mais je peux \u00eatre aussi conscient de cette id\u00e9e que si ma femme est en retard, c&rsquo;est peut-\u00eatre parce qu&rsquo;elle a eu un accident de voiture.<br \/>\nL&rsquo;id\u00e9e et l&rsquo;\u00e9motion d\u00e9plaisante qui en d\u00e9coulent, sont \u00ab\u00a0<em>r\u00e9els<\/em>\u00a0\u00bb dans le sens o\u00f9 j&rsquo;en ressens v\u00e9ritablement les effets sur moi mais ne reposent pas n\u00e9cessairement sur des faits r\u00e9els, sur l&rsquo;actualit\u00e9, donc.<br \/>\nEn effet, lorsque ma femme arrive enfin, saine et sauve, , je puis \u00eatre rassur\u00e9 et rire de ma crainte non fond\u00e9e <span style=\"color: #800000;\"><em>mais ayant toutefois provoqu\u00e9 une v\u00e9ritable \u00e9motion.<\/em><\/span><\/p>\n<h2><span style=\"font-size: 14pt;\"><strong>Inconscience de l&rsquo;actualit\u00e9<\/strong><\/span><\/h2>\n<p>Dans l&rsquo;actualit\u00e9, il se passe des choses&#8230; En r\u00e9alit\u00e9, comme nous ne pouvons pas \u00eatre conscient de tous les \u00e9v\u00e8nements en simultan\u00e9, nous sommes oblig\u00e9s de faire appel \u00e0 d&rsquo;autres facult\u00e9s dites \u00ab\u00a0<em>subjectives<\/em>\u00a0\u00bb pour essayer de savoir tout de m\u00eame les choses qui nous int\u00e9ressent le plus. Ces facult\u00e9s subjectives reposent sur notre \u00ab\u00a0<em>r\u00e9alit\u00e9 int\u00e9rieure<\/em>\u00ab\u00a0, c&rsquo;est-\u00e0-dire sur la m\u00e9moire, l&rsquo;imagination, l&rsquo;intuition, etc. Elles forment \u00e9galement notre r\u00e9alit\u00e9 int\u00e9rieure mais ne correspondent pas n\u00e9cessairement \u00e0 l&rsquo;actualit\u00e9. En fait, notre r\u00e9alit\u00e9 correspond RAREMENT \u00e0 l&rsquo;actualit\u00e9 !<\/p>\n<h2><span style=\"font-size: 14pt;\"><strong>Ce qui tombe sous les sens<\/strong><\/span><\/h2>\n<p>Lorsque nous essayons de conna\u00eetre ce qui ne tombe pas <em>sous les sens,<\/em> nous sommes oblig\u00e9s de faire appel au c\u00f4t\u00e9 subjectif de notre \u00eatre pour repousser les limites impos\u00e9s par nos sens objectifs (vue, ou\u00efe, gout, etc.) Ceci n&rsquo;est pas mauvais en soi mais a le pouvoir de nous couper temporairement de l&rsquo;actualit\u00e9, c&rsquo;est \u00e0 dire de \u00a0\u00bb <em>ce qui se passe vraiment<\/em>. \u00a0\u00bb<\/p>\n<h2><span style=\"font-size: 14pt;\"><strong>R\u00eaver la r\u00e9alit\u00e9<\/strong><\/span><\/h2>\n<p>A quels moments de notre vie faisons nous appel \u00e0 notre subjectivit\u00e9 ? Uniquement pour compenser les limites usuelles de nos sens ?<br \/>\nCertainement pas ! Nous le faisons tous, depuis des d\u00e9cennies (pour les plus vieux) afin non pas de conna\u00eetre ce qui n&rsquo;est pas imm\u00e9diatement accessible, mais bien pour essayer de NIER ce qui se trouve pourtant sous notre nez ! Bref, notre subjectivit\u00e9 nous sert en grande partie \u00e0 nous mentir, c&rsquo;est \u00e0 dire \u00e0 nous couper sciemment d&rsquo;une actualit\u00e9 qui ne nous pla\u00eet pas ou qui ne nous pla\u00eet plus.<\/p>\n<h2><span style=\"font-size: 14pt;\"><strong>La peur de devoir bouger pour de bon<\/strong><\/span><\/h2>\n<p>Pourquoi ferions-nous cela ? Parce que nous croyons que si nous acceptons ce que nous proposent nos sens objectifs ainsi que notre ressenti, nous allons devoir \u00a0\u00bb <em>agir<\/em> \u00ab\u00a0, c&rsquo;est \u00e0 dire \u00a0\u00bb <em>faire quelque chose pour essayer de changer ce qui nous d\u00e9range au sein de cette actualit\u00e9<\/em>.\u00a0\u00bb Et c&rsquo;est mal ? Certes non ! C&rsquo;est m\u00eame des plus l\u00e9gitimes !<\/p>\n<h2><span style=\"font-size: 14pt;\"><strong>Am\u00e9liorer notre r\u00e9alit\u00e9 personnelle ?<\/strong><\/span><\/h2>\n<p>Alors quoi ? Eh bien ! Alors, nous croyons que nous ne pouvons pas changer ou simplement am\u00e9liorer cette actualit\u00e9 que nous vivons et qui nous d\u00e9pla\u00eet. Et en r\u00e9action \u00e0 cette simple croyance rarement fond\u00e9e, nous ressentons une immense frayeur. Le pire c&rsquo;est que, \u00e0 son tour, cette peur vient corroborer les affirmations de la croyance qui indique que nous n&rsquo;avons pas le pouvoir de changer notre vie.<\/p>\n<p>En clair, le seul fait d&rsquo;avoir peur d\u00e9montre que nous savons ne pas pouvoir changer les choses. Cette <em>association d&rsquo;id\u00e9es<\/em> est non seulement infond\u00e9e mais d\u00e9coule d&rsquo;un processus de raisonnement aberr\u00e9 (ou \u00e0 l&rsquo;envers.) Or donc, cette peur de ne pas r\u00e9ussir \u00e0 am\u00e9liorer un quotidien qui nous d\u00e9pla\u00eet nous force \u00e0 \u00a0\u00bb <em>faire mentir l&rsquo;actualit\u00e9<\/em> \u00a0\u00bb et nous pousse alors \u00e0 nous r\u00e9fugier <em>dans notre t\u00eate<\/em>, c&rsquo;est \u00e0 dire \u00e0 nous inventer un monde id\u00e9alis\u00e9 dans lequel nous sommes parfaitement heureux, merci pour tout et au revoir !<\/p>\n<h2><span style=\"font-size: 14pt;\"><strong>L\u2019\u00e9moi id\u00e9alis\u00e9<\/strong><\/span><\/h2>\n<p>Ce besoin de fuir une r\u00e9alit\u00e9 jug\u00e9e inacceptable et de la remplacer par une version id\u00e9alis\u00e9e de nous-m\u00eames dans laquelle nous obtenons tout ce que nous d\u00e9sirons, est appel\u00e9e \u00a0\u00bb <em>Moi-Id\u00e9alis\u00e9 <\/em>\u00a0\u00bb en psychologie \u00e9sot\u00e9rique (ou psy \u00e9so.)<br \/>\nLorsqu&rsquo;une personne ne supporte plus de voir et d&rsquo;assumer la vie qui est pourtant la sienne, elle n&rsquo;a pas d&rsquo;autres fa\u00e7ons de survivre que de s&rsquo;inventer une vie diff\u00e9rente et largement valoris\u00e9e.<\/p>\n<h2><span style=\"font-size: 14pt;\"><strong>Esprit, quand tu nous tiens !<\/strong><\/span><\/h2>\n<p>Aussi \u00e9tonnant que cela puisse sembler, du moins pour qui ne connait pas les agissement de ce \u00a0\u00bb <em>moi<\/em> \u00a0\u00bb de procuration tr\u00e8s dangereux pour l&rsquo;\u00e9volution de l&rsquo;\u00e2me et aussi pr\u00e9somptueux qu&rsquo;inutile, <strong><em>ce sont les personnes le plus fortement orient\u00e9es vers la spiritualit\u00e9 qui succombent le plus facilement, et les premi\u00e8res, aux pi\u00e8ges sournois tendus par le Moi-Id\u00e9alis\u00e9.<\/em><\/strong><\/p>\n<h2><span style=\"font-size: 14pt;\"><strong>Le retour du Jet d\u2019ail<\/strong><\/span><\/h2>\n<p>Il est rare, par exemple, qu&rsquo;un mat\u00e9rialiste convaincu, m\u00eame s&rsquo;il a loup\u00e9 sa vie (selon lui), se prenne pour un Elfe, un <em>Jedi<\/em> ou un archange venu sur terre pour sauver les pauvres \u00e2mes en d\u00e9tresse&#8230;<br \/>\nPour ce genre de de fantaisie, il faut au moins avoir quelque pr\u00e9tention \u00e0 briller plus fort que ses semblables. Et la recherche spirituelle a ceci de dangereux qu&rsquo;elle peut faire croire \u00e0 une \u00a0\u00bb <em>\u00e2me simple <\/em>\u00a0\u00bb qu&rsquo;elle est devenue une personne importante, diff\u00e9rente et, bien entendu, sup\u00e9rieure \u00e0 ses (anciens) semblables !<\/p>\n<h2><span style=\"font-size: 14pt;\"><strong>Entre vouloir et savoir<\/strong><\/span><\/h2>\n<p>A noter enfin que c&rsquo;est le de <em>Moi-Id\u00e9alis\u00e9<\/em> qui nous fait passer pour des Tanches de la Baltique aux yeux de personnes \u00e9quilibr\u00e9es, \u00e0 l&rsquo;esprit brillant et qui seraient dispos\u00e9es \u00e0 s&rsquo;informer plus avant sur l&rsquo;\u00e9sot\u00e9risme v\u00e9ritable. En effet, qui pourrait prendre au s\u00e9rieux une personne se disant \u00ab\u00a0\u00e9sot\u00e9riste\u00a0\u00bb quand on sait que la plupart des \u00e9sot\u00e9ristes de nos jours, s&rsquo;imaginent \u00eatre des extraterrestres r\u00e9incarn\u00e9s ou des anges envoy\u00e9s sur Terre par un dieu d\u00e9bord\u00e9 par les conneries invent\u00e9es par ses cr\u00e9atures ?<\/p>\n<p>Moi non plus je ne serais pas tr\u00e8s enclin de croire ou m\u00eame d&rsquo;\u00e9couter un jeune de 20 ans qui se d\u00e9clare \u00a0\u00bb <em>demi-Elfe <\/em>\u00a0\u00bb et qui d\u00e9sire t\u00e9moigner des buts profonds de <em>son peuple<\/em> !\u00a0 Ne riez pas, j&rsquo;ai pu lire ceci en toutes lettres sur un forum relativement connu et dont je tairai le nom par pure bont\u00e9 d&rsquo;\u00e2me.<\/p>\n<p><span style=\"font-size: 14pt;\"><strong>R\u00e9veillez-vous !<\/strong><\/span><\/p>\n<p>Vos r\u00e9actions \u00e0 chaud, commentaires et avis ?<br \/>\nVous pouvez vous exprimer librement, que vous soyez en accord ou non avec mes propos. De toutes mani\u00e8res, si vous \u00eates \u00e9galement un Elfe ou un ange r\u00e9incarn\u00e9, votre avis \u00e0 ce sujet ne devrait pas sortir de cet ordinaire auquel la fr\u00e9quentation de nombreux forums de \u00a0\u00bb <em>spiritualit\u00e9<\/em> \u00a0\u00bb m&rsquo;a h\u00e9las habitu\u00e9 !<\/p>\n<p>Bien \u00e0 vous autres, simples humains de passage, comme moi !<\/p>\n<p>&nbsp;<\/p>\n<p><span style=\"font-size: 14pt;\"><em><strong>Serge Baccino<\/strong><\/em><\/span><\/p>\n<p>&nbsp;<\/p>\n","protected":false},"excerpt":{"rendered":"<p>ACTUALIT\u00c9 ET R\u00c9ALIT\u00c9 On dit parfois que \u00ab\u00a0la psychologie \u00e9sot\u00e9rique se r\u00e9sume \u00e0 l&rsquo;observation de l&rsquo;actualit\u00e9 spirituelle d&rsquo;un individu\u00a0\u00bb Avant de d\u00e9velopper ce postulat, il serait bon de d\u00e9finir la diff\u00e9rence exacte entre la r\u00e9alit\u00e9 et l&rsquo;actualit\u00e9&#8230; L&rsquo;actualit\u00e9, c&rsquo;est tout ce qui se passe vraiment, en nous et autour de nous, que nous en soyons &hellip; <a href=\"https:\/\/www.theb4.fr\/vivre-livres\/actualite-ou-realite\/\" class=\"more-link\">Continuer la lecture de <span class=\"screen-reader-text\">Actualit\u00e9 ou R\u00e9alit\u00e9 ?<\/span>  <span class=\"meta-nav\">&rarr;<\/span><\/a><\/p>\n","protected":false},"author":1,"featured_media":0,"comment_status":"closed","ping_status":"closed","sticky":false,"template":"","format":"standard","meta":{"footnotes":""},"categories":[3],"tags":[485,1095,1120,1121,1094,1097,1119,1122,925,1093,1125,1104,1108,1115,905,1091,1102,1062,920,1111,1090,1124,1096,1101,1123,1110,1100,1116,1114,1099,1092,250,93,917,1109,1103,1118,1112,1106,1107,1117,1105,1098,1113],"class_list":["post-384","post","type-post","status-publish","format-standard","hentry","category-artcl","tag-actualite","tag-aeroport","tag-ameliorer","tag-associations-didees","tag-avion","tag-cavaillon","tag-changer","tag-clair","tag-conscient","tag-conscients","tag-elfe","tag-emotion","tag-facultes","tag-gout","tag-imagination","tag-lactualite-spirituelle","tag-lemotion","tag-lidee","tag-lindividu","tag-lintuition","tag-lobservation","tag-la-vie","tag-le-bourget","tag-le-moi-idealise","tag-le-pouvoir","tag-memoire","tag-objets","tag-odorat","tag-ouie","tag-personnelle","tag-postulat","tag-prise-de-conscience","tag-ps-es","tag-realite","tag-realite-interieure","tag-reel","tag-rever","tag-sens-objectifs","tag-simultane","tag-subjectives","tag-toucher","tag-veritable","tag-ville-du-vaucluse","tag-vue"],"_links":{"self":[{"href":"https:\/\/www.theb4.fr\/vivre-livres\/wp-json\/wp\/v2\/posts\/384","targetHints":{"allow":["GET"]}}],"collection":[{"href":"https:\/\/www.theb4.fr\/vivre-livres\/wp-json\/wp\/v2\/posts"}],"about":[{"href":"https:\/\/www.theb4.fr\/vivre-livres\/wp-json\/wp\/v2\/types\/post"}],"author":[{"embeddable":true,"href":"https:\/\/www.theb4.fr\/vivre-livres\/wp-json\/wp\/v2\/users\/1"}],"replies":[{"embeddable":true,"href":"https:\/\/www.theb4.fr\/vivre-livres\/wp-json\/wp\/v2\/comments?post=384"}],"version-history":[{"count":0,"href":"https:\/\/www.theb4.fr\/vivre-livres\/wp-json\/wp\/v2\/posts\/384\/revisions"}],"wp:attachment":[{"href":"https:\/\/www.theb4.fr\/vivre-livres\/wp-json\/wp\/v2\/media?parent=384"}],"wp:term":[{"taxonomy":"category","embeddable":true,"href":"https:\/\/www.theb4.fr\/vivre-livres\/wp-json\/wp\/v2\/categories?post=384"},{"taxonomy":"post_tag","embeddable":true,"href":"https:\/\/www.theb4.fr\/vivre-livres\/wp-json\/wp\/v2\/tags?post=384"}],"curies":[{"name":"wp","href":"https:\/\/api.w.org\/{rel}","templated":true}]}}