{"id":399,"date":"2013-05-28T23:34:26","date_gmt":"2013-05-28T22:34:26","guid":{"rendered":"http:\/\/www.theb4.fr\/vivre-livres\/?p=399"},"modified":"2025-08-26T00:54:48","modified_gmt":"2025-08-25T22:54:48","slug":"conscience-dacte-et-conscience-de-sa-propre-valeur","status":"publish","type":"post","link":"https:\/\/www.theb4.fr\/vivre-livres\/conscience-dacte-et-conscience-de-sa-propre-valeur\/","title":{"rendered":"Conscience d&rsquo;acte et conscience de sa propre valeur"},"content":{"rendered":"<h1><span style=\"font-size: 14pt; color: #ff6600;\">Conscience d&rsquo;acte, conscience de sa propre valeur<\/span><\/h1>\n<p><b><span style=\"font-family: Arial; font-size: 300%;\">I<\/span><\/b>l semblerait que l&rsquo;une des plaies de notre soci\u00e9t\u00e9 moderne soit la perte de certains rep\u00e8res fondamentaux. L&rsquo;un de ces rep\u00e8res psychologiques fondamentaux est le sens de notre valeur personnelle. Si nous ignorons notre valeur r\u00e9elle, nous ignorons du m\u00eame coup quelle peut \u00eatre notre place l\u00e9gitime au sein de la soci\u00e9t\u00e9 en g\u00e9n\u00e9ral. En clair, les gens ont perdu le sens de leur valeur v\u00e9ritable. Ils ne savent plus ce qu&rsquo;ils valent vraiment ! Du coup, soit ils se surestiment, soit il se placent volontiers <em>plus bas que terre.<\/em> Cela se manifeste d&rsquo;une mani\u00e8re tristement \u00e9vidente au niveau de la jeune g\u00e9n\u00e9ration.<\/p>\n<p>Et bien que chaque jeune y r\u00e9agisse soit en argumentant sans cesse sur sa valeur pr\u00e9sum\u00e9e, soit en accusant autrui de ne pas accepter de la reconna\u00eetre, le r\u00e9sultat est le m\u00eame en fin de compte : De nombreux jeunes sont devenus d\u00e9prim\u00e9s, paum\u00e9s et pr\u00eats \u00e0 <i>se vendre<\/i> au plus offrant, telles de vulgaires marchandises comestibles. Voir \u00e0 ce sujet le succ\u00e8s hautement suspect des \u00ab\u00a0<em>Reality shows<\/em>\u00a0\u00bb et autre \u00ab\u00a0Stars acad\u00e9mies\u00a0\u00bb ou la prostitution morale est de rigueur.<\/p>\n<p>Nous pourrions argumenter sans fin au sujet des \u00ab\u00a0responsabilit\u00e9s\u00a0\u00bb qui incombent \u00e0 nos dirigeants qui ont le pouvoir d\u00e9cisionnel et ont install\u00e9 les diverses m\u00e9thodes d&rsquo;instructions acad\u00e9miques impos\u00e9es dans nos \u00e9coles la\u00efques. Mais cela ne ferait que compliquer le probl\u00e8me et ne nous offrirait pas pour autant un moyen rapide et efficace de nous extraire de ce marasme d\u00e9finitivement install\u00e9 par ailleurs. Notre but n&rsquo;est pas de rechercher des coupables pouvant encore plus nous D\u00c9RESPONSABILISER : notre propos et de comprendre r\u00e9ellement ce qui nous arrive puis d&rsquo;y rem\u00e9dier du mieux possible et&#8230; Au plus t\u00f4t.<\/p>\n<p>Que dit l&rsquo;ego d&rsquo;une personne complex\u00e9e ou qui ignore totalement sa valeur, cela au point d&rsquo;avoir recours au jugement d&rsquo;autrui afin de pouvoir la d\u00e9finir ? Il dit \u00e0 peu pr\u00e8s ceci : <i><span style=\"color: #800000;\">\u00ab\u00a0Tu ne vaux rien, tu es une vrai merde, le sais-tu seulement ?\u00a0\u00bb <\/span><\/i>Pour compenser cette affreuse prise de conscience, ce sentiment \u00e9crasant de nullit\u00e9, le \u00ab\u00a0<i>Moi-Id\u00e9alis\u00e9<\/i>\u00a0\u00bb arrive au galop et se met \u00e0 claironner : <i><span style=\"color: #800000;\">\u00ab\u00a0Faux ! Si seulement on t&rsquo;offrait une chance de prouver ta valeur, tu pourrais alors montrer \u00e0 la face du monde qui tu es vraiment !\u00a0\u00bb\u00a0 <\/span><\/i>Bien entendu, ces termes ne font que renforcer plus encore le sentiment de d\u00e9pendance \u00e0 autrui (\u00ab\u00a0<i>Si seulement on t&rsquo;offrait une chance&#8230;<\/i>\u00ab\u00a0)<\/p>\n<p>Les moins atteints ignorent simplement leur valeur et n&rsquo;attendent que certains indices positifs -et bien \u00e9videmment EXT\u00c9RIEURS- pour r\u00e9ussir \u00e0 compenser cette absence d&rsquo;informations qualifiantes \u00e0 leur propre sujet. Mais la plupart des gens n&rsquo;ont pas cette \u00ab\u00a0chance\u00a0\u00bb et ce qu&rsquo;ils sentent, \u00e0 chaque minute de leur vie, est h\u00e9las bien trop puissant et surtout pr\u00e9cis pour leur laisser la moindre chance de ne pas bien capter le message. Et ce message est celui-ci : <i><span style=\"color: #800000;\">\u00ab\u00a0Tu es une merde, voil\u00e0 tout !\u00a0\u00bb <\/span><\/i><\/p>\n<p>Essayons de comprendre tout d&rsquo;abord l&rsquo;origine de ce sentiment affreux et terrible \u00e0 porter une vie durant. Nous n&rsquo;\u00e9voquerons ces origines que tr\u00e8s bri\u00e8vement, car ce sujet est trait\u00e9 ailleurs dans un autre article qui lui est consacr\u00e9. Au d\u00e9part, l&rsquo;enfant doit ob\u00e9ir \u00e0 ses parents, cela est un fait \u00e9vident pour chacun de nous. Que cette ob\u00e9issance d\u00e9coule d&rsquo;une fa\u00e7on \u00ab\u00a0l\u00e9gitime\u00a0\u00bb de penser ou que ce soit \u00ab\u00a0<em>pour le bien de l&rsquo;enfant<\/em>\u00a0\u00bb (sic), force nous est de constater que peu importe le motif et l&rsquo;\u00e9tat d&rsquo;esprit \u00e0 la base du fait, un enfant n&rsquo;est pas libre de penser et d&rsquo;agir comme il le souhaite : il doit ob\u00e9ir \u00e0 ses parents, un point c&rsquo;est tout.<\/p>\n<p>Fort de cette pr\u00e9misse, il est d\u00e8s lors plus facile d&rsquo;avancer logiquement et de d\u00e9finir l&rsquo;origine de ce manque de confiance en soi qui c\u00e8de rapidement la place \u00e0 la perte totale du sentiment de notre valeur personnelle. Si l&rsquo;enfant doit \u00ab\u00a0<i>r\u00e9pondre<\/i>\u00a0\u00bb aux attentes (l\u00e9gitimes ou pas) de ses parents, il devra du m\u00eame coup d\u00e9pendre \u00e9galement de ces derniers pour savoir si son comportement <i><span style=\"text-decoration: underline;\">correspond<\/span><\/i> vraiment \u00e0 leurs attentes. (\u00ab\u00a0<i>Tout est double<\/i>\u00ab\u00a0) Du coup, l&rsquo;enfant passe sous la double tutelle mentale et \u00e9motionnelle des parents, car ses pens\u00e9es et ses sentiments d\u00e9couleront d\u00e9sormais de sa capacit\u00e9 \u00e0 satisfaire l&rsquo;\u00e9tat d&rsquo;esprit de ses g\u00e9niteurs.<\/p>\n<p>L&rsquo;enfant commence alors \u00e0 demander : <i><span style=\"color: #800000;\">\u00ab\u00a0Vous, l\u00e0, dehors, dites-moi vite ce que vaut mon comportement, car j&rsquo;ai besoin de vous pour le savoir !\u00a0\u00bb<\/span><\/i><br \/>\nAvec les ann\u00e9es, l&rsquo;habitude sera install\u00e9e et deviendra une seconde nature. L&rsquo;adulte aura besoin du regard d&rsquo;autrui pour conna\u00eetre sa valeur <i>v\u00e9ritable<\/i>, c&rsquo;est \u00e0 dire sa capacit\u00e9 \u00e0 <i><b>r\u00e9pondre<\/b><\/i> aux exigences quelques peu tyranniques de notre soci\u00e9t\u00e9 et des olibrius qui la composent gaiement. Cela, c&rsquo;est l&rsquo;origine, OK ? Voyons \u00e0 pr\u00e9sent ce qui peut se passer \u00ab\u00a0en profondeur\u00a0\u00bb c&rsquo;est-\u00e0-dire dans la conscience intime d&rsquo;une personne d&rsquo;\u00e2ge m\u00fbr (apr\u00e8s la trentaine, donc)<\/p>\n<p>Nous savons d\u00e9j\u00e0 que les plus jeune se contentent soit de souffrir en silence (et de se droguer ou \u00ab\u00a0<em>d&rsquo;inexister<\/em>\u00a0\u00bb avec une application louable), soit de se transformer en excit\u00e9s de premi\u00e8re, capables de camper toute une nuit sur un trottoir et par un froid d&rsquo;hiver et ce, dans le seul espoir d&rsquo;\u00eatre accept\u00e9 aux pr\u00e9s\u00e9lections de \u00ab\u00a0<em>la Star &lsquo;AC.<\/em>\u00a0\u00bb Nous savons ce que recherchent ces jeunes gens : <b>le sentiment de leur valeur.<\/b>\u00a0 Mais ils le cherchent l\u00e0 o\u00f9 il ne se trouvera jamais. C&rsquo;est d&rsquo;ailleurs pour cela qu&rsquo;ils le cherchent encore, \u00e0 l&rsquo;or\u00e9e de la trentaine d&rsquo;ann\u00e9es.<\/p>\n<p>Pour les plus \u00e2g\u00e9s, la chose est un peu diff\u00e9rente. Leur exp\u00e9rience vivante a eu le temps lin\u00e9aire de leur d\u00e9montrer que l&rsquo;ext\u00e9rieur et les autres ne semblaient pas poss\u00e9der ce qui leur manquait si cruellement. Leur Qu\u00eate change alors de direction : ils vont visiter un peu leur int\u00e9rieur \u00e0 la recherche de cette fameuse valeur. Bien que certains ne le fassent pas, nous sommes bien d&rsquo;accord l\u00e0 dessus. Je ne m&rsquo;arr\u00eaterai qu&rsquo;\u00e0 des g\u00e9n\u00e9ralit\u00e9s, seul compte l&rsquo;\u00e9tat d&rsquo;esprit et non le nombre exact de ses repr\u00e9sentants. Bien \u00e9videmment, il ne la trouvent pas plus \u00ab\u00a0<em>au-dedans<\/em>\u00a0\u00bb qu&rsquo;au dehors. Mais n&rsquo;allons pas trop vite et essayons de comprendre pourquoi.<\/p>\n<p>Certains, supposant s&rsquo;y \u00eatre mal pris, vont alors se tourner vers la spiritualit\u00e9 : les moins chanceux vont devenir&#8230; Bouddhistes !<br \/>\n(Non ! Je d\u00e9conne, respirez ! ) Les plus fut\u00e9s se tourneront plut\u00f4t vers l&rsquo;\u00e9sot\u00e9risme puis, rapidement, vers la forme de psychologie <em>transpersonnelle<\/em> qui semble lui \u00eatre intimement li\u00e9e. C&rsquo;est \u00e0 ce stade que nous voyons d\u00e9barquer de nouveaux \u00ab\u00a0chercheurs de Lumi\u00e8re\u00a0\u00bb sur un forum de spiritualit\u00e9 quelconque.<\/p>\n<p>Gr\u00e2ce \u00e0 ces nouveaux outils, -du moins lorsqu&rsquo;ils ne se sont pas perdus carr\u00e9ment en cours de route \u00e0 la recherche d&rsquo;eux-m\u00eames- voici nos chercheurs tous beaux et propres sur eux et occup\u00e9s \u00e0 apprendre des techniques efficaces cens\u00e9es leur permettre de s&rsquo;int\u00e9rioriser plus encore, cela au point d&rsquo;atteindre, t\u00f4t ou tard, les premi\u00e8res strates de leur subconscience. Et que trouvent-ils dans ces m\u00eames strasses premi\u00e8res ? La preuve formelle que <span style=\"color: #0000ff;\"><i><b>si, \u00e0 l&rsquo;origine, d&rsquo;autres qu&rsquo; eux \u00e9taient responsables de leur d\u00e9pendance, ils sont devenus d\u00e9sormais responsables de leur penchant naturel \u00e0 demeurer d\u00e9pendant d&rsquo;autrui !<\/b><\/i> <\/span><\/p>\n<p>Il est en effet plus pratique d&rsquo;attribuer la cause de nos \u00e9checs \u00e0 l&rsquo;incomp\u00e9tence d&rsquo;autrui et de s&rsquo;attribuer les m\u00e9rites de tout ce qui ressemble de pr\u00e8s ou de loin \u00e0 une forme quelconque de r\u00e9ussite. Cela, c&rsquo;est la premi\u00e8re chose qu&rsquo;ils d\u00e9couvrent et, en g\u00e9n\u00e9ral, la plupart font un peu la grimace et rient jaune mais se pr\u00e9tendent dispos\u00e9s \u00e0 poursuivre leurs investigations et m\u00eame \u00e0 se d\u00e9guiser en sp\u00e9l\u00e9ologues de l&rsquo;\u00e2me, si besoin est !<\/p>\n<p>Mais l\u00e0 o\u00f9 leur enthousiasme chute comme un avion dont les moteurs se serraient brusquement arr\u00eat\u00e9s de fonctionner, c&rsquo;est lorsqu&rsquo;ils atteignent la couche subconsciente dans laquelle se trouvent enregistr\u00e9s <i><b>les actes<\/b><\/i> qui d\u00e9coulent de leur propre fa\u00e7on de penser en tant qu&rsquo;adulte libre et responsable ! Et l\u00e0, c&rsquo;est la catastrophe ! Non pas parce que ce qu&rsquo;ils d\u00e9couvrent alors est horrible ou est \u00ab\u00a0<em>impossible \u00e0 imaginer<\/em>\u00a0\u00bb au pr\u00e9alable mais bien et au contraire, parce que ce qu&rsquo;ils d\u00e9couvrent est d&rsquo;une logique effroyable, car incontournable et absolue.<\/p>\n<p>Et ce qu&rsquo;ils d\u00e9couvrent pourrait se r\u00e9sumer ainsi : <i><span style=\"color: #0000ff;\">\u00ab\u00a0Ta valeur d\u00e9pend de la valeur de tes pens\u00e9es et des actes qui en d\u00e9coulent : si tu n&rsquo;as pas conscience de ta valeur, c&rsquo;est que tu ne poses jamais aucun acte de valeur. Et si tu as le sentiment d&rsquo;\u00eatre une merde, c&rsquo;est parce que tu te conduis <strong>comme si<\/strong> tu \u00e9tais effectivement de la merde !\u00a0\u00bb\u00a0 <\/span><\/i>Comme vous pouvez le constatez, c&rsquo;est \u00e0 la fois simple, logique, rationnel et surtout, sans piti\u00e9 ! Ainsi, ceux qui n&rsquo;ont aucune conscience de leur valeur sont aussi et surtout ceux qui \u00ab\u00a0<em>ne se mouillent jamais<\/em>\u00a0\u00bb et <i><span style=\"text-decoration: underline;\">n&rsquo;ont encore rien fait qui puisse avoir de la valeur<\/span><\/i>.<\/p>\n<p>Ils ne sont pas \u00ab\u00a0<em>moches<\/em>\u00a0\u00bb : ils sont&#8230; <i>Rien du tout !<\/i>\u00a0 Leur <i><b>Ti\u00e9deur<\/b><\/i> naturelle fait que par peur de passer pour des cons ou par honte d&rsquo;assumer d&rsquo;\u00e9ventuels \u00e9checs, ils n&rsquo;ont encore rien fait de notoire et qui soit susceptible de les informer sur leur valeur v\u00e9ritable. Vous captez l&rsquo;id\u00e9e ? OK, Mais pour les autres, alors ? Est-ce \u00e0 dire que si je me sens moche, c&rsquo;est parce que&#8230; Je le suis en v\u00e9rit\u00e9 ? Oui et non !<br \/>\n(J&rsquo;adore \u00e9crire \u00e7a, les apparents paradoxes me font jouir.)<\/p>\n<p>Oui, si vous avez commis l&rsquo;erreur de <b>VOUS IDENTIFIER<\/b> \u00e0 vos processus mentaux de merde (en Fran\u00e7ais dans le texte) Non, si vous comprenez que <i><b><span style=\"color: #ff0000;\">vous n&rsquo;\u00eates pas ce que vous pensez mais celui qui pense toutes ces choses merdiques au possible ! <\/span><\/b><\/i>En clair, <strong><span style=\"color: #0000ff; font-family: comic sans ms,sans-serif;\"><i>c&rsquo;est votre \u00e9tat d&rsquo;esprit qui est merdeux, pas vous.<\/i> <\/span><\/strong>Vous suivez toujours ou vous \u00eates d\u00e9j\u00e0 \u00e9vanoui d&rsquo;horreur ? Pour ceux qui n&rsquo;ont pas encore succomb\u00e9, nous poursuivons gaiement.<\/p>\n<p><span style=\"font-size: 14pt;\"><strong><span style=\"color: #800000;\">Seconde partie <\/span><\/strong><\/span><\/p>\n<p><span style=\"font-size: xx-large;\"><strong>D<\/strong><\/span>ans la premi\u00e8re partie de cet article, nous avons appris qu&rsquo;il existe deux types d&rsquo;individus incapables de d\u00e9finir avec quelque exactitude leur valeur :<\/p>\n<p><span style=\"font-size: x-large;\"><b>1<\/b>. <\/span>Ceux qui ne ressentent rien, car il n&rsquo;existe en fait rien \u00e0 ressentir \u00e0 ce propos, et qui devraient apprendre \u00e0 se mouiller un peu, \u00e0 \u00ab\u00a0<em>prendre des risques<\/em>\u00a0\u00bb et, en un mot, qui devraient commencer \u00e0 se mettre \u00e0 VIVRE pour de vrai, et non pas seulement \u00ab\u00a0<em>en esprit<\/em>\u00a0\u00bb (ou dans leur imagination d\u00e9bordante.)<\/p>\n<p><span style=\"font-size: x-large;\"><b>2<\/b>. <\/span>Ceux qui se sentent \u00e9trangement merdeux ou moches et qui, en fait, se servent de processus mentaux si n\u00e9gatifs ou destructeurs (\u00e9go\u00efsme, rancune, jalousie, etc.), qu&rsquo;ils ne peuvent avoir un autre ressenti que celui qui est pr\u00e9sentement le leur. (Relisez, au cas ^^)<\/p>\n<p>Dans le premier cas, il existe un vide \u00e0 combler pour prendre conscience de sa valeur. Dans le second cas, il serait temps de <i><b>transformer<\/b><\/i> son \u00e9tat d&rsquo;esprit g\u00e9n\u00e9ral, cesser de faire des choses moches pour se sentir enfin quelque peu valeureux, en somme.<\/p>\n<p>Inutile de dire ici que ceux qui se d\u00e9couvrent appartenir \u00e0 la seconde cat\u00e9gorie se d\u00e9p\u00eachent de se trouver des justificatifs ou de mettre en doute le degr\u00e9 d&rsquo;exactitude de leur d\u00e9couverte !<br \/>\nBien que de se contenter de nier le mal ne le transforme pas en bien pour autant, mais bon, c&rsquo;est \u00ab\u00a0<em>humain<\/em>\u00ab\u00a0, il para\u00eet&#8230;<\/p>\n<p>Mais une fois le premier moment de d\u00e9couragement pass\u00e9 et <i><span style=\"text-decoration: underline;\">si la col\u00e8re ne prend pas le dessus sur le bon sens<\/span><\/i>, la personne met son mouchoir l\u00e0-dessus, comme on dit (elle ne s&rsquo;y attarde pas) et passe courageusement \u00e0 la seconde \u00e9tape, la seule qui co\u00fbte et qui consiste \u00e0 <b><i>se r\u00e9former<\/i><\/b> compl\u00e8tement. C&rsquo;est d&rsquo;ailleurs \u00e0 cette fin que les <em>psy \u00e9so<\/em> ont mis au point le fameux <b>P.R.P.<\/b> ou <strong><i><span style=\"color: #800000;\">Processus de R\u00e9forme Psychologique<\/span><\/i>. <\/strong>Gr\u00e2ce \u00e0 cette technique, une personne apprend lentement mais surement \u00e0 inverser les processus mentaux ent\u00e9rin\u00e9s d\u00e8s la prime enfance.<\/p>\n<p>Elle apprend \u00e0 ob\u00e9ir \u00e0 ses besoins naturels, \u00e0 sa nature la plus authentique (m\u00eame si jug\u00e9e moche), ceci afin de r\u00e9apprendre \u00e0 S&rsquo;ASSUMER totalement et \u00e0 <i><b><span style=\"color: #0000ff;\">retrouver le go\u00fbt de l&rsquo;effort personnel, seul garant officiel du sentiment v\u00e9ritable de notre valeur \u00e0 tous. <\/span><\/b><\/i>A l&rsquo;\u00e9vidence, si vos pens\u00e9es et vos actes sont ceux d&rsquo;un animal sauvage, vous ne pourrez pas vous ressentir comme \u00e9tant un saint homme ! Mais le but n&rsquo;est pas de se flatter ou de devenir un surhomme : le but est de redevenir <b><span style=\"text-decoration: underline;\">responsable<\/span><\/b> de ce que nous sommes et des sentiments qui en d\u00e9coulent.<\/p>\n<p>Car peu importe qui vous pensez \u00eatre en ce moment : <span style=\"font-size: 14pt;\"><strong><i><span style=\"color: #800080;\">Si vous n&rsquo;\u00eates que le p\u00e2le reflet de votre \u00e9ducation, alors vous n&rsquo;existez m\u00eame pas encore !<\/span><\/i> \u00a0<\/strong><\/span>Essayez de le comprendre vraiment, compl\u00e8tement et une fois que vous aurez d\u00e9pass\u00e9 le stade bien compr\u00e9hensible de tous les <i>\u00ab\u00a0Oui, mais&#8230;\u00a0\u00bb V<\/i>enez en discuter avec moi. En psy \u00e9so, on ne paye jamais \u00ab\u00a0<i>pour voir<\/i>\u00a0\u00bb ! Je vous attends avec vos questions, commentaires ou avis personnels. N&rsquo;h\u00e9sitez pas, personne ne mord sur ce Blog \ud83d\ude42<\/p>\n<p><strong><span style=\"text-decoration: underline;\">Pour commenter, donner son avis<\/span> :<\/strong><\/p>\n<p>https:\/\/www.facebook.com\/ serge.baccino<\/p>\n<p>&nbsp;<\/p>\n<p><span style=\"font-size: 14pt;\"><strong><em>Serge Baccino<\/em><\/strong><\/span><\/p>\n<p>&nbsp;<\/p>\n","protected":false},"excerpt":{"rendered":"<p>Conscience d&rsquo;acte, conscience de sa propre valeur Il semblerait que l&rsquo;une des plaies de notre soci\u00e9t\u00e9 moderne soit la perte de certains rep\u00e8res fondamentaux. L&rsquo;un de ces rep\u00e8res psychologiques fondamentaux est le sens de notre valeur personnelle. Si nous ignorons notre valeur r\u00e9elle, nous ignorons du m\u00eame coup quelle peut \u00eatre notre place l\u00e9gitime au &hellip; <a href=\"https:\/\/www.theb4.fr\/vivre-livres\/conscience-dacte-et-conscience-de-sa-propre-valeur\/\" class=\"more-link\">Continuer la lecture de <span class=\"screen-reader-text\">Conscience d&rsquo;acte et conscience de sa propre valeur<\/span>  <span class=\"meta-nav\">&rarr;<\/span><\/a><\/p>\n","protected":false},"author":1,"featured_media":0,"comment_status":"closed","ping_status":"closed","sticky":false,"template":"","format":"standard","meta":{"footnotes":""},"categories":[3],"tags":[1233,1279,169,1276,16,1272,1290,22,1247,1264,1259,26,1268,1250,1241,1246,1274,1287,1262,1286,1257,1265,1263,1292,51,1283,905,1275,1251,1284,1271,1277,1289,1240,1248,1218,1256,1253,1281,1270,1252,763,1278,550,1245,1243,70,1282,686,1249,1254,1267,339,1294,1255,884,1269,1235,1258,1291,826,335,91,1273,1288,549,1244,1236,1293,1242,781,1280,1237,1239,1238,840,1260,1261,1266,1234,1285],"class_list":["post-399","post","type-post","status-publish","format-standard","hentry","category-artcl","tag-acte","tag-actes-de-valeur","tag-assumer","tag-autrui","tag-blog","tag-bouddhistes","tag-categorie","tag-commentaires","tag-complexee","tag-comportement","tag-confiance-en-soi","tag-consc","tag-dage-mur","tag-dependance-a-autrui","tag-deprimes","tag-deresponsabiliser","tag-echecs","tag-egoisme","tag-emotionnelle","tag-en-esprit","tag-etat-desprit","tag-exigences","tag-geniteurs","tag-gout-de-leffort","tag-hmn","tag-identifier","tag-imagination","tag-incompetence","tag-indices-positifs","tag-individus","tag-inexister","tag-investigations","tag-jalousie","tag-jeunes","tag-jugement","tag-lego","tag-lenfant","tag-lorigine","tag-la-tiedeur","tag-la-trentaine","tag-le-message","tag-legitime","tag-les-actes","tag-logique","tag-marasme","tag-marchandises","tag-mthd","tag-moche","tag-moi-idealise","tag-nullite","tag-obeir","tag-olibrius","tag-outils","tag-pale-reflet","tag-parents","tag-pensee","tag-personne","tag-plaies","tag-premisse","tag-prime-enfance","tag-processus-mentaux","tag-psukelogos","tag-psy-eso","tag-psychologie-transpersonnelle","tag-rancune","tag-rationnel","tag-reality-shows-star-academie","tag-reperes-fondamentaux","tag-sassumer","tag-se-vendre","tag-sentiment","tag-simple","tag-societe","tag-sous-estiment","tag-surestiment","tag-technique","tag-tout-est-double","tag-tutelle","tag-tyranniques","tag-valeur","tag-vivre"],"_links":{"self":[{"href":"https:\/\/www.theb4.fr\/vivre-livres\/wp-json\/wp\/v2\/posts\/399","targetHints":{"allow":["GET"]}}],"collection":[{"href":"https:\/\/www.theb4.fr\/vivre-livres\/wp-json\/wp\/v2\/posts"}],"about":[{"href":"https:\/\/www.theb4.fr\/vivre-livres\/wp-json\/wp\/v2\/types\/post"}],"author":[{"embeddable":true,"href":"https:\/\/www.theb4.fr\/vivre-livres\/wp-json\/wp\/v2\/users\/1"}],"replies":[{"embeddable":true,"href":"https:\/\/www.theb4.fr\/vivre-livres\/wp-json\/wp\/v2\/comments?post=399"}],"version-history":[{"count":0,"href":"https:\/\/www.theb4.fr\/vivre-livres\/wp-json\/wp\/v2\/posts\/399\/revisions"}],"wp:attachment":[{"href":"https:\/\/www.theb4.fr\/vivre-livres\/wp-json\/wp\/v2\/media?parent=399"}],"wp:term":[{"taxonomy":"category","embeddable":true,"href":"https:\/\/www.theb4.fr\/vivre-livres\/wp-json\/wp\/v2\/categories?post=399"},{"taxonomy":"post_tag","embeddable":true,"href":"https:\/\/www.theb4.fr\/vivre-livres\/wp-json\/wp\/v2\/tags?post=399"}],"curies":[{"name":"wp","href":"https:\/\/api.w.org\/{rel}","templated":true}]}}