{"id":476,"date":"2013-06-05T15:54:16","date_gmt":"2013-06-05T14:54:16","guid":{"rendered":"http:\/\/www.theb4.fr\/vivre-livres\/?p=476"},"modified":"2013-06-05T17:46:49","modified_gmt":"2013-06-05T16:46:49","slug":"quelques-definitions-utiles","status":"publish","type":"post","link":"https:\/\/www.theb4.fr\/vivre-livres\/quelques-definitions-utiles\/","title":{"rendered":"Quelques d\u00e9finitions utiles"},"content":{"rendered":"<p><span style=\"font-size: xx-large;\"><strong><a href=\"http:\/\/www.theb4.fr\/vivre-livres\/wp-content\/uploads\/2013\/06\/arbre-vie.png\"><img loading=\"lazy\" decoding=\"async\" class=\"alignleft size-full wp-image-479\" alt=\"arbre-vie\" src=\"http:\/\/www.theb4.fr\/vivre-livres\/wp-content\/uploads\/2013\/06\/arbre-vie.png\" width=\"150\" height=\"211\" \/><\/a>P<\/strong><\/span>our les d\u00e9butants, pour tous ceux qui visitent pour la premi\u00e8re fois ce Blog et m\u00eame pour les autres, voici un petit r\u00e9sum\u00e9 du sens exact \u00e0 donner \u00e0 certains termes \u00e9sot\u00e9riques, <span style=\"text-decoration: underline;\"><em>selon<\/em><\/span> la psychologie \u00e9sot\u00e9rique. Attendu que l\u2019essentiel de ce Blog tourne autour de la psy \u00e9so, justement, il m\u2019a sembl\u00e9 opportun de placer ici et l\u00e0 quelques rappels du sens pr\u00e9cis que nous donnons \u00e0 certains mots. Si l\u2019un quelconque de mes lecteurs se trouve en d\u00e9saccord avec l\u2019une de ces d\u00e9finitions, qu\u2019il se souviennent avant de tomber gravement malade, que ces d\u00e9finitions ne concernent que les <span style=\"color: #800000;\">psychologues \u00e9sot\u00e9ristes<\/span> et que personne n\u2019est oblig\u00e9 de les accepter.<\/p>\n<p>&nbsp;<\/p>\n<p>Cela dit, et s&rsquo;il y regarde de plus pr\u00e8s, avant de r\u00e2ler, il r\u00e9alisera que ces m\u00eames d\u00e9finitions sont soit plus \u00ab\u00a0<em>a\u00e9r\u00e9es<\/em>\u00a0\u00bb soit plus <em>logiques<\/em> et intellectuellement recevables, que celles de l&rsquo;\u00e9sot\u00e9risme traditionnel, qui commencent l\u00e9g\u00e8rement \u00e0 dater et \u00e0 fleurer bon l&rsquo;odeur de naphtaline et de poussi\u00e8re.<\/p>\n<p>&nbsp;<\/p>\n<p>Mes d\u00e9finitions ou celles de la psy \u00e9so (c&rsquo;est pareil), sont brutes de d\u00e9coffrage, c&rsquo;est \u00e0 dire qu&rsquo;elles appartiennent toutes \u00e0 l&rsquo;\u00e9sot\u00e9risme originel, de base et non encore retraduit et \u00ab\u00a0adapt\u00e9\u00a0\u00bb (trahis ?) par toutes sortes de rajouts plus ou moins heureux, cela afin de le faire correspondre avec une \u00e9poque, un peuple, une croyance, un \u00e9tat d&rsquo;esprit, etc.<\/p>\n<p>Il est d&rsquo;ailleurs utile de pr\u00e9ciser ici que la plupart des mots utilis\u00e9s par les \u00e9sot\u00e9ristes sont issus ou originaires de <strong><em>la tradition indo-aryenne<\/em><\/strong>, qui a elle-m\u00eame \u00e9tait un brin teint\u00e9e par quelques traditions religieuses dont je ne dirai rien, si ce n&rsquo;est que dans l&rsquo;une d&rsquo;elle, quelques \u00e2nes b\u00e2t\u00e9s ont cru bon de devoir faire mourir le fils unique de Dieu sur une croix afin de compenser les p\u00e9ch\u00e9s de tous les trous du culte qui viendraient apr\u00e8s ! (Ben quoi ? Ce n&rsquo;est pas un indice facile, avouez !)<\/p>\n<p>&nbsp;<\/p>\n<p>A noter que ces rappel de d\u00e9finitions de mots selon la psy \u00e9so, ne suivent pas n\u00e9cessairement un ordre logique mais sont donn\u00e9s en fonction de la fr\u00e9quence de leur emploi et, aussi, parce que certains d&rsquo;entre eux pr\u00eatent \u00e0 confusion (comme le mot \u00ab\u00a0karma\u00a0\u00bb, par exemple, ou encore \u00ab\u00a0\u00e2me.\u00a0\u00bb)<\/p>\n<p>&nbsp;<\/p>\n<p>&nbsp;<\/p>\n<p><span style=\"font-size: large; color: #000000;\"><strong>Le Soi<\/strong> :<\/span> C\u2019est notre v\u00e9ritable <em>individualit\u00e9<\/em>, c\u2019est ce que nous sommes globalement ainsi que notre potentiel \u00e0 \u00eatre ou notre \u00ab\u00a0avenir\u00a0\u00bb. Le Soi ne peut pas s\u2019incarner directement car il vibre trop haut et est bien trop vaste pour cela. Le Soi est compos\u00e9 de deux parties : le <em>Soi Naturel<\/em> ou <em>\u00ab\u00a0Humain\u00a0\u00bb, qui repr\u00e9sente <\/em>sa partie<em> \u00ab\u00a0basse\u00a0\u00bb<\/em> (en terme de fr\u00e9quence vibratoire) qui donne naissance et qui synth\u00e9tise l&rsquo;ensemble des personnalit\u00e9s lin\u00e9aires (qui suivent un cycle d&rsquo;incarnations et s&rsquo;expriment dans le temps) et sa partie \u00ab\u00a0haute\u00a0\u00bb (en vibrations par seconde = v\/s) qui est souvent appel\u00e9e le<em> Soi Divin.<\/em>\u00a0<em><\/em><\/p>\n<p>&nbsp;<\/p>\n<p>Le <em>Soi Divin<\/em> est notre premi\u00e8re et plus Haute R\u00e9alit\u00e9; il est notre Source-Centre, notre Origine, notre Essence spirituelle et notre Devenir (ou notre But) Comme sa fr\u00e9quence spirituelle est celle de la Conscience Pure, il ne peut pas s\u2019incarner ni m\u00eame descendre en fr\u00e9quence au niveau des plans dits \u00ab\u00a0incarnatoires\u00a0\u00bb, c\u2019est \u00e0 dire qu&rsquo;il ne peut pas descendre plus bas que le premier Plan Divin qui est, pour nous, le huiti\u00e8me en montant. Quand au Soi naturel, il ne peut pas descendre plus bas (en fr\u00e9quence toujours) que le plan Bouddhique (le sixi\u00e8me en montant)<\/p>\n<p>&nbsp;<\/p>\n<p>&nbsp;<\/p>\n<p>Sachant que la personnalit\u00e9 humaine r\u00e9ussie \u00e0 peine \u00e0 s&rsquo;\u00e9lever au plan causal (en m\u00e9ditation ou lors de d\u00e9doublements, on peut d\u00e8s lors comprendre que pour reconstituer notre unit\u00e9 premi\u00e8re \u00e0 partir de notre actuelle \u00ab\u00a0tri-unit\u00e9\u00a0\u00bb (ou trinit\u00e9) nous devons \u00e9lever notre conscience mentale jusqu&rsquo;au plan mental sup\u00e9rieur (ou plan Causal) afin de nous reconnecter au Soi, qui lui-m\u00eame demeure plus ou moins connect\u00e9 au Soi Divin (pour des raisons qui nous m\u00e8neraient trop loin dans un petit article de ce genre.<\/p>\n<p><em><\/em>Pour contacter notre Conscience Divine, nous devons donc \u00eatre capable, dans un premier temps, de hausser <em>notre conscience personnelle<\/em> (le \u00ab\u00a0moi\u00a0\u00bb) au niveau du plan imm\u00e9diatement sup\u00e9rieur au Causal (le 5e en montant, correspondant au Chakra de la Gorge) , c\u2019est \u00e0 dire le <em><strong>Plan Bouddhique,<\/strong>\u00a0<\/em>puis dans un second temps -et avec l&rsquo;aide de notre Soi-Conscience (la conscience relative au niveau particulier sur lequel se tient notre Soi, donc)- jusqu&rsquo;au premier Plan Divin. Ceux qui y parviennent sont appel\u00e9s des <em>\u00ab\u00a0Bouddha\u00a0\u00bb<\/em> dans la tradition Hindou.<\/p>\n<p>&nbsp;<\/p>\n<p>&nbsp;<\/p>\n<p>Au premier coup d\u2019\u0153il, le sujet peut para\u00eetre compliqu\u00e9 mais, en fait, il ne l&rsquo;est pas vraiment. Nous sommes comme une fus\u00e9e de trois \u00e9tages dont chacun de ces \u00e9tages peut soit fonctionner sans les deux autres et ind\u00e9pendamment d&rsquo;eux, soit fonctionner en concordance totale avec les deux autres; selon les cas (et les besoins du moment)<\/p>\n<p>Chacun de nous, sans le r\u00e9aliser, occupe de nombreuse fonctions et porte de nombreux masques, et ce, en simultan\u00e9. Une preuve ? Ok.<\/p>\n<p>&nbsp;<\/p>\n<p>&nbsp;<\/p>\n<p>Un homme ne peut-il pas \u00eatre le fils de ses parents, l&rsquo;\u00e9poux de sa femme, le p\u00e8re de son fils, le professeur de ses \u00e9l\u00e8ves de classe et le subordonn\u00e9 de son recteur d&rsquo;acad\u00e9mie ? Et tout cela, en m\u00eame temps ?<\/p>\n<p>Si vous \u00eates une femme, ne pouvez-vous pas \u00eatre \u00e0 la fois une m\u00e8re aimante, une \u00e9pouse attentive et d\u00e9vou\u00e9e, une secr\u00e9taire de direction bilingue et avec un CV impressionnant et, pourquoi pas, la pr\u00e9sidente d&rsquo;une association culturelle dont le si\u00e8ge social se situe dans votre quartier r\u00e9sidentiel ?<\/p>\n<p>Nous sommes des personnages complexes, capable de \u00ab\u00a0fonctionner\u00a0\u00bb sur plusieurs niveaux \u00e0 la fois et d&rsquo;occuper plusieurs postes \u00e0 responsabilit\u00e9 en m\u00eame temps (en fait, tour \u00e0 tour mais le tout existe bien en m\u00eame temps et durant cette vie ci.)<\/p>\n<p>&nbsp;<\/p>\n<p>&nbsp;<\/p>\n<p>Le <em>Soi Naturel<\/em> (ou \u00ab\u00a0Soi\u00a0\u00bb tout court ^^) est cette partie du <em>Soi Divin<\/em> qui est impliqu\u00e9e dans <span style=\"color: #800000;\"><em><strong>l\u2019Aventure Humaine.<\/strong><\/em><\/span> C\u2019est notre Individualit\u00e9 Humaine et c\u2019est elle, <span style=\"text-decoration: underline;\"><em>et non l\u2019\u00e2me<\/em><\/span> (voir plus bas) ou m\u00eame la personnalit\u00e9 (idem),\u00a0 qui se r\u00e9incarne de vies en vies.<\/p>\n<p>En fait, au niveau du Soi, les vies ne sont pas \u00ab\u00a0successives\u00a0\u00bb mais <em>simultan\u00e9es <\/em>! Pour Lui, <span style=\"color: #800000;\"><strong>tout existe en m\u00eame temps.<\/strong> <\/span>Il peut donc s\u2019incarner dans ce qui, pour nous et sur Terre, repr\u00e9sente <em>notre<\/em> pass\u00e9 ou <em>notre<\/em> futur, par exemple.<\/p>\n<p>&nbsp;<\/p>\n<p>&nbsp;<\/p>\n<p>Le Soi est \u00e9volutif, c\u2019est \u00e0 dire que sa conscience initialement divine, s\u2019est teint\u00e9e avec le \u00ab\u00a0temps\u00a0\u00bb (de notre point de vue terrestre) de toutes ces \u00ab\u00a0qualit\u00e9s\u00a0\u00bb et \u00ab\u00a0d\u00e9fauts\u00a0\u00bb qui font d\u2019un \u00eatre humain ce qu\u2019il est.<\/p>\n<p>Si <em>le Soi Divin<\/em> est totalement Divin, et donc parfait, \u00e9ternel et non-\u00e9volutif, <em>le Soi<\/em> (Naturel) est on ne peut plus humain car son degr\u00e9 d\u2019investissement au sein de l\u2019exp\u00e9rience mat\u00e9rielle et humaine, l\u2019a rendu quasi semblable \u00e0 une \u00ab\u00a0super-personnalit\u00e9\u00a0\u00bb (une personne mais en bien plus puissant).<\/p>\n<p>&nbsp;<\/p>\n<p>&nbsp;<\/p>\n<p>La plupart des <em>Soi<\/em> (sans le \u00ab\u00a0s\u00a0\u00bb, m\u00eame au pluriel, merci) sont humains \u00e0 plus de 70% et rares sont ceux dont la partie divine l\u2019emporte sur la partie humaine.<\/p>\n<p>Quand c&rsquo;est le cas, on les appellent des \u00ab\u00a0Ma\u00eetres\u00a0\u00bb et ceux qui se sont fondus dans leur propre Divinit\u00e9 sont appel\u00e9s des \u00ab\u00a0Christs\u00a0\u00bb<\/p>\n<p><em>Le Soi <\/em>est capable d\u2019envoyer plusieurs extensions de lui-m\u00eame en simultan\u00e9, ceci afin d\u2019obtenir un maximum d\u2019exp\u00e9riences dans un minimum de ce temps qui, bien que ne le concernant pas Lui-M\u00eame, concerne n\u00e9anmoins chacune de ses extensions, les \u00ab\u00a0personnalit\u00e9s terrestres\u00a0\u00bb.<\/p>\n<p>&nbsp;<\/p>\n<p>&nbsp;<\/p>\n<p>Il est rare qu\u2019un <em>Soi <\/em>choisisse d\u2019envoyer deux extensions au m\u00eame endroit (plans) et, surtout, au m\u00eame \u00ab\u00a0moment\u00a0\u00bb (temps lin\u00e9aire terrestre) Mais ce fait, m\u00eame tr\u00e8s rare, est ce qui a donn\u00e9 naissance \u00e0 la croyance en les\u00a0 \u00e2mes-s\u0153urs ou \u00e2mes jumelles, selon les cas, car les d\u00e9finitions varient h\u00e9las, d&rsquo;une personne \u00e0 l&rsquo;autre, chacune \u00e9tant assur\u00e9e de d\u00e9tenir la v\u00e9ritable d\u00e9finition, bien \u00e9videmment !<\/p>\n<p>Si vous n&rsquo;avez pas compris quelque chose au sujet des trois niveaux simultan\u00e9s de l&rsquo;entit\u00e9 humaine (personnalit\u00e9, Soi et Soi-Divin), servez-vous des commentaires.<\/p>\n<p>&nbsp;<\/p>\n<p>&nbsp;<\/p>\n<p>Vous pouvez poser toutes les questions que vous d\u00e9sirez, car cet article n&rsquo;a pour seul but que de vous fournir une d\u00e9finition rapide, presque lapidaire, et non de vous pr\u00e9senter un cours complet et exhaustif sur ce vaste sujet.<\/p>\n<p>&nbsp;<\/p>\n<p>&nbsp;<\/p>\n<p><span style=\"font-size: large; color: #000000;\"><strong>L\u2019\u00e2me<\/strong> :<\/span> (Du latin <em>\u00ab\u00a0animus\u00a0\u00bb<\/em> et <em>\u00ab\u00a0anima\u00a0\u00bb<\/em>) L\u2019\u00e2me, c\u2019est tout simplement <em><strong>ce qui nous anime.<\/strong><\/em> (d\u2019o\u00f9 le nom) c\u2019est \u00e0 dire l\u2019ensemble de <em>nos pens\u00e9es et de nos \u00e9motions, <\/em>plus commun\u00e9ment appel\u00e9s <span style=\"color: #800000;\"><em>\u00ab\u00a0processus mentaux\u00a0\u00bb<\/em><\/span><br \/>\nL\u2019\u00e2me n\u2019est pas <em>\u00ab\u00a0quelque chose\u00a0\u00bb<\/em> ou <em>\u00ab\u00a0quelqu\u2019un\u00a0\u00bb<\/em> mais juste un r\u00e9servoir.<\/p>\n<p>Elle est la somme de toutes les exp\u00e9riences du<strong><em> Soi <\/em><\/strong>(Naturel), condens\u00e9es en une sorte de vortex \u00e9nerg\u00e9tique. Il ne faut pas <strong>confondre<\/strong> <em>l\u2019\u00e2me<\/em> avec <em>le Soi<\/em>, c\u2019est \u00e0 dire l\u2019Individualit\u00e9 humaine et immortelle (Soi) avec la somme globale des exp\u00e9riences qu\u2019elle a v\u00e9cues, sur cette plan\u00e8te ou ailleurs, associ\u00e9e \u00e0 la somme des diff\u00e9rents \u00e9tats d&rsquo;esprit qui en ont d\u00e9coul\u00e9 (\u00e2me)<\/p>\n<p>&nbsp;<\/p>\n<p>&nbsp;<\/p>\n<p>Bien sur, ce que nous vivons a une forte incidence sur notre <em><strong>personnalit\u00e9<\/strong><\/em> et notre <em>caract\u00e8re<\/em> mais l\u2019individu <em><strong>est<\/strong><\/em> et <em><strong>sera<\/strong><\/em> toujours DISTINCT de ce qu\u2019il vit et exp\u00e9rimente. Dans le cas contraire, s\u2019il s\u2019identifie \u00e0 ce qu\u2019il pense, ressent et vit, <em>il devient le jouet de son propre esprit au lieu d\u2019en \u00eatre le Ma\u00eetre.\u00a0<\/em>Ce qui est le v\u00e9ritable sens \u00e0 donner \u00e0 l&rsquo;expression bien connue :\u00a0<em>\u00ab\u00a0Atteindre la Ma\u00eetrise. \u00bb<\/em><br \/>\nEn fait, <em>ce n\u2019est pas notre personnalit\u00e9 terrestre qui a une \u00e2me mais bien notre Soi<\/em>, c\u2019est \u00e0 dire <span style=\"color: #800000;\"><strong><em>ce que nous sommes en tant qu\u2019individualit\u00e9 humaine<\/em> <\/strong><\/span>(Soi) issue d\u2019une Individualit\u00e9 Cosmique ou Divine (Soi Divin)<\/p>\n<p>&nbsp;<\/p>\n<p>&nbsp;<\/p>\n<p>L\u2019\u00e2me est la somme d\u2019exp\u00e9rience qui permet \u00e0 quelque chose de Parfait et de Divin (Soi Divin) de conna\u00eetre tout ce que peut vivre et ressentir une des Cr\u00e9ation Divine les plus \u00e9labor\u00e9es (le Soi Naturel) Elle-m\u00eame s&rsquo;appuyant sur plusieurs sortes d&rsquo;exp\u00e9riences en simultan\u00e9 et \u00e0 partir de plusieurs \u00e9tats d&rsquo;esprit diff\u00e9rents mais tous compl\u00e9mentaires (les diverses personnalit\u00e9s qui s\u2019\u00e9chelonnent dans le temps lin\u00e9aire, dans la Cr\u00e9ation universelle continue.<\/p>\n<p>&nbsp;<\/p>\n<p>&nbsp;<\/p>\n<p><span style=\"font-size: large; color: #000000;\"><strong>La personnalit\u00e9<\/strong> : <\/span>C\u2019est <em>une extension<\/em> directe et ponctuelle d\u2019un Soi Naturel. Une personnalit\u00e9 incarne g\u00e9n\u00e9ralement un ou plusieurs aspects mentaux et \u00e9motionnels que la <em>Soi-Conscience<\/em> (l\u2019Individualit\u00e9, le Soi, ce que nous sommes en fait dans notre partie humaine) veut tester ou exp\u00e9rimenter.<\/p>\n<p>Selon l\u2019\u00e9tat d\u2019esprit qui doit \u00eatre exp\u00e9riment\u00e9, le Soi peut envoyer plusieurs <em>extensions<\/em> (ou \u00ab\u00a0prolongements\u00a0\u00bb) de lui-m\u00eame, sur plusieurs \u00ab\u00a0plans\u00a0\u00bb de conscience diff\u00e9rents. Par exemple, il peut simultan\u00e9ment \u00ab\u00a0s\u2019incarner\u00a0\u00bb sur le Plan Causal, sur le Plan Mental, sur le Plan Astral et sur le Plan Terrestre (ou \u00ab\u00a0physique dense\u00a0\u00bb)<\/p>\n<p>&nbsp;<\/p>\n<p>&nbsp;<\/p>\n<p>Il n\u2019est pas rare de voir un Soi employer simultan\u00e9ment entre trois et dix d\u2019<em>extensions<\/em>, ceci afin d\u2019obtenir plusieurs angles de vision diff\u00e9rents, et ce, <span style=\"color: #800000;\"><em>\u00e0 partir d\u2019un seul et m\u00eame \u00e9tat d\u2019esprit g\u00e9n\u00e9ral.<\/em><\/span><\/p>\n<p>La personnalit\u00e9 n\u2019est \u00e9videmment pas immortelle et, d\u2019ailleurs, <em><strong>elle n\u2019a aucun int\u00e9r\u00eat \u00e0 le devenir<\/strong><\/em>, du moins aux yeux du Soi. Durant une vie humaine donn\u00e9e (une <em>extension<\/em>, donc) la personnalit\u00e9 \u00ab\u00a0en cours\u00a0\u00bb (Terrestre) n\u2019a aucun souvenir de qui elle est, de ses origines et m\u00eame, de ses buts (pourquoi elle est l\u00e0) <em>ceci est voulu<\/em> car <em><strong><span style=\"color: #0000ff;\">si une personnalit\u00e9 se souvenait d\u2019\u00eatre une partie ins\u00e9cable d&rsquo;un Soi, elle ne r\u00e9agirait pas de la m\u00eame fa\u00e7on face \u00e0 certaines exp\u00e9riences typiquement humaines ni aussi spontan\u00e9ment.<\/span> <\/strong><\/em><\/p>\n<p>&nbsp;<\/p>\n<p>Le fait m\u00eame qu\u2019elle puisse se croire seule, unique, sans r\u00e9el pouvoir et \u00e0 la merci de nombreux facteurs ext\u00e9rieurs pouvant largement interf\u00e9rer dans sa vie, est <em>l\u2019\u00e9l\u00e9ment clef<\/em> qui fait toute la richesse (et l\u2019authenticit\u00e9) d\u2019une incarnation.<\/p>\n<p>En somme, c\u2019est du fait m\u00eame de son ignorance totale de ses origines, de son pouvoir r\u00e9el et de ses buts, que <em>la personnalit\u00e9<\/em> pr\u00e9sente toute les qualit\u00e9s requises pour exp\u00e9rimenter vraiment la vie humaine <em><strong>d\u2019un point de vue<\/strong><\/em> vraiment humain.<\/p>\n<p>&nbsp;<\/p>\n<p>&nbsp;<\/p>\n<p>A noter qu\u2019une personnalit\u00e9, <em>contrairement \u00e0 la croyance populaire<\/em>,<strong> n\u2019a aucune incarnation ou vie pass\u00e9e ! <\/strong><\/p>\n<p>C\u2019est le Soi qui <em><strong>se r\u00e9incarne<\/strong><\/em>, du moins en partie (de 8 \u00e0 15 % de son Essence, environ et \u00e0 chaque fois) pas ses extensions qui elles, ne connaissent et ne vivent qu\u2019une seule vie terrestre.<\/p>\n<p>&nbsp;<\/p>\n<p>&nbsp;<\/p>\n<p>De fait, une personnalit\u00e9 ne peut pas non plus avoir de \u00ab\u00a0vies futures\u00a0\u00bb car les autres vies, pass\u00e9es ou futures, ne concernent que le Soi, pas ses extensions.<\/p>\n<p>C&rsquo;est en toute logique que nous pourrions affirmer ici que si une personnalit\u00e9 se r\u00e9incarnait, apr\u00e8s avoir quitt\u00e9 son corps de chair (mort), c&rsquo;est \u00e0 ce moment l\u00e0 qu&rsquo;elle deviendrait vraiment mortelle ou qu&rsquo;elle \u00ab\u00a0mourrait\u00a0\u00bb car, en p\u00e9n\u00e9trant le petit corps d&rsquo;un b\u00e9b\u00e9 \u00e0 na\u00eetre, elle perdrait tout souvenir de qui elle est ou \u00e9tait. Chaque personnalit\u00e9 n&rsquo;a donc qu&rsquo;une seule vie et apr\u00e8s cette derni\u00e8re, elle demeure sur les plans de conscience qui sont les siens, pour une dur\u00e9e qui peut aller de quelques milliers d&rsquo;ann\u00e9es \u00e0&#8230; l&rsquo;\u00e9ternit\u00e9, selon ses choix et d\u00e9sirs.<\/p>\n<p>&nbsp;<\/p>\n<p>&nbsp;<\/p>\n<p>C\u2019est cet \u00e9tat de fait, mal compris par ailleurs, qui engendre cette peur panique de la mort. La programmation cellulaire du corps physique de la personnalit\u00e9 contient, comme message, de n\u2019avoir <span style=\"text-decoration: underline;\"><em>que cette vie \u00e0 vivre<\/em><\/span> en tant qu\u2019unit\u00e9 de conscience.<\/p>\n<p>Le mental en d\u00e9duit que, attendu que la personnalit\u00e9 a eut un commencement, elle conna\u00eetra n\u00e9cessairement une \u00ab\u00a0fin\u00a0\u00bb comparable \u00e0 <em>une mort d\u00e9finitive. Ce qui, bien \u00e9videmment, n&rsquo;est pas le cas.<br \/>\n<\/em><\/p>\n<p>&nbsp;<\/p>\n<p>&nbsp;<\/p>\n<p>La r\u00e9alit\u00e9 est \u00e0 la fois plus belle et grandiose que cela ! Il existe deux \u00ab\u00a0destin\u00e9es probables\u00a0\u00bb pour une personnalit\u00e9 terrestre : soit elle quittera son corps et redeviendra ce qu\u2019elle \u00e9tait auparavant, c\u2019est \u00e0 dire une partie (un pourcentage) du Soi Naturel, soit elle continuera en tant que personnalit\u00e9 distincte sur l&rsquo;un quelconque des plans invisibles et poursuivra sa vie <em><strong>en tant qu\u2019entit\u00e9 distincte de sa Source<\/strong><\/em> (le Soi) et deviendra, \u00e0 la longue et elle-m\u00eame un Soi, (si tel est sa volont\u00e9) pouvant donner naissance \u00e0 quelques extensions simultan\u00e9es.<\/p>\n<p>Deux destin\u00e9es autrement plus spirituelles et rassurantes que le vulgaire destin suppos\u00e9 de l\u2019\u00eatre humain, se r\u00e9sumant \u00e0 devoir t\u00f4t ou tard <em>\u00ab\u00a0mourir pour de vrai\u00a0\u00bb<\/em> !<\/p>\n<p>&nbsp;<\/p>\n<p>&nbsp;<\/p>\n<p><span style=\"font-size: large;\"><strong>Incarnations<\/strong> :<\/span> Elles sont simultan\u00e9es et non lin\u00e9aires ou <em>successives,<\/em> comme le pensent g\u00e9n\u00e9ralement et \u00e0 tort les \u00e9tudiants qui n\u2019ont pas encore compris que <em>le temps et l\u2019espace n&rsquo;existent pas, ne sont que <strong>des notions humaines,<\/strong><\/em><strong> <\/strong><strong><\/strong>ou encore, <em>de simples vues de l&rsquo;esprit.<\/em><\/p>\n<p><strong>Toutes les incarnations d\u2019un m\u00eame Soi<\/strong> (ou Individualit\u00e9) <span style=\"color: #800000;\"><strong>se produisent en m\u00eame temps.<\/strong><\/span> Et c\u2019est d\u2019ailleurs pour cela qu\u2019il nous est possible d&rsquo;avoir acc\u00e8s, en esprit (ou psychiquement) aux fameuses \u00ab\u00a0<em>vie pass\u00e9e\u00a0\u00bb<\/em><\/p>\n<p>&nbsp;<\/p>\n<p>&nbsp;<\/p>\n<p><em>En fait de \u00ab\u00a0pass\u00e9es\u00a0\u00bb, <span style=\"color: #ff6600;\"><strong>elles se passent toutes en ce moment m\u00eame, en m\u00eame temps que notre pr\u00e9sente vie personnelle. <\/strong><\/span><\/em>Et c&rsquo;est parce qu&rsquo;elles se d\u00e9roulent <em>\u00ab\u00a0en ce moment\u00a0\u00bb<\/em>, que nous pouvons les voir se d\u00e9rouler sous les yeux de notre conscience, et comme si nous y \u00e9tions vraiment !<\/p>\n<p>Ce qui n&rsquo;est faux qu&rsquo;en partie, car une personnalit\u00e9 consiste en une certaine \u00ab\u00a0quantit\u00e9\u00a0\u00bb de <em>Soi-Conscience<\/em>, g\u00e9n\u00e9ralement entre 8 et 15%, en moyenne et jusqu&rsquo;\u00e0 ce jour du moins, sauf pour certains g\u00e9nies de l&rsquo;humanit\u00e9.)<em><br \/>\n<\/em><\/p>\n<p>&nbsp;<\/p>\n<p>&nbsp;<\/p>\n<p><em>En fait, u<\/em>n peu de bon sens suffirait \u00e0 nous faire admettre que si on peut \u00ab\u00a0revivre\u00a0\u00bb une vie<em> pass\u00e9e<\/em>, c\u2019est qu\u2019elle n\u2019est pas \u00ab\u00a0pass\u00e9e\u00a0\u00bb, justement, mais <em><strong>\u00ab\u00a0se passe\u00a0\u00bb<\/strong><\/em> (se produit) actuellement ET <em>\u00e0 chaque instant<\/em> (en continue)<\/p>\n<p>Il est bien plus difficile d&rsquo;expliquer ce fait que de le comprendre, lorsqu&rsquo;on y est directement confront\u00e9 (comme pour tout, d&rsquo;ailleurs)<\/p>\n<p>&nbsp;<\/p>\n<p>Ceux qui peuvent vivre ce genre d\u2019exp\u00e9rience \u00e0 volont\u00e9 -et ils sont rares- peuvent toujours tester cette affirmation : ils constateront que, en effet, quelle que soit l\u2019heure ou l\u2019\u00e9poque o\u00f9 l\u2019on tente ce genre de contact, on \u00ab\u00a0tombe\u00a0\u00bb immanquablement sur le d\u00e9roulement d\u2019une autre vie \u00ab\u00a0en cours\u00a0\u00bb (qui \u00e0 son propre niveau se d\u00e9roule dans son propre pr\u00e9sent, donc)<\/p>\n<p>Si nous d\u00e9sirons \u00ab\u00a0voir\u00a0\u00bb une \u00e9poque pr\u00e9cise et donn\u00e9e, alors l&rsquo;esprit \u00ab\u00a0d\u00e9roule\u00a0\u00bb sa M\u00e9moire Naturelle (les fameuses \u00ab\u00a0Annales Akashiques\u00a0\u00bb) et nous repasse simplement les parties du \u00ab\u00a0film\u00a0\u00bb (vie) qui se sont d\u00e9j\u00e0 d\u00e9roul\u00e9es, et ce EN RAPPORT avec le moment (ou la date) de notre propre incarnation, durant lequel nous en faisons la demande. Par exemple, si nous avons 5O ans, actuellement et dans cette vie, pour \u00ab\u00a0voir\u00a0\u00bb les dix ou quinze premi\u00e8res ann\u00e9es d&rsquo;une autre \u00ab\u00a0extension\u00a0\u00bb (personnalit\u00e9 de notre Soi), nous devons re d\u00e9rouler le film jusqu&rsquo;\u00e0 35 ou 40 ann\u00e9es en arri\u00e8re. Vous captez l&rsquo;id\u00e9e ?<\/p>\n<p>&nbsp;<\/p>\n<p>&nbsp;<\/p>\n<h2><strong><span style=\"color: #ff6600; font-size: large;\">Quelques explications suppl\u00e9mentaires<\/span>\u00a0<\/strong><\/h2>\n<p>&nbsp;<\/p>\n<p>&nbsp;<\/p>\n<p><span style=\"font-size: xx-large;\"><strong>P<\/strong><\/span>ourquoi existe-t-il tant de traditions diff\u00e9rentes et de terme diff\u00e9rents pour d\u00e9signer des choses simples et identiques par ailleurs ? Pour deux raisons : l\u2019une parce qu\u2019il n\u2019existe pas qu\u2019une seule race et qu\u2019un seul \u00e9tat d\u2019esprit, et l\u2019autre parce que les mentalit\u00e9s <em><strong>\u00e9voluent <\/strong><\/em>et n\u00e9cessitent un enseignement \u00e9voluant en m\u00eame temps qu\u2019elles.<\/p>\n<p>Il serait d\u00e9sastreux que la connaissance concernant une cr\u00e9ature \u00e9volutive ne soit pas capable de s\u2019adapter aux changements successifs de cette cr\u00e9ature. Comme les mentalit\u00e9s diff\u00e8rent d\u2019un peuple \u00e0 l\u2019autre, d\u2019une \u00e9poque \u00e0 l\u2019autre et d\u2019un continent \u00e0 un autre, les tentatives d\u2019adapter la spiritualit\u00e9 \u00e0 ces diff\u00e9rences \u00e9voluent (ou changent carr\u00e9ment) de si\u00e8cles en si\u00e8cles.<\/p>\n<p>&nbsp;<\/p>\n<p>Il n\u2019est pas toujours ais\u00e9 de comprendre intellectuellement ce fait, mais <strong><span style=\"color: #0000ff;\">m\u00eame s\u2019il n\u2019existait qu\u2019une seule v\u00e9rit\u00e9 (ou connaissance) pour tous, il devrait tout de m\u00eame exister plusieurs mani\u00e8res de la transmettre correctement \u00e0 tous.<\/span> <\/strong><\/p>\n<p>S\u2019il n\u2019existait pas des \u00eatres, hommes et femmes, assez intelligents et intuitifs pour comprendre cette subtilit\u00e9, cit\u00e9e en bleu ci-dessus, la connaissance v\u00e9ritable, c\u2019est \u00e0 dire <em>celle qui est relative aux lois et aux principes qui pr\u00e9sident au fonctionnement de l\u2019esprit universel<\/em>, serait perdue depuis bien longtemps !<\/p>\n<p>&nbsp;<\/p>\n<p>&nbsp;<\/p>\n<p>D\u2019ailleurs, \u00e0 chaque fois que (pass\u00e9 ou pr\u00e9sent) les v\u00e9ritables initi\u00e9s n\u2019ont pas la possibilit\u00e9 ou la pleine libert\u00e9 d\u2019instruire avec quelque autorit\u00e9, <em><strong>des \u00e2neries monumentales<\/strong><\/em> sont colport\u00e9es \u00e0 la place des lois spirituelles v\u00e9ritables.<\/p>\n<p>Des si\u00e8cles plus tard, tout le monde en rigole puis on repart pour un tour suppl\u00e9mentaire de conneries, propag\u00e9es en toute qui\u00e9tude par quelque Pr\u00e9lat de l&rsquo;esprit s&rsquo;\u00e9tant autoproclam\u00e9 Grand Gourou de ceci-cela ! Un exemple significatif de ce lamentable d\u00e9rapage spirituel se retrouve dans la signification attribu\u00e9e au mot Sanskrit <strong>\u00ab\u00a0Karma\u00a0\u00bb<\/strong> ! Vous ne savez pas ? Alors voici&#8230;<\/p>\n<p>&nbsp;<\/p>\n<p>&nbsp;<\/p>\n<p><span style=\"font-size: large; color: #000000;\"><strong>Le Karma : <\/strong><\/span>Pour le plus grand nombre (et je suis gentil ^^), ce terme sanskrit signifie que <span style=\"color: #0000ff;\"><strong><em>nous subissons, aujourd\u2019hui, le r\u00e9sultat d\u2019actes n\u00e9gatifs pass\u00e9s, commis par une autre personnalit\u00e9 que la n\u00f4tre<\/em><\/strong><\/span> (ce qui est tr\u00e8s con, oui, je sais, mais bon, hein, c\u2019est ainsi !)<\/p>\n<p>Vous pouvez v\u00e9rifiez quand vous voulez et sur n\u2019importe quel moteur de recherche du web, la d\u00e9finition du mot <em>\u00ab\u00a0karma\u00a0\u00bb<\/em> et vous tomberez TOUJOURS sur une seule et m\u00eame explication : le karma se r\u00e9sume \u00e0 d\u00e9pendre en grande partie de nos actes pass\u00e9s.<\/p>\n<p>&nbsp;<\/p>\n<p>&nbsp;<\/p>\n<p>Si la mort existait, <em>les Rishi<\/em> et les premiers Siddha qui furent \u00e0 l&rsquo;origine de la psychologie \u00e9sot\u00e9rique, se retourneraient dans leur tombe en entendant cela !<\/p>\n<p>Comment l\u2019\u00eatre humain a pu devenir assez stupide pour avaler de telles couleuvres spirituelles ?<\/p>\n<p>Comment peut-il accepter ne serait-ce que<em><strong> l\u2019id\u00e9e<\/strong><\/em> qu\u2019il lui faut subir, dans cette vie, r\u00e9ussites et \u00e9checs et cela, <strong><em>en cons\u00e9quence<\/em><\/strong> d&rsquo;actes commis dans des vies pass\u00e9es, dont ils n\u2019a, au demeurant, aucun souvenir ?<\/p>\n<p>&nbsp;<\/p>\n<p>&nbsp;<\/p>\n<p>La loi divine serait si conne que cela ? Car m\u00eame les lois humaines sont plus rationnelles et justes, c&rsquo;est dire ! (Qui a glouss\u00e9 ?)<\/p>\n<p>Par exemple, si vous devez compara\u00eetre devant un Tribunal pour un crime que vous avez commis, si vous n\u2019\u00eates pas en pleine possession de vos moyens intellectuels et mentaux, aucun juge n\u2019acceptera de vous condamner comme si vous \u00e9tiez pleinement conscients de vos actes et des responsabilit\u00e9s qui s\u2019y rapportent.<\/p>\n<p>&nbsp;<\/p>\n<p>&nbsp;<\/p>\n<p>D\u2019ailleurs, un ch\u00e2timent serait, en plus d\u2019injuste, compl\u00e8tement inutile puisque en tant que d\u00e9bile mental, vous ne pourriez pas avoir pleinement conscience du rapport -\u00e9tablit par des tiers- entre vos responsabilit\u00e9s civiques pr\u00e9alables, d&rsquo;une part, et les effets qui r\u00e9sultent de tout actes r\u00e9pr\u00e9hensibles tombant sous le coup d\u2019une loi civile, d&rsquo;autre part.<\/p>\n<p>Cette mauvaise d\u00e9finition du mot <em>\u00ab\u00a0Karma\u00a0\u00bb<\/em> est due en grande partie au <em><strong>manque de connaissances r\u00e9elles<\/strong><\/em> des plus c\u00e9l\u00e8bres Orientalistes anciens et modernes qui tent\u00e8rent, chacun \u00e0 leur tour, de <em><strong>traduire<\/strong><\/em> dans leur propre langue puis <em><strong>d\u2019adapter<\/strong><\/em> \u00e0 la mentalit\u00e9 de leurs semblables, des textes d\u2019une profondeur qui leur avait, selon toute apparence, totalement \u00e9chapp\u00e9e.<\/p>\n<p>&nbsp;<\/p>\n<p>&nbsp;<\/p>\n<p>Car aucun initi\u00e9 du pass\u00e9 n\u2019aurait pr\u00e9tendu que le pr\u00e9sent d\u2019une personnalit\u00e9 peut d\u00e9pendre du pass\u00e9 d&rsquo;une autre ! Encore moins des actes commis jadis par une autre personne ayant v\u00e9cu en des lieux et \u00e0 partir d\u2019un \u00e9tat d\u2019esprit diff\u00e9rents !<\/p>\n<p>Les vrais initi\u00e9s savent tous qu\u2019<em>avant toute action na\u00eet une pens\u00e9e qui lui est pr\u00e9alable et qui est ensuite responsable d&rsquo;une \u00e9ventuelle action<\/em> (logique)Cette pens\u00e9e peut \u00eatre <em>consciente et volontaire<\/em> ou bien <em>inconsciente et involontaire.<\/em><\/p>\n<p>&nbsp;<\/p>\n<p>&nbsp;<\/p>\n<p>Mais <strong>il ne peut y avoir d\u2019action sans une pens\u00e9e pr\u00e9alable ! <\/strong>De fait, le mot <em>\u00ab\u00a0Karma\u00a0\u00bb<\/em> <strong>ne peut pas<\/strong> se r\u00e9f\u00e9rer \u00e0 un acte; il ne peut, au pire, que se r\u00e9f\u00e9rer \u00e0 une pens\u00e9e qui pr\u00e9c\u00e8de puis qui produit un acte.<\/p>\n<p>Il me semble logique de placer LA CAUSE avant tout effet qu&rsquo;elle pourrait produire&#8230; M\u00eame si, en r\u00e9alit\u00e9, <em><span style=\"color: #800000;\">\u00ab\u00a0Cause et effets sont simultan\u00e9es, dans le temps (maintenant) et dans l&rsquo;espace (ce mental ci)\u00a0\u00bb<\/span><\/em><\/p>\n<p>&nbsp;<\/p>\n<p>&nbsp;<\/p>\n<p>Les vrais initi\u00e9s savent aussi que, selon une des principales lois spirituelles, <em><strong>\u00ab\u00a0Tout est double\u00a0\u00bb <\/strong><\/em>(cf : Table d\u2019\u00c9meraude ou \u00ab\u00a0Le Kybalion\u00a0\u00bb)Partant, ils ne pouvaient pas employer <em><strong>un seul mot<\/strong><\/em> pour d\u00e9signer une loi aussi importante.<\/p>\n<p>Les <em>deux<\/em> termes originaux exacts \u00e9taient (et sont toujours) :<\/p>\n<p>&nbsp;<\/p>\n<h3><span style=\"font-size: large; color: #0000ff;\"><em><strong>\u00ab\u00a0Karma Chitta\u00a0\u00bb<\/strong><\/em><\/span><\/h3>\n<p>&nbsp;<\/p>\n<p>Ce qui signifie : <span style=\"color: #800000;\">\u00ab\u00a0<strong>Mouvements<\/strong><\/span> (Karma) <span style=\"color: #800000;\"><strong>de l\u2019esprit<\/strong><\/span> (Chitta)\u00a0\u00bb<\/p>\n<p>(<strong>Note rapide :<\/strong> <em>Chitta<\/em> repr\u00e9sente l&rsquo;esprit, tandis que <strong>Chitti<\/strong> repr\u00e9sente la conscience ou l&rsquo;esprit \u00e0 sa plus haute fr\u00e9quence cosmique.<\/p>\n<p>Ces <em>\u00ab\u00a0mouvements\u00a0\u00bb<\/em> correspondent bien entendu \u00e0 <strong><em>nos processus mentaux<\/em><\/strong> (pens\u00e9es, r\u00e9flexion, visualisation, etc) et le sens originel du mot <span style=\"color: #800000;\"><em>\u00ab\u00a0karma\u00a0\u00bb<\/em><\/span> \u00e9tait r\u00e9sum\u00e9 par les premiers psychologues \u00e9sot\u00e9ristes par cette phrase, une fois traduite et adapt\u00e9e, bien \u00e9videmment :<\/p>\n<p><span style=\"color: #0000ff;\"><strong>\u00ab\u00a0Homme, tant que tu penseras d\u2019une mani\u00e8re pr\u00e9cise et immuable, tu vivras des \u00e9v\u00e8nements ext\u00e9rieurs qui seront en correspondance directe avec tes pens\u00e9es et qui seront tout aussi pr\u00e9cis et immuables, car tu vivras, toujours et en tout temps, <em>le contenu formel <\/em>de tes pens\u00e9es.\u00a0\u00bb<\/strong><\/span><\/p>\n<p>&nbsp;<\/p>\n<p>Les psychologues \u00e9sot\u00e9ristes (ou <em>psy \u00e9so<\/em> comme je dis pour faire plus court) sont <strong><em>pour<\/em><\/strong> une transmission Initiatique <em><strong>adapt\u00e9e<\/strong><\/em> \u00e0 l\u2019\u00e9poque, au lieu, \u00e0 la race et \u00e0 l\u2019\u00e9tat d\u2019esprit g\u00e9n\u00e9ral \u00ab\u00a0en cours\u00a0\u00bb Mais ils sont aussi et surtout <em>POUR<\/em> <em>la conservation int\u00e9grale des lois originelles ! <\/em>Adapter est une chose, transformer le contenu en est une autre !<em><br \/>\n<\/em><\/p>\n<p>Contrairement \u00e0 l\u2019adage :\u00a0 \u00ab\u00a0<em>Il est possible de traduire sans trahir !\u00a0\u00bb, <\/em>il est tout \u00e0 fait possible d&rsquo;effectuer des traductions successives, sans pour autant, en changeant la lettre, changer l&rsquo;esprit. Il suffit pour cela que le traducteur poss\u00e8de une ma\u00eetrise intellectuelle suffisante de son sujet, voil\u00e0 tout. N&rsquo;est-ce pas vrai pour tous les domaines de notre vie, d&rsquo;ailleurs ?<\/p>\n<p>&nbsp;<\/p>\n<p>&nbsp;<\/p>\n<p>J\u2019esp\u00e8re que, cette petite r\u00e9vision pour les uns, et d\u00e9couverte initiatique pour les autres, sera <em>appr\u00e9ci\u00e9e \u00e0 sa juste valeur<\/em> et que le lecteur deviendra (encore) plus conscient de <strong>l\u2019importance de bien conna\u00eetre un sujet avant de l\u2019enseigner ou de le transmettre \u00e0 son tour<\/strong>, et ce, quelle que soit la fa\u00e7on ou la m\u00e9thode.<\/p>\n<p>Rien n\u2019est plus dangereux qu\u2019une connaissance incompl\u00e8te, si ce n\u2019est <em>une fausse connaissance !<\/em> Vous pouvez toujours vous r\u00e9f\u00e9rer \u00e0 l\u2019\u00e9tymologie d\u2019un terme pour essayer de d\u00e9finir son sens premier et r\u00e9el. <em>Attention aux<strong> faussaires de l\u2019esprit,<\/strong> qui peuvent se transformer ou devenir <span style=\"color: #993300;\"><strong>les fossoyeur de la connaissance initiatique !<\/strong><\/span><\/em><\/p>\n<p>&nbsp;<\/p>\n<p>&nbsp;<\/p>\n<p>Vos questions, commentaires et critiques <span style=\"text-decoration: underline;\">constructives<\/span> seront les bienvenus et il sera r\u00e9pondu \u00e0 tous et \u00e0 chacun, ceci dans la mesure de mes disponibilit\u00e9s s&rsquo;entend. \ud83d\ude00<\/p>\n<p><em>Bien \u00e0 vous tous<br \/>\n<\/em><\/p>\n<p><span style=\"color: #993300;\"><em><strong>Serge<\/strong><\/em><\/span><\/p>\n<p><a href=\"http:\/\/creativecommons.org\/licenses\/by-nc-nd\/3.0\/deed.fr\" rel=\"license\"><img decoding=\"async\" style=\"border-width: 0;\" alt=\"Licence Creative Commons\" src=\"http:\/\/i.creativecommons.org\/l\/by-nc-nd\/3.0\/88x31.png\" \/><\/a><\/p>\n<p>&nbsp;<\/p>\n","protected":false},"excerpt":{"rendered":"<p>Pour les d\u00e9butants, pour tous ceux qui visitent pour la premi\u00e8re fois ce Blog et m\u00eame pour les autres, voici un petit r\u00e9sum\u00e9 du sens exact \u00e0 donner \u00e0 certains termes \u00e9sot\u00e9riques, selon la psychologie \u00e9sot\u00e9rique. Attendu que l\u2019essentiel de ce Blog tourne autour de la psy \u00e9so, justement, il m\u2019a sembl\u00e9 opportun de placer &hellip; <a href=\"https:\/\/www.theb4.fr\/vivre-livres\/quelques-definitions-utiles\/\" class=\"more-link\">Continuer la lecture de <span class=\"screen-reader-text\">Quelques d\u00e9finitions utiles<\/span>  <span class=\"meta-nav\">&rarr;<\/span><\/a><\/p>\n","protected":false},"author":1,"featured_media":0,"comment_status":"open","ping_status":"open","sticky":false,"template":"","format":"standard","meta":{"footnotes":""},"categories":[3],"tags":[2683,2675,1342,2784,2783,2693,1627,1626,1771,535,1295,2790,2705,2756,16,2264,2738,2807,1035,20,2809,2780,2696,2759,2743,2701,2814,2734,2731,2736,2717,1929,635,2803,2695,2698,2711,2681,2444,2673,2726,2774,2671,2805,2800,2429,912,2787,1634,2771,2709,138,2365,1854,2754,141,2716,2775,1310,2770,2767,2776,2781,2694,2812,295,2678,2760,2813,833,2741,2703,2735,2714,51,906,1298,2763,1951,1471,58,2808,606,2099,2745,2680,909,2796,2795,2792,2700,2806,2679,2778,2779,1717,150,2720,2788,532,2789,2737,2747,2749,2722,2702,2707,2706,2751,2167,2676,232,2811,2725,2802,2753,2799,2013,794,2761,2769,2768,2699,446,1635,2708,2697,684,1020,2401,2710,2782,2793,1607,2721,2724,2719,2732,159,501,2718,2772,1441,2704,826,91,1051,93,2773,2758,2685,2674,2733,2727,2752,780,2764,2692,2762,2682,2801,2723,1333,2746,2750,2744,2757,2766,2713,2739,2786,2748,2715,2794,2765,2777,2089,2318,976,2691,2791,2740,2690,2677,2684,2810,2729,2730,2742,2689,293,299,2687,2688,2686,301,2755,2728,2672,2804,2712,1154,2797,2798,1000,2785],"class_list":["post-476","post","type-post","status-publish","format-standard","hentry","category-artcl","tag-adapte","tag-aerees","tag-ame","tag-ames-jumelles","tag-ames-soeurs","tag-anes-bates","tag-anima","tag-animus","tag-annales-akashiques","tag-article","tag-association-culturelle","tag-atteindre-la-maitrise","tag-avenir","tag-bilingue","tag-blog","tag-but","tag-causal","tag-cause-et-effets","tag-chakra","tag-chitta","tag-chitti","tag-christs","tag-compenser","tag-complexes","tag-concordance","tag-confusion","tag-connaissance-initiatique","tag-conscience-divine","tag-conscience-mentale","tag-conscience-personnelle","tag-conscience-pure","tag-contenu-formel","tag-creation-continue","tag-creature-evolutive","tag-croix","tag-culte","tag-cycles-dincarnations","tag-de-base","tag-de-vies-en-vies","tag-debutants","tag-dedoublements","tag-defauts","tag-definitions","tag-des-aneries","tag-destinees-probables","tag-devenir","tag-dieu","tag-distinct","tag-divin","tag-divine","tag-donne-naissance","tag-emotions","tag-emploi","tag-en-simultane","tag-epouse-attentive","tag-esoteristes","tag-essence-spirituelle","tag-eternel","tag-etre-humain","tag-evolutif","tag-existe","tag-experience-materielle","tag-extensions","tag-faire-mourir","tag-faussaires-de-lesprit","tag-fils-unique","tag-fleurer-bon","tag-fonctionner","tag-fossoyeur","tag-frequence-vibratoire","tag-fusee","tag-globalement","tag-hausser","tag-haute-realite","tag-hmn","tag-indice","tag-individualite","tag-individualite-humaine","tag-insecable","tag-intellectuellement","tag-krm","tag-karma-chitta","tag-lame","tag-laventure-humaine","tag-lepoux","tag-lesoterisme-originel","tag-lesprit-universel","tag-lauthenticite","tag-lelement-clef","tag-letat-desprit","tag-la-frequence","tag-la-loi-divine","tag-la-naphtaline","tag-la-partie-divine","tag-la-partie-humaine","tag-la-poussiere","tag-latin","tag-le-huitieme","tag-le-jouet","tag-le-kybalion","tag-le-maitre","tag-le-moi","tag-le-pere","tag-le-professeur","tag-le-sixieme","tag-le-soi","tag-le-soi-divin","tag-le-soi-naturel","tag-le-subordonne","tag-le-temps","tag-logiques","tag-maitres","tag-maitrise-intellectuelle","tag-meditation","tag-memoire-naturelle","tag-mere-aimante","tag-mort-definitive","tag-mots","tag-mouvements","tag-niveaux","tag-notre-futur","tag-notre-passe","tag-ordre-logique","tag-origine","tag-parfait","tag-partie-basse","tag-peches","tag-pensees","tag-personnages","tag-personnalite","tag-personnalites-lineaires","tag-personnalites-terrestres","tag-physique-dense","tag-plan-astral","tag-plan-bouddhique","tag-plan-causal","tag-plan-divin","tag-plan-mental-superieur","tag-plan-terrestre","tag-planete","tag-plans-incarnatoires","tag-point-de-vue","tag-postes","tag-potentiel","tag-processus-mentaux","tag-psy-eso","tag-psychiquement","tag-ps-es","tag-qualites","tag-quartier-residentiel","tag-rajouts","tag-raler","tag-reconnecter","tag-reconstituer","tag-recteur-dacademie","tag-reflexion","tag-reincarne","tag-religieuses","tag-responsabilite-cette-vie","tag-retraduit","tag-revivre","tag-selever","tag-sincarner","tag-sa-femme","tag-ses-eleves","tag-ses-parents","tag-siege-social","tag-simultanees","tag-soi-divin","tag-soi-conscience","tag-somme-globale","tag-son-fils","tag-source-centre","tag-spontanement","tag-successives","tag-super-personnalite","tag-sur-terre","tag-synthetise","tag-table-demeraude","tag-teintee","tag-temps-lineaire","tag-tradition-hindou","tag-tradition-indo-aryenne","tag-traditionnel","tag-trahis","tag-transmission-initiatique","tag-tri-unite","tag-trinite","tag-trois-etages","tag-un-etat-desprit","tag-un-fils","tag-un-homme","tag-un-peuple","tag-une-croyance","tag-une-epoque","tag-une-femme","tag-une-secretaire","tag-unite-premiere","tag-utiles","tag-veritables-inities","tag-vibrations-par-seconde","tag-vibre","tag-vie-passee","tag-vies-futures","tag-visualisation","tag-vortex-energetique"],"_links":{"self":[{"href":"https:\/\/www.theb4.fr\/vivre-livres\/wp-json\/wp\/v2\/posts\/476","targetHints":{"allow":["GET"]}}],"collection":[{"href":"https:\/\/www.theb4.fr\/vivre-livres\/wp-json\/wp\/v2\/posts"}],"about":[{"href":"https:\/\/www.theb4.fr\/vivre-livres\/wp-json\/wp\/v2\/types\/post"}],"author":[{"embeddable":true,"href":"https:\/\/www.theb4.fr\/vivre-livres\/wp-json\/wp\/v2\/users\/1"}],"replies":[{"embeddable":true,"href":"https:\/\/www.theb4.fr\/vivre-livres\/wp-json\/wp\/v2\/comments?post=476"}],"version-history":[{"count":0,"href":"https:\/\/www.theb4.fr\/vivre-livres\/wp-json\/wp\/v2\/posts\/476\/revisions"}],"wp:attachment":[{"href":"https:\/\/www.theb4.fr\/vivre-livres\/wp-json\/wp\/v2\/media?parent=476"}],"wp:term":[{"taxonomy":"category","embeddable":true,"href":"https:\/\/www.theb4.fr\/vivre-livres\/wp-json\/wp\/v2\/categories?post=476"},{"taxonomy":"post_tag","embeddable":true,"href":"https:\/\/www.theb4.fr\/vivre-livres\/wp-json\/wp\/v2\/tags?post=476"}],"curies":[{"name":"wp","href":"https:\/\/api.w.org\/{rel}","templated":true}]}}