{"id":4762,"date":"2013-12-13T11:16:12","date_gmt":"2013-12-13T09:16:12","guid":{"rendered":"http:\/\/www.theb4.fr\/vivre-livres\/?p=4762"},"modified":"2021-12-05T00:08:19","modified_gmt":"2021-12-04T22:08:19","slug":"le-soi","status":"publish","type":"post","link":"https:\/\/www.theb4.fr\/vivre-livres\/le-soi\/","title":{"rendered":"Le Soi"},"content":{"rendered":"<p><span style=\"font-size: xx-large;\"><strong><a href=\"http:\/\/www.theb4.fr\/vivre-livres\/wp-content\/uploads\/2013\/10\/Famille2.jpg\"><img loading=\"lazy\" decoding=\"async\" class=\"alignleft  wp-image-3797\" src=\"http:\/\/www.theb4.fr\/vivre-livres\/wp-content\/uploads\/2013\/10\/Famille2.jpg\" alt=\"Famille2\" width=\"172\" height=\"168\" \/><\/a>L<\/strong><\/span>e Soi repr\u00e9sente <span style=\"color: #0000ff;\"><em>la conscience individuelle<\/em><\/span>, c\u2019est-\u00e0-dire cette partie ins\u00e9cable (non s\u00e9par\u00e9e) de la <em>Soi-Conscience<\/em> Universelle qui nous permet d&rsquo;<em>\u00catre<\/em>, en tant que personnalit\u00e9 distincte. On parle g\u00e9n\u00e9ralement de \u00ab <em>La Soi-Conscience<\/em> \u00bb pour faire allusion \u00e0 <em>ce sentiment d\u2019exister<\/em>, ind\u00e9pendamment de tout le reste et, surtout, des processus mentaux.<\/p>\n<p><strong><em>Le Soi ne varie jamais et demeure identique \u00e0 lui-m\u00eame tout au long de l\u2019existence humaine<\/em><\/strong>. Ce qui change, varie ou \u00e9volue, c\u2019est <strong><em>l\u2019id\u00e9e que nous pouvons avoir de nous-m\u00eames<\/em><\/strong>, c\u2019est \u00e0 dire le <em>\u00ab moi \u00bb<\/em> (ce qui donne forme \u00e0 notre personnalit\u00e9 terrestre.) Le Soi n&rsquo;est pas diff\u00e9rent de ce que nous sommes ou croyons \u00eatre (le <em>\u00ab\u00a0moi\u00a0\u00bb<\/em>) : il est simplement <strong>la Conscience pure<\/strong>, sans pens\u00e9es, sans vague, sans mouvances inutiles. Il n&rsquo;est pas un dieu ni m\u00eame quelque chose de s\u00e9par\u00e9 de nous : <strong><em>il est notre potentiel<\/em><\/strong>, ce que nous sommes <em>\u00ab\u00a0en esprit et en v\u00e9rit\u00e9\u00a0\u00bb<\/em>, mais <span style=\"text-decoration: underline;\">sans le babillage incessant de l&rsquo;esprit !<\/span><\/p>\n<p>&nbsp;<\/p>\n<p><strong><em><span style=\"font-size: 14pt;\">Serge Baccino<\/span><\/em><\/strong><\/p>\n","protected":false},"excerpt":{"rendered":"<p>Le Soi repr\u00e9sente la conscience individuelle, c\u2019est-\u00e0-dire cette partie ins\u00e9cable (non s\u00e9par\u00e9e) de la Soi-Conscience Universelle qui nous permet d&rsquo;\u00catre, en tant que personnalit\u00e9 distincte. On parle g\u00e9n\u00e9ralement de \u00ab La Soi-Conscience \u00bb pour faire allusion \u00e0 ce sentiment d\u2019exister, ind\u00e9pendamment de tout le reste et, surtout, des processus mentaux. Le Soi ne varie jamais &hellip; <a href=\"https:\/\/www.theb4.fr\/vivre-livres\/le-soi\/\" class=\"more-link\">Continuer la lecture de <span class=\"screen-reader-text\">Le Soi<\/span>  <span class=\"meta-nav\">&rarr;<\/span><\/a><\/p>\n","protected":false},"author":1,"featured_media":0,"comment_status":"closed","ping_status":"closed","sticky":false,"template":"","format":"standard","meta":{"footnotes":""},"categories":[2917],"tags":[],"class_list":["post-4762","post","type-post","status-publish","format-standard","hentry","category-les-breves-de-la-psy-eso"],"_links":{"self":[{"href":"https:\/\/www.theb4.fr\/vivre-livres\/wp-json\/wp\/v2\/posts\/4762","targetHints":{"allow":["GET"]}}],"collection":[{"href":"https:\/\/www.theb4.fr\/vivre-livres\/wp-json\/wp\/v2\/posts"}],"about":[{"href":"https:\/\/www.theb4.fr\/vivre-livres\/wp-json\/wp\/v2\/types\/post"}],"author":[{"embeddable":true,"href":"https:\/\/www.theb4.fr\/vivre-livres\/wp-json\/wp\/v2\/users\/1"}],"replies":[{"embeddable":true,"href":"https:\/\/www.theb4.fr\/vivre-livres\/wp-json\/wp\/v2\/comments?post=4762"}],"version-history":[{"count":0,"href":"https:\/\/www.theb4.fr\/vivre-livres\/wp-json\/wp\/v2\/posts\/4762\/revisions"}],"wp:attachment":[{"href":"https:\/\/www.theb4.fr\/vivre-livres\/wp-json\/wp\/v2\/media?parent=4762"}],"wp:term":[{"taxonomy":"category","embeddable":true,"href":"https:\/\/www.theb4.fr\/vivre-livres\/wp-json\/wp\/v2\/categories?post=4762"},{"taxonomy":"post_tag","embeddable":true,"href":"https:\/\/www.theb4.fr\/vivre-livres\/wp-json\/wp\/v2\/tags?post=4762"}],"curies":[{"name":"wp","href":"https:\/\/api.w.org\/{rel}","templated":true}]}}