{"id":515,"date":"2013-06-07T08:48:32","date_gmt":"2013-06-07T07:48:32","guid":{"rendered":"http:\/\/www.theb4.fr\/vivre-livres\/?p=515"},"modified":"2026-01-08T22:56:02","modified_gmt":"2026-01-08T20:56:02","slug":"les-croyances-ont-la-vie-dure","status":"publish","type":"post","link":"https:\/\/www.theb4.fr\/vivre-livres\/les-croyances-ont-la-vie-dure\/","title":{"rendered":"Les croyances ont la vie dure"},"content":{"rendered":"<p><span style=\"font-size: xx-large;\"><strong><a href=\"http:\/\/www.theb4.fr\/vivre-livres\/wp-content\/uploads\/2013\/06\/Nicolas-Copernic.png\"><img loading=\"lazy\" decoding=\"async\" class=\"alignleft size-thumbnail wp-image-516\" src=\"http:\/\/www.theb4.fr\/vivre-livres\/wp-content\/uploads\/2013\/06\/Nicolas-Copernic-120x150.png\" alt=\"Nicolas Copernic\" width=\"120\" height=\"150\" \/><\/a>P<\/strong><\/span>armi les postulats scientifiques qui ont marqu\u00e9 la Renaissance, le plus c\u00e9l\u00e8bre est sans conteste celui de <strong>Nicolas Copernic<\/strong> qui, dans son ouvrage intitul\u00e9 <span style=\"color: #993300;\"><em>De Revolutionibus Orbium Coelestium<\/em><\/span> (Des r\u00e9volutions des orbes c\u00e9lestes) a \u00e9tabli la conception h\u00e9liocentrique de notre syst\u00e8me plan\u00e9taire. A juste titre, nous pouvons dire qu\u2019elle a r\u00e9volutionn\u00e9 la science de l\u2019astronomie. La citation pr\u00e9sent\u00e9e ci-dessous est extraite de cet ouvrage. Elle refl\u00e8te la sagacit\u00e9 des savants de cette \u00e9poque et l\u2019importance qu\u2019ils accordaient \u00e0 l\u2019\u00e9tude des ph\u00e9nom\u00e8nes naturels. Elle montre aussi <strong><em>combien il est difficile de lutter contre les fausses croyances et de faire admettre les v\u00e9rit\u00e9s nouvelles.<\/em><\/strong><\/p>\n<p><a href=\"http:\/\/www.theb4.fr\/vivre-livres\/wp-content\/uploads\/2013\/06\/copernic-image.jpg\"><img loading=\"lazy\" decoding=\"async\" class=\"alignleft size-thumbnail wp-image-517\" src=\"http:\/\/www.theb4.fr\/vivre-livres\/wp-content\/uploads\/2013\/06\/copernic-image-150x150.jpg\" alt=\"copernic-image\" width=\"150\" height=\"150\" \/><\/a>\u00ab <span style=\"font-size: xx-large;\"><strong>O<\/strong><\/span>r, la Terre est le lieu d\u2019o\u00f9 nous observons la rotation des deux et o\u00f9 celle-ci se d\u00e9ploie devant nos yeux.<br \/>\nCe mouvement semble embrasser le monde entier et, en fait, tout ce qui est hors de la Terre, avec, comme seule exception, la Terre elle-m\u00eame. Mais, si l\u2019on devait admettre que les deux ne poss\u00e8dent aucunement ce mouvement, mais que la Terre tourne d\u2019ouest en est, et si l\u2019on devait consid\u00e9rer cela s\u00e9rieusement en ce qui concerne le lever et le coucher apparents du soleil, de la lune et des \u00e9toiles, on constaterait que telle est bien la v\u00e9rit\u00e9.<\/p>\n<p><span style=\"font-size: xx-large;\"><strong><img loading=\"lazy\" decoding=\"async\" class=\"alignleft wp-image-4872\" src=\"http:\/\/www.theb4.fr\/vivre-livres\/wp-content\/uploads\/2013\/12\/Conscience41.jpg\" alt=\"Conscience4\" width=\"201\" height=\"161\" \/>D<\/strong><\/span>u fait que les deux qui contiennent et gardent toutes choses sont la demeure de toutes choses, on ne comprend pas imm\u00e9diatement pourquoi un mouvement n\u2019est pas plut\u00f4t attribu\u00e9 \u00e0 la chose contenue qu\u2019au contenant, \u00e0 ce qui est situ\u00e9 dans un emplacement plut\u00f4t qu\u2019\u00e0 l\u2019emplacement. Pourquoi ne voulons-nous pas reconna\u00eetre que l\u2019apparence d\u2019une rotation quotidienne appartient aux deux, mais sa r\u00e9alit\u00e9 \u00e0 la Terre ?La relation entre ces faits est similaire \u00e0 celle dont l\u2019\u00c9n\u00e9e de Virgile dit :<\/p>\n<p><em>\u00ab Nous voguons hors du port, et les pays et les villes reculent \u00bb.<\/em><\/p>\n<p><span style=\"font-size: xx-large;\"><strong><img loading=\"lazy\" decoding=\"async\" class=\"alignleft wp-image-5192\" src=\"http:\/\/www.theb4.fr\/vivre-livres\/wp-content\/uploads\/2013\/06\/navire.jpg\" alt=\"navire\" width=\"200\" height=\"162\" \/>Q<\/strong><\/span>uand un navire vogue calmement, tout ce qui est en dehors de lui para\u00eet avoir, pour les passagers, un mouvement correspondant au mouvement du navire, et les voyageurs sont sous la fausse impression qu\u2019eux-m\u00eames et tout ce qu\u2019ils ont avec eux, sont immobiles. Cela peut, sans aucun doute, s\u2019appliquer aussi au mouvement de la Terre, et il peut sembler que c\u2019est tout l\u2019univers qui para\u00eet tourner.<\/p>\n<p><span style=\"font-size: xx-large;\"><strong><img loading=\"lazy\" decoding=\"async\" class=\"alignleft wp-image-5193\" src=\"http:\/\/www.theb4.fr\/vivre-livres\/wp-content\/uploads\/2013\/06\/Terre-Soleil2.jpg\" alt=\"Terre-Soleil2\" width=\"160\" height=\"180\" \/>S<\/strong><\/span>i l\u2019on admet l\u2019immobilit\u00e9 du soleil et si l\u2019on transfert la rotation annuelle du soleil \u00e0 la Terre, le r\u00e9sultat serait exactement le m\u00eame que celui effectivement observ\u00e9, \u00e0 savoir le lever et le coucher des constellations et des \u00e9toiles fixes qui, pour cette raison, deviennent des \u00e9toiles du matin et du soir ; et il deviendra ainsi apparent que les arr\u00eats et le mouvement en arri\u00e8re et en avant des plan\u00e8tes ne sont pas des mouvements de celles-ci, mais de la Terre, qui leur pr\u00eate seulement l\u2019apparence de mouvements plan\u00e9taires \u00bb.<\/p>\n<p><span style=\"color: #800080;\"><strong>NICOLAS COPERNIC, 1473-1543<\/strong><\/span><\/p>\n<p>\u2013<\/p>\n<p><span style=\"color: #800000;\"><strong><span style=\"text-decoration: underline;\">Mentions l\u00e9gales<\/span> :<\/strong><\/span> <span style=\"color: #008000;\">Texte et photos sont du domaine public et peuvent donc \u00eatre copi\u00e9s en entier ou en partie (du moins, \u00e0 ma connaissance, me le signaler si ce n&rsquo;est pas le cas.)<\/span><\/p>\n<p>&nbsp;<\/p>\n","protected":false},"excerpt":{"rendered":"<p>Parmi les postulats scientifiques qui ont marqu\u00e9 la Renaissance, le plus c\u00e9l\u00e8bre est sans conteste celui de Nicolas Copernic qui, dans son ouvrage intitul\u00e9 De Revolutionibus Orbium Coelestium (Des r\u00e9volutions des orbes c\u00e9lestes) a \u00e9tabli la conception h\u00e9liocentrique de notre syst\u00e8me plan\u00e9taire. A juste titre, nous pouvons dire qu\u2019elle a r\u00e9volutionn\u00e9 la science de l\u2019astronomie. &hellip; <a href=\"https:\/\/www.theb4.fr\/vivre-livres\/les-croyances-ont-la-vie-dure\/\" class=\"more-link\">Continuer la lecture de <span class=\"screen-reader-text\">Les croyances ont la vie dure<\/span>  <span class=\"meta-nav\">&rarr;<\/span><\/a><\/p>\n","protected":false},"author":1,"featured_media":0,"comment_status":"closed","ping_status":"closed","sticky":false,"template":"","format":"standard","meta":{"footnotes":""},"categories":[4],"tags":[3035,3032,3045,3039,3029,818,3040,3046,3042,3044,608,162,3038,230,651,3047,82,3036,580,3030,3031,3041,3034,261,3033,3037,3043],"class_list":["post-515","post","type-post","status-publish","format-standard","hentry","category-extr","tag-astronomie","tag-conception-heliocentrique","tag-constellations","tag-coucher","tag-cpernic","tag-croyances","tag-etoiles","tag-etoiles-fixes","tag-lenee","tag-limmobilite","tag-lunivers","tag-la-terre","tag-lever","tag-lune","tag-mouvement","tag-mouvements-planetaires","tag-ouvrg","tag-phenomenes-naturels","tag-planetes","tag-postulats","tag-renaissance","tag-rotation","tag-science","tag-soleil","tag-systeme-planetaire","tag-verites-nouvelles","tag-virgile"],"_links":{"self":[{"href":"https:\/\/www.theb4.fr\/vivre-livres\/wp-json\/wp\/v2\/posts\/515","targetHints":{"allow":["GET"]}}],"collection":[{"href":"https:\/\/www.theb4.fr\/vivre-livres\/wp-json\/wp\/v2\/posts"}],"about":[{"href":"https:\/\/www.theb4.fr\/vivre-livres\/wp-json\/wp\/v2\/types\/post"}],"author":[{"embeddable":true,"href":"https:\/\/www.theb4.fr\/vivre-livres\/wp-json\/wp\/v2\/users\/1"}],"replies":[{"embeddable":true,"href":"https:\/\/www.theb4.fr\/vivre-livres\/wp-json\/wp\/v2\/comments?post=515"}],"version-history":[{"count":0,"href":"https:\/\/www.theb4.fr\/vivre-livres\/wp-json\/wp\/v2\/posts\/515\/revisions"}],"wp:attachment":[{"href":"https:\/\/www.theb4.fr\/vivre-livres\/wp-json\/wp\/v2\/media?parent=515"}],"wp:term":[{"taxonomy":"category","embeddable":true,"href":"https:\/\/www.theb4.fr\/vivre-livres\/wp-json\/wp\/v2\/categories?post=515"},{"taxonomy":"post_tag","embeddable":true,"href":"https:\/\/www.theb4.fr\/vivre-livres\/wp-json\/wp\/v2\/tags?post=515"}],"curies":[{"name":"wp","href":"https:\/\/api.w.org\/{rel}","templated":true}]}}