{"id":633,"date":"2013-06-13T09:12:42","date_gmt":"2013-06-13T08:12:42","guid":{"rendered":"http:\/\/www.theb4.fr\/vivre-livres\/?p=633"},"modified":"2020-05-25T10:38:18","modified_gmt":"2020-05-25T08:38:18","slug":"le-foyer-dattention","status":"publish","type":"post","link":"https:\/\/www.theb4.fr\/vivre-livres\/le-foyer-dattention\/","title":{"rendered":"Le foyer d\u2019attention"},"content":{"rendered":"<p><span style=\"font-size: xx-large;\"><strong><img loading=\"lazy\" decoding=\"async\" class=\"alignleft wp-image-6894 size-thumbnail\" src=\"http:\/\/www.theb4.fr\/vivre-livres\/wp-content\/uploads\/2013\/06\/soleil-dans-te\u0302te-1-250x141.jpg\" alt=\"\" width=\"250\" height=\"141\" \/>E<\/strong><\/span>n tant que v\u00e9ritable amoureux de la connaissance profonde qui est contenue dans les \u00e9crits du <strong><em>Shiva\u00efsme du Cachemire<\/em><\/strong>, philosophie des plus profondes, qui s&rsquo;inspire des <strong><em>Shiva Sutra<\/em><\/strong> et qui est \u00e0 l&rsquo;origine de la <strong><em>psychologie \u00e9sot\u00e9rique<\/em><\/strong>, voici un traduction, en langage moderne, d&rsquo;un concept peu connu en France : <em>le foyer d&rsquo;attention.<\/em><\/p>\n<p>&nbsp;<\/p>\n<p><span style=\"font-size: x-large;\">*****<\/span><\/p>\n<p>&nbsp;<\/p>\n<p>&nbsp;<\/p>\n<h1><span style=\"color: #0000ff;\"><strong>Le Foyer d\u2019attention<\/strong><\/span><\/h1>\n<p>&nbsp;<\/p>\n<p>&nbsp;<\/p>\n<p><img loading=\"lazy\" decoding=\"async\" class=\"alignleft size-full wp-image-5030\" src=\"http:\/\/www.theb4.fr\/vivre-livres\/wp-content\/uploads\/2013\/12\/3eme-oeil4.jpg\" alt=\"3eme oeil4\" width=\"152\" height=\"156\" \/>\u00ab<span style=\"font-size: xx-large;\"><strong>L<\/strong><\/span>e foyer d\u2019attention est ce point virtuel de notre personne physique \u00e0 partir duquel nous croyons devoir observer toutes choses se trouvant \u00e0 l\u2019ext\u00e9rieur de nous. Nous supposons que toutes choses sont diff\u00e9rentes de nous et s\u00e9par\u00e9es de nous, du fait de leur \u00ab<em>distance<\/em>\u00bb et du fait que notre conscience d\u2019\u00eatre et d\u2019exister se manifeste plut\u00f4t \u00e0 partir d\u2019un endroit situ\u00e9 dans notre t\u00eate qu\u2019\u00e0 partir de tous les endroits o\u00f9 nous posons notre point d\u2019attention (l\u00e0 o\u00f9 est concentr\u00e9e notre attention mentale.) Si nous pouvions, par exemple, penser ou \u00eatre conscient \u00e0 partir de cet arbre qui se trouve l\u00e0-bas, dans notre jardin, alors nous penserions que nous sommes cet arbre l\u00e0, \u00e0 l\u2019exclusion de tous les autres arbres et de toutes autres choses, d\u2019ailleurs.<\/p>\n<p>Mais nous percevons \u00e0 partir de ce foyer d\u2019attention que nous nommons \u00ab<em>Moi<\/em>\u00bb et c\u2019est donc non pas ce nom (\u00ab<em>Moi<\/em>\u00bb) ni m\u00eame ce \u00ab<em>Moi<\/em>\u00bb qui nous limite, mais bien le fait que <strong><em>nous sommes persuad\u00e9s de ne pouvoir prendre conscience des choses qu\u2019\u00e0 partir de ce \u00ab Moi. \u00bb<\/em><\/strong><\/p>\n<p>&nbsp;<\/p>\n<p>&nbsp;<\/p>\n<p>&nbsp;<\/p>\n<p><img loading=\"lazy\" decoding=\"async\" class=\"alignleft wp-image-131\" src=\"http:\/\/www.theb4.fr\/vivre-livres\/wp-content\/uploads\/2013\/04\/Psycho-01.jpg\" alt=\"Psycho 01\" width=\"96\" height=\"112\" \/><span style=\"font-size: xx-large;\"><strong>L<\/strong><\/span>e foyer d\u2019attention se situe dans le cerveau, cela parce qu&rsquo;il referme les seules structures nerveuses assez sophistiqu\u00e9es pour que la conscience d\u2019\u00eatre et d\u2019exister puisse se manifester d\u2019une mani\u00e8re acceptable. Mais ce qui est nomm\u00e9 \u00ab <em>Moi <\/em>\u00bb n\u2019est qu\u2019un foyer, une lentille, un point focal sur lequel se pose, tel un Souffle, la Conscience Pure, ce que nous sommes <em>en esprit et en v\u00e9rit\u00e9<\/em>.<\/p>\n<p>A partir du foyer d\u2019attention <span style=\"color: #008000;\">[Note : situ\u00e9 au centre du cr\u00e2ne, au niveau de l\u2019hypothalamus]<\/span> nous pouvons acc\u00e9der \u00e0 la \u00ab <em>d\u00e9-focalisation <\/em>\u00bb <span style=\"color: #008000;\">[une sorte de \u00ab <em>d\u00e9centralisation du Soi <\/em>\u00bb]<\/span> Pour cela, il suffit de faire co\u00efncider le \u00ab <em>point d\u2019attention <\/em>\u00bb <span style=\"color: #008000;\">[l\u00e0 o\u00f9 se trouve notre attention]<\/span> avec le \u00ab <em>foyer d\u2019attention<\/em>. \u00bb<\/p>\n<p>(&#8230;)<\/p>\n<p><span style=\"color: #993300;\"><strong>Fin de la citation remani\u00e9e<\/strong>.<\/span><\/p>\n<p>&nbsp;<\/p>\n<p>&nbsp;<\/p>\n<p>&nbsp;<\/p>\n<p><span style=\"font-size: xx-large;\"><strong><img loading=\"lazy\" decoding=\"async\" class=\"alignleft wp-image-5171\" src=\"http:\/\/www.theb4.fr\/vivre-livres\/wp-content\/uploads\/2013\/06\/Subconscient-rayons.jpg\" alt=\"Subconscient-rayons\" width=\"178\" height=\"182\" \/>A<\/strong><\/span>utrement dit, il faut avoir le r\u00e9flexe de rester concentr\u00e9 sur notre conscience, \u00e0 l&rsquo;int\u00e9rieur et au centre de notre cr\u00e2ne, puis d&rsquo;imaginer que ce que nous regardons, au-dehors, est en fait <strong><em>dans<\/em><\/strong> notre conscience ou <strong><em>m\u00e9lang\u00e9 \u00e0 elle<\/em><\/strong>, au lieu que se soit cette conscience qui soit concentr\u00e9e ailleurs et au-dehors, sur des objets d&rsquo;attention (les choses et les \u00eatres.) Ceci est la seule fa\u00e7on d\u2019acc\u00e9der \u00e0 une forme de prise de conscience plus \u00e9lev\u00e9e, puis enfin, \u00e0 <strong><em>la conscience sans forme<\/em><\/strong>, celle de tous les Bouddha de la cr\u00e9ation universelle&#8230;<\/p>\n<p>&nbsp;<\/p>\n<p>&nbsp;<\/p>\n<p>&nbsp;<\/p>\n<p><strong><em>Serge Baccino<br \/>\n<\/em><\/strong><\/p>\n<p><a href=\"http:\/\/creativecommons.org\/licenses\/by-nc-nd\/3.0\/deed.fr\" rel=\"license\"><img decoding=\"async\" style=\"border-width: 0;\" src=\"http:\/\/i.creativecommons.org\/l\/by-nc-nd\/3.0\/88x31.png\" alt=\"Licence Creative Commons\" \/><\/a><\/p>\n","protected":false},"excerpt":{"rendered":"<p>En tant que v\u00e9ritable amoureux de la connaissance profonde qui est contenue dans les \u00e9crits du Shiva\u00efsme du Cachemire, philosophie des plus profondes, qui s&rsquo;inspire des Shiva Sutra et qui est \u00e0 l&rsquo;origine de la psychologie \u00e9sot\u00e9rique, voici un traduction, en langage moderne, d&rsquo;un concept peu connu en France : le foyer d&rsquo;attention. &nbsp; ***** &hellip; <a href=\"https:\/\/www.theb4.fr\/vivre-livres\/le-foyer-dattention\/\" class=\"more-link\">Continuer la lecture de <span class=\"screen-reader-text\">Le foyer d\u2019attention<\/span>  <span class=\"meta-nav\">&rarr;<\/span><\/a><\/p>\n","protected":false},"author":1,"featured_media":0,"comment_status":"open","ping_status":"open","sticky":false,"template":"","format":"standard","meta":{"footnotes":""},"categories":[2917],"tags":[4583,4582,4318,4588,4308,921,4581,2858,822,4601,2197,2878,4584,4022,4598,4597,2382,189,26,1378,2717,925,4566,1048,4579,4595,4596,1647,2183,4575,4567,3419,4577,4593,989,2181,768,4279,933,1913,2525,1043,3527,2065,3382,4594,814,1931,4570,1781,4564,4589,4603,1303,1300,3824,3394,4602,3285,4573,1100,4027,1269,4571,246,2227,4580,4590,4572,4591,785,250,4565,1907,4599,4585,4600,4568,4604,4576,4574,2900,568,4578,4587,4592,4586,630,4569,2266,1105,116],"class_list":["post-633","post","type-post","status-publish","format-standard","hentry","category-les-breves-de-la-psy-eso","tag-a-lexclusion","tag-a-partir","tag-acceder","tag-acceptable","tag-ailleurs","tag-amoureux","tag-arbre","tag-attention","tag-attention-mentale","tag-au-centre","tag-au-dehors","tag-bouddha","tag-ce-nom","tag-choses","tag-citation","tag-coincider","tag-concept","tag-connaissance","tag-consc","tag-conscience-detre","tag-conscience-pure","tag-conscient","tag-contenue","tag-crane","tag-dans-la-tete","tag-de-focalisation","tag-decentralisation-du-soi","tag-devoir","tag-differentes","tag-distance","tag-ecrits","tag-elevee","tag-endroit","tag-ensprit","tag-etre","tag-exemple","tag-exister","tag-facon","tag-forme","tag-foyer","tag-france","tag-imaginer","tag-jardin","tag-lexterieur","tag-linterieur","tag-lhypothalamus","tag-la-conscience","tag-la-psychologie-esoterique","tag-langage-moderne","tag-le-cerveau","tag-le-foyer-dattention","tag-lentille","tag-les-choses","tag-les-etres","tag-limite","tag-maniere","tag-manifester","tag-melange","tag-moi","tag-nous-croyons","tag-objets","tag-observer","tag-personne","tag-peu-connu","tag-philosophie","tag-physique","tag-point-dattention","tag-point-focal","tag-point-virtuel","tag-pose","tag-prendre-conscience","tag-prise-de-conscience","tag-profonde","tag-reflexe","tag-remaniee","tag-renferme","tag-rester-concentre","tag-sinspire","tag-sans-forme","tag-se-manifeste","tag-separees","tag-shiva-sutra","tag-shivaisme-du-cachemire","tag-situe","tag-sophistiquees","tag-souffle","tag-structures-nerveuse","tag-toutes-choses","tag-traduction","tag-univers","tag-veritable","tag-vrt"],"_links":{"self":[{"href":"https:\/\/www.theb4.fr\/vivre-livres\/wp-json\/wp\/v2\/posts\/633","targetHints":{"allow":["GET"]}}],"collection":[{"href":"https:\/\/www.theb4.fr\/vivre-livres\/wp-json\/wp\/v2\/posts"}],"about":[{"href":"https:\/\/www.theb4.fr\/vivre-livres\/wp-json\/wp\/v2\/types\/post"}],"author":[{"embeddable":true,"href":"https:\/\/www.theb4.fr\/vivre-livres\/wp-json\/wp\/v2\/users\/1"}],"replies":[{"embeddable":true,"href":"https:\/\/www.theb4.fr\/vivre-livres\/wp-json\/wp\/v2\/comments?post=633"}],"version-history":[{"count":0,"href":"https:\/\/www.theb4.fr\/vivre-livres\/wp-json\/wp\/v2\/posts\/633\/revisions"}],"wp:attachment":[{"href":"https:\/\/www.theb4.fr\/vivre-livres\/wp-json\/wp\/v2\/media?parent=633"}],"wp:term":[{"taxonomy":"category","embeddable":true,"href":"https:\/\/www.theb4.fr\/vivre-livres\/wp-json\/wp\/v2\/categories?post=633"},{"taxonomy":"post_tag","embeddable":true,"href":"https:\/\/www.theb4.fr\/vivre-livres\/wp-json\/wp\/v2\/tags?post=633"}],"curies":[{"name":"wp","href":"https:\/\/api.w.org\/{rel}","templated":true}]}}