{"id":642,"date":"2013-06-13T21:49:05","date_gmt":"2013-06-13T20:49:05","guid":{"rendered":"http:\/\/www.theb4.fr\/vivre-livres\/?p=642"},"modified":"2020-05-27T12:52:12","modified_gmt":"2020-05-27T10:52:12","slug":"le-vent-de-la-colere","status":"publish","type":"post","link":"https:\/\/www.theb4.fr\/vivre-livres\/le-vent-de-la-colere\/","title":{"rendered":"Le vent de la col\u00e8re"},"content":{"rendered":"<p><span style=\"font-size: xx-large;\"><strong><img loading=\"lazy\" decoding=\"async\" class=\"alignleft wp-image-644\" src=\"http:\/\/www.theb4.fr\/vivre-livres\/wp-content\/uploads\/2013\/06\/vent-souffle-150x150.jpg\" alt=\"vent-souffle\" width=\"135\" height=\"135\" \/>S<\/strong><\/span>elon le symbolisme initiatique qui explique que\u00a0<em>\u00ab tout ce qui arrive et se passe au-dehors, correspond \u00e0 tout ce qui arrive et se passe dans l\u2019esprit des hommes \u00bb<\/em>, voici ce que nous pourrions dire au sujet du vent. Ma compagne et moi avons remarqu\u00e9 que depuis quelques temps, le vent souffle sans discontinuer en Provence (Note : \u00e9crit il y a deux ans, la premi\u00e8re fois.) Et il ne souffle pas l\u00e9g\u00e8rement ! Apr\u00e8s examen (contr\u00f4le dans l\u2019inconscient collectif de la r\u00e9gion) il nous est apparu comme \u00e9vident que <em>les gens qui habitent cette portion de France (la Provence)\u00a0sont int\u00e9rieurement <span style=\"color: #993300;\">en col\u00e8re ! <\/span><\/em><\/p>\n<p>Chaque fois qu\u2019une grande quantit\u00e9 d\u2019\u00eatres humains rassembl\u00e9s en un point du globe partagent, <span style=\"text-decoration: underline;\">m\u00eame sans le r\u00e9aliser<\/span>, un m\u00eame \u00e9tat d\u2019esprit, ce dernier produit sans coup f\u00e9rir des r\u00e9actions ext\u00e9rieures, tr\u00e8s souvent de nature atmosph\u00e9rique et donc m\u00e9t\u00e9orologique, voire g\u00e9ologique lorsque de tr\u00e8s nombreuses personnes craignent de devoir changer de force leur mani\u00e8re de vivre (comme les tremblements de terre, par exemple.)<\/p>\n<p>&nbsp;<\/p>\n<p>&nbsp;<\/p>\n<p>&nbsp;<\/p>\n<p><span style=\"font-size: xx-large;\"><strong><img loading=\"lazy\" decoding=\"async\" class=\"alignleft wp-image-645\" src=\"http:\/\/www.theb4.fr\/vivre-livres\/wp-content\/uploads\/2013\/06\/souffle-gens-150x150.jpg\" alt=\"souffle-gens\" width=\"135\" height=\"135\" \/>I<\/strong><\/span>l faut savoir qu\u2019il existe des <em>lecteurs d\u2019ambiance<\/em> comme il existe des <em>lecteurs de r\u00eaves<\/em> (souvent, les m\u00eames personnes sont dou\u00e9es pour les deux formes de lectures qui sont d\u2019ailleurs associ\u00e9es ou associables.)<\/p>\n<p>Les <em>lecteurs d\u2019ambiance\u00a0<\/em> (je pr\u00e9f\u00e8re ces termes modernes) sont capables de dire, avec pr\u00e9cision, ce qui se passe dans le c\u0153ur et dans l\u2019esprit des gens qui habitent un lieu quelconque (maison, village, villes, par exemple) rien qu\u2019en observant et en percevant les \u00e9v\u00e8nements naturels ext\u00e9rieurs (le temps, la v\u00e9g\u00e9tation, les r\u00e9actions des animaux, etc.) Je ne doute pas un seul instant d\u2019en int\u00e9resser quelques-uns en pr\u00e9cisant que cette facult\u00e9 \u00e9tait jadis -et en priorit\u00e9- celle des <em>Shamans<\/em> (ou <em>Chamanes<\/em>.)\u00a0<img decoding=\"async\" src=\"http:\/\/illiweb.com\/fa\/i\/smiles\/icon_smile.gif\" alt=\"Smile\" longdesc=\"http:\/\/psukelogos.winnerbb.com\/01-partageons-nos-connaissances-f7\/2\" \/><\/p>\n<p>&nbsp;<\/p>\n<p>&nbsp;<\/p>\n<p>&nbsp;<\/p>\n<p><span style=\"font-size: xx-large;\"><strong><a href=\"http:\/\/www.theb4.fr\/vivre-livres\/wp-content\/uploads\/2013\/06\/parapluie-souffle.jpg\"><img loading=\"lazy\" decoding=\"async\" class=\"alignleft size-thumbnail wp-image-647\" src=\"http:\/\/www.theb4.fr\/vivre-livres\/wp-content\/uploads\/2013\/06\/parapluie-souffle-150x150.jpg\" alt=\"parapluie-souffle\" width=\"150\" height=\"150\" \/><\/a>D<\/strong><\/span>onc, pour en revenir au vent et pour en terminer avec le sujet, lorsque vous verrez un vent puissant balayer une ville, une contr\u00e9e ou un pays durant de nombreux jours, <span style=\"text-decoration: underline;\">alors que la chose est jug\u00e9e inhabituelle<\/span>, sachez que vous vous trouvez en un lieu ou la col\u00e8re gronde en silence et o\u00f9 les gens n\u2019osent pas (ou plus) <strong><em>s\u2019exprimer librement<\/em><\/strong>, de peur de se vider d\u2019un coup de leur marasme et d\u2019\u00eatre ensuite mal vus, rejet\u00e9s et mal aim\u00e9s, etc. (la grosse peur des gens de ce pr\u00e9sent si\u00e8cle, en somme.)<\/p>\n<p>Pour terminer, cette citation du Ma\u00eetre J\u00e9sus :<\/p>\n<p><em>\u00ab Si je me tais, m\u00eame les pierres parleront \u00e0 ma place&#8230;\u00bb<\/em><\/p>\n<p>Voici une traduction lib\u00e9rale (mais juste) du verset :<\/p>\n<p><span style=\"color: #800080;\"><em>\u00ab Si le <strong>Je<\/strong>, la conscience de ce que nous sommes, ne r\u00e9ussit pas, pour diverses raisons, \u00e0 s\u2019exprimer librement, alors c\u2019est le corps de l\u2019homme lui-m\u00eame ainsi que toute la Nature, qui exprimeront ses probl\u00e8mes \u00e0 sa place. \u00bb<\/em><\/span><\/p>\n<p>&nbsp;<\/p>\n<p>&nbsp;<\/p>\n<p>&nbsp;<\/p>\n<p><span style=\"font-size: xx-large;\"><strong><img loading=\"lazy\" decoding=\"async\" class=\"alignleft wp-image-646\" src=\"http:\/\/www.theb4.fr\/vivre-livres\/wp-content\/uploads\/2013\/06\/vent-souffle2-150x150.jpg\" alt=\"vent-souffle2\" width=\"120\" height=\"120\" \/>V<\/strong><\/span>oil\u00e0 pour ce que je d\u00e9sirais dire de ce sujet, si vous avez des commentaires, ne vous g\u00eanez pas, on est ici pour \u00e7a.<\/p>\n<p>A moins que comme c\u2019est devenu la mode, vous pr\u00e9f\u00e9riez lire sans jamais commenter, <em>manger sans jamais partager votre repas avec autrui<\/em>, cela sous pr\u00e9texte largement hypocrite que <em>\u00ab vous n\u2019avez rien de bon \u00e0 offrir \u00bb<\/em> pour les autres\u2026 \ud83d\ude09<\/p>\n<p>&nbsp;<\/p>\n<p>&nbsp;<\/p>\n<p>&nbsp;<\/p>\n<p><strong><em>Serge Baccino<br \/>\n<\/em><\/strong><\/p>\n<p><a href=\"http:\/\/creativecommons.org\/licenses\/by-nc-nd\/3.0\/deed.fr\" rel=\"license\"><img decoding=\"async\" style=\"border-width: 0;\" src=\"http:\/\/i.creativecommons.org\/l\/by-nc-nd\/3.0\/88x31.png\" alt=\"Licence Creative Commons\" \/><\/a><\/p>\n","protected":false},"excerpt":{"rendered":"<p>Selon le symbolisme initiatique qui explique que\u00a0\u00ab tout ce qui arrive et se passe au-dehors, correspond \u00e0 tout ce qui arrive et se passe dans l\u2019esprit des hommes \u00bb, voici ce que nous pourrions dire au sujet du vent. Ma compagne et moi avons remarqu\u00e9 que depuis quelques temps, le vent souffle sans discontinuer en &hellip; <a href=\"https:\/\/www.theb4.fr\/vivre-livres\/le-vent-de-la-colere\/\" class=\"more-link\">Continuer la lecture de <span class=\"screen-reader-text\">Le vent de la col\u00e8re<\/span>  <span class=\"meta-nav\">&rarr;<\/span><\/a><\/p>\n","protected":false},"author":1,"featured_media":0,"comment_status":"open","ping_status":"open","sticky":false,"template":"","format":"standard","meta":{"footnotes":""},"categories":[3],"tags":[4695,1276,4706,22,4690,4707,3658,4702,4692,2525,4697,4694,3693,1427,53,1377,55,2958,57,318,224,4711,1864,4703,4710,2167,4688,4699,4700,769,4704,3535,65,2894,519,4428,1245,4696,80,3225,4708,4709,2347,4654,4691,2364,4693,4712,1744,4705,4592,738,2823,4698,4689,2952,2889,4701],"class_list":["post-642","post","type-post","status-publish","format-standard","hentry","category-artcl","tag-atmospherique","tag-autrui","tag-chamanes","tag-commentaires","tag-compagne","tag-contree","tag-en-colere","tag-evenements-naturels","tag-exament","tag-france","tag-geologique","tag-globe","tag-gronde","tag-hommes","tag-hpcrt","tag-inconscient-collectif","tag-init-2","tag-interieurement","tag-jss","tag-lesprit","tag-lhomme","tag-la-mode","tag-la-nature","tag-la-vegetation","tag-le-corps","tag-le-temps","tag-le-vent-de-la-colere","tag-lecteurs-dambiance","tag-lecteurs-de-reves","tag-les-autres","tag-les-reactions-des-animaux","tag-librement","tag-lire","tag-maison","tag-maitre","tag-manger","tag-marasme","tag-meteorologique","tag-ffr","tag-partager","tag-pays","tag-pierres","tag-place","tag-problemes","tag-provence","tag-quantite","tag-region","tag-repas","tag-sexprimer","tag-shamans","tag-souffle","tag-sujet","tag-symbolisme","tag-tremblements-de-terre","tag-vent","tag-vider","tag-village","tag-villes"],"_links":{"self":[{"href":"https:\/\/www.theb4.fr\/vivre-livres\/wp-json\/wp\/v2\/posts\/642","targetHints":{"allow":["GET"]}}],"collection":[{"href":"https:\/\/www.theb4.fr\/vivre-livres\/wp-json\/wp\/v2\/posts"}],"about":[{"href":"https:\/\/www.theb4.fr\/vivre-livres\/wp-json\/wp\/v2\/types\/post"}],"author":[{"embeddable":true,"href":"https:\/\/www.theb4.fr\/vivre-livres\/wp-json\/wp\/v2\/users\/1"}],"replies":[{"embeddable":true,"href":"https:\/\/www.theb4.fr\/vivre-livres\/wp-json\/wp\/v2\/comments?post=642"}],"version-history":[{"count":0,"href":"https:\/\/www.theb4.fr\/vivre-livres\/wp-json\/wp\/v2\/posts\/642\/revisions"}],"wp:attachment":[{"href":"https:\/\/www.theb4.fr\/vivre-livres\/wp-json\/wp\/v2\/media?parent=642"}],"wp:term":[{"taxonomy":"category","embeddable":true,"href":"https:\/\/www.theb4.fr\/vivre-livres\/wp-json\/wp\/v2\/categories?post=642"},{"taxonomy":"post_tag","embeddable":true,"href":"https:\/\/www.theb4.fr\/vivre-livres\/wp-json\/wp\/v2\/tags?post=642"}],"curies":[{"name":"wp","href":"https:\/\/api.w.org\/{rel}","templated":true}]}}