{"id":665,"date":"2013-06-18T16:26:01","date_gmt":"2013-06-18T15:26:01","guid":{"rendered":"http:\/\/www.theb4.fr\/vivre-livres\/?p=665"},"modified":"2020-06-02T00:02:36","modified_gmt":"2020-06-01T22:02:36","slug":"changez-de-karma-ou-supprimez-le","status":"publish","type":"post","link":"https:\/\/www.theb4.fr\/vivre-livres\/changez-de-karma-ou-supprimez-le\/","title":{"rendered":"Changez de Karma ou supprimez-le !"},"content":{"rendered":"<p><span style=\"font-size: xx-large;\"><strong><img loading=\"lazy\" decoding=\"async\" class=\"alignleft wp-image-667\" src=\"http:\/\/www.theb4.fr\/vivre-livres\/wp-content\/uploads\/2013\/06\/bouddha-brouillard-150x150.jpg\" alt=\"bouddha-brouillard\" width=\"135\" height=\"135\" srcset=\"https:\/\/www.theb4.fr\/vivre-livres\/wp-content\/uploads\/2013\/06\/bouddha-brouillard-150x150.jpg 150w, https:\/\/www.theb4.fr\/vivre-livres\/wp-content\/uploads\/2013\/06\/bouddha-brouillard-300x300.jpg 300w, https:\/\/www.theb4.fr\/vivre-livres\/wp-content\/uploads\/2013\/06\/bouddha-brouillard.jpg 320w\" sizes=\"auto, (max-width: 135px) 100vw, 135px\" \/>L<\/strong><\/span>es orientalistes ont tr\u00e8s mal traduit le mot <em>\u00abkarma\u00bb<\/em>, lui attribuant bien imprudemment comme traduction le mot fran\u00e7ais\u00a0<em>\u00ab action. \u00bb<\/em> Or, nul ne verra jamais\u00a0<em><strong>une action qui ne soit pas pr\u00e9c\u00e9d\u00e9e d\u2019une pens\u00e9e !<\/strong><\/em> Le vrai sens du mot <em>\u00abkarma\u00bb<\/em> est\u00a0<em><strong>\u00abmouvement\u00bb<\/strong><\/em> et nous allons voir plus loin l\u2019importance de cette diff\u00e9rence apparemment subtile. Ce ne sont donc pas nos \u00ab <em>actes <\/em>\u00bb qui consistent en <em>\u00ab notre Karma \u00bb<\/em> mais bien\u00a0<em><strong>les pens\u00e9es qui sont \u00e0 l\u2019origine de nos actes<\/strong>.<\/em> La loi spirituelle concern\u00e9e pourrait se r\u00e9sumer ainsi, une fois traduite et adapt\u00e9e \u00e0 notre phras\u00e9ologie moderne :<\/p>\n<p><span style=\"font-size: 14pt;\"><em>\u00ab Nous vivons ce que nous pensons et tant que nous pensons de la m\u00eame fa\u00e7on, nous vivons les m\u00eames exp\u00e9riences relatives \u00e0 cette fa\u00e7on particuli\u00e8re de penser. \u00bb<\/em><\/span><\/p>\n<p>&nbsp;<\/p>\n<p>&nbsp;<\/p>\n<p>&nbsp;<\/p>\n<p><span style=\"font-size: xx-large;\"><strong><img loading=\"lazy\" decoding=\"async\" class=\"alignleft size-thumbnail wp-image-6975\" src=\"http:\/\/www.theb4.fr\/vivre-livres\/wp-content\/uploads\/2013\/06\/Psychokine\u0300se4-250x141.jpg\" alt=\"\" width=\"250\" height=\"141\" \/>T<\/strong><\/span>oute pens\u00e9e est reli\u00e9e \u00e0 son sentiment (ou \u00e9motion) connexe : si la m\u00eame pens\u00e9e revient sans cesse, nous exp\u00e9rimentons les m\u00eames \u00e9motions, inlassablement, et cela <em>aussi longtemps que notre pens\u00e9e demeure identique. <\/em>Une \u00e9motion est construite \u00e0 partir de notre propre force vitale (ce qui nous fait vivre) : c\u2019est pour cela que <strong><em>les \u00e9motions gaspillent de l\u2019\u00e9nergie<\/em><\/strong> et r\u00e9duisent notre vitalit\u00e9 et jusqu&rsquo;\u00e0 notre\u00a0<em>sant\u00e9 mentale<\/em> (<em>Shanti<\/em>, en sanskrit.)<\/p>\n<p>&nbsp;<\/p>\n<p>&nbsp;<\/p>\n<p>&nbsp;<\/p>\n<p><span style=\"font-size: xx-large;\"><strong><img loading=\"lazy\" decoding=\"async\" class=\"alignleft size-thumbnail wp-image-6976\" src=\"http:\/\/www.theb4.fr\/vivre-livres\/wp-content\/uploads\/2013\/06\/e\u0301nergie-mentale-240x141.jpg\" alt=\"\" width=\"240\" height=\"141\" \/>D<\/strong><\/span>e plus, les mouvements de l\u2019esprit en nous (<em>karma chitta<\/em>), qui forment les pens\u00e9es, ainsi que <span style=\"color: #0000ff;\">\u00ab <em>les<\/em> <em>modifications de l\u2019esprit <\/em>\u00bb<\/span> (<em>vritti)<\/em>, le fait que nous sautions d\u2019une id\u00e9e \u00e0 une autre, nous coupent de l\u2019<em>Actualit\u00e9 plan\u00e9taire<\/em>, de ce qui existe en fait, et nous font vivre\u00a0<em>\u00ab dans notre t\u00eate \u00bb,<\/em> au lieu de nous permettre de partager\u00a0<strong><em>l\u2019espace conscient<\/em><\/strong> qui devrait \u00eatre celui de tous les \u00eatres vivants. Si les Orientalistes n\u2019avaient pas isol\u00e9 le mot \u00ab <em>karma <\/em>\u00bb avant de le traduire et s\u2019ils l\u2019avaient traduit correctement, nous aurions alors eut ce que les textes primitif enseignaient vraiment et que nous pourrions r\u00e9sumer ainsi :<\/p>\n<p><span style=\"font-size: large;\"><em><span style=\"color: #800080;\"><span style=\"text-decoration: underline;\"><strong>Karma Chitta<\/strong><\/span>\u00a0 \u00ab Se dit des mouvements (karma) de l\u2019esprit (chitta) qui engendrent les pens\u00e9es et connectent l\u2019homme \u00e0 une forme de r\u00e9alit\u00e9 illusoire mais pourtant bien r\u00e9elle pour lui, et l\u2019obligent \u00e0 vivre sans cesse le m\u00eame \u00e9tat d\u2019esprit et donc \u00e0 vivre les m\u00eames exp\u00e9riences, cela aussi longtemps que dure cet \u00e9tat d\u2019esprit. Penser autrement revient \u00e0 vivre autre chose mais ne plus s\u2019identifier aux mouvances mentales, revient \u00e0 se connecter \u00e0 l\u2019Actualit\u00e9 Cosmique et \u00e0 exp\u00e9rimenter sa propre Nature v\u00e9ritable : la Soi-Conscience. Car lorsque l\u2019esprit (chitta) cesse de former des id\u00e9es, il se transforme en conscience (Chitti) et l\u2019\u00eatre exp\u00e9rimente alors un \u00e9tat de vacuit\u00e9 mentale et de paix profonde qui consistent en l&rsquo;essentiel de sa Nature v\u00e9ritable. \u00bb<\/span> <\/em><\/span><\/p>\n<p><strong>(Traduction moderne et lib\u00e9rale des <em>Shiva-Sutra<\/em>)<em><br \/>\n<\/em><\/strong><\/p>\n<p>&nbsp;<\/p>\n<p>&nbsp;<\/p>\n<p>&nbsp;<\/p>\n<p><span style=\"font-size: xx-large;\"><strong><img loading=\"lazy\" decoding=\"async\" class=\"alignleft size-full wp-image-5121\" src=\"http:\/\/www.theb4.fr\/vivre-livres\/wp-content\/uploads\/2014\/01\/annales-akashiques15.jpg\" alt=\"annales akashiques15\" width=\"240\" height=\"165\" \/>S<\/strong><\/span>i les Orientalistes avaient traduit ainsi, alors les gens ne sombreraient plus dans cette torpeur mentale qui consiste \u00e0\u00a0<em>\u00ab subir leur karma \u00bb<\/em>, bon ou mauvais, issu de quelque v<em>ie ant\u00e9rieure<\/em> sur laquelle, comme par hasard, personne ne sait quoique ce soit de pr\u00e9cis ou m\u00eame de vraiment utile. En fait, le karma ne consiste\u00a0<strong><em>pas<\/em><\/strong> \u00e0 subir le contrecoup des actes de nos vies pass\u00e9es mais bien \u00e0 subir ces \u00ab lois de l\u2019\u00e2me \u00bb (id\u00e9es, concepts, credo) <em>que s\u2019invente l\u2019homme<\/em> et avec lesquelles il doit ensuite essayer de vivre \u00ab <em>en conformit\u00e9<\/em>. \u00bb<\/p>\n<p>&nbsp;<\/p>\n<p>&nbsp;<\/p>\n<p>&nbsp;<\/p>\n<p><span style=\"font-size: xx-large;\"><strong><img loading=\"lazy\" decoding=\"async\" class=\"alignleft wp-image-5081\" src=\"http:\/\/www.theb4.fr\/vivre-livres\/wp-content\/uploads\/2014\/01\/mental-bla-bla.jpg\" alt=\"mental bla bla\" width=\"207\" height=\"155\" \/>\u00c9<\/strong><\/span>videmment, par la suite, l&rsquo;homme doit subir le contenu de ces lois qu&rsquo;il a lui m\u00eame \u00e9dict\u00e9es, <em>cela aussi longtemps qu\u2019il ne change pas sa fa\u00e7on de penser<\/em> ou qu\u2019il ne r\u00e9alise pas qu\u2019<strong><em>il n\u2019est pas ce qu\u2019il pense<\/em><\/strong> mais <em>celui<\/em> qui engendre ou accueille (bien imprudemment !) des pens\u00e9es tyranniques qui le r\u00e9duisent ensuite \u00e0 l\u2019\u00e9tat d\u2019esclavage spirituel. Un passage des Shiva Sutra dit : <span style=\"color: #993300;\"><em>\u00abJnanam Bandham.\u00bb <\/em><\/span>Cela signifie que <em><strong>la connaissance est servitude ou nous lie<\/strong>. <\/em>Il est question ici, bien entendu, de connaissance \u00abimpure\u00bb, c\u2019est-\u00e0-dire de <em><strong>tout ce qui \u00e9loigne l\u2019homme de sa v\u00e9ritable nature. <\/strong><\/em>Le <em>pur connaissant<\/em> (<em>Jnani<\/em>) est celui qui se conna\u00eet lui-m\u00eame en tant qu\u2019<span style=\"color: #800080;\"><em><strong>esprit vivant et conscient<\/strong>. <\/em><\/span>Si vous avez des questions avec ce court expos\u00e9, je me ferai un plaisir d&rsquo;y r\u00e9pondre.<\/p>\n<p>&nbsp;<\/p>\n<p>&nbsp;<\/p>\n<p>&nbsp;<\/p>\n<p><em><strong>Serge Baccino<br \/>\n<\/strong><\/em><\/p>\n<p><a href=\"http:\/\/creativecommons.org\/licenses\/by-nc-nd\/3.0\/deed.fr\" rel=\"license\"><img decoding=\"async\" style=\"border-width: 0;\" src=\"http:\/\/i.creativecommons.org\/l\/by-nc-nd\/3.0\/88x31.png\" alt=\"Licence Creative Commons\" \/><\/a><br \/>\n(Note : Sauf pour les images, trouv\u00e9es sur le Web et r\u00e9put\u00e9es libres et gratuites)<\/p>\n","protected":false},"excerpt":{"rendered":"<p>Les orientalistes ont tr\u00e8s mal traduit le mot \u00abkarma\u00bb, lui attribuant bien imprudemment comme traduction le mot fran\u00e7ais\u00a0\u00ab action. \u00bb Or, nul ne verra jamais\u00a0une action qui ne soit pas pr\u00e9c\u00e9d\u00e9e d\u2019une pens\u00e9e ! Le vrai sens du mot \u00abkarma\u00bb est\u00a0\u00abmouvement\u00bb et nous allons voir plus loin l\u2019importance de cette diff\u00e9rence apparemment subtile. Ce ne &hellip; <a href=\"https:\/\/www.theb4.fr\/vivre-livres\/changez-de-karma-ou-supprimez-le\/\" class=\"more-link\">Continuer la lecture de <span class=\"screen-reader-text\">Changez de Karma ou supprimez-le !<\/span>  <span class=\"meta-nav\">&rarr;<\/span><\/a><\/p>\n","protected":false},"author":1,"featured_media":0,"comment_status":"open","ping_status":"open","sticky":false,"template":"","format":"standard","meta":{"footnotes":""},"categories":[3],"tags":[786,1962,721,5030,5017,887,189,26,3593,5045,5047,5023,4069,5049,138,5050,3894,655,1257,5032,374,5056,331,5040,1140,886,5024,5054,5034,5051,5055,58,2808,623,5031,3908,5053,770,5046,5028,5018,5038,651,5039,5033,884,629,5020,537,5036,5021,3798,5037,457,5026,5022,5052,5025,5027,2900,5048,1042,5035,5043,4569,113,5019,5041,1266,5042,5044,929,5029],"class_list":["post-665","post","type-post","status-publish","format-standard","hentry","category-artcl","tag-a-lorigine","tag-actes","tag-action","tag-actualite-cosmique","tag-changez-de-karma-ou-supprimez-le","tag-concepts","tag-connaissance","tag-consc","tag-contenu","tag-contrecoup","tag-credo","tag-demeure","tag-difference","tag-edictees","tag-emotions","tag-esclavage-spirituel","tag-esprit-vivant-et-conscient","tag-etat","tag-etat-desprit","tag-etres-vivants","tag-experiences","tag-expose","tag-force-vitale","tag-former-des-idees","tag-francais","tag-idees","tag-identique","tag-impure","tag-isole","tag-jnanam-bandham","tag-jnani","tag-krm","tag-karma-chitta","tag-lenergie","tag-lespace-conscient","tag-la-soi-conscience","tag-lie","tag-loi-spirituelle","tag-lois-de-lame","tag-modifications","tag-mot","tag-mouvances-mentales","tag-mouvement","tag-nature-veritable","tag-orientalistes","tag-pensee","tag-penser","tag-phraseologie","tag-questions","tag-realite-illusoire","tag-relie","tag-repondre","tag-sidentifier","tag-sanskrit","tag-sante-mentale","tag-sentiment-connexe","tag-servitude","tag-shakti","tag-shanti","tag-shiva-sutra","tag-subir","tag-tete","tag-textes-primitifs","tag-torpeur-mentale","tag-traduction","tag-trdt","tag-traduite","tag-transforme","tag-tyranniques","tag-veritable-nature","tag-vie-anterieure","tag-vitalite","tag-vritti"],"_links":{"self":[{"href":"https:\/\/www.theb4.fr\/vivre-livres\/wp-json\/wp\/v2\/posts\/665","targetHints":{"allow":["GET"]}}],"collection":[{"href":"https:\/\/www.theb4.fr\/vivre-livres\/wp-json\/wp\/v2\/posts"}],"about":[{"href":"https:\/\/www.theb4.fr\/vivre-livres\/wp-json\/wp\/v2\/types\/post"}],"author":[{"embeddable":true,"href":"https:\/\/www.theb4.fr\/vivre-livres\/wp-json\/wp\/v2\/users\/1"}],"replies":[{"embeddable":true,"href":"https:\/\/www.theb4.fr\/vivre-livres\/wp-json\/wp\/v2\/comments?post=665"}],"version-history":[{"count":0,"href":"https:\/\/www.theb4.fr\/vivre-livres\/wp-json\/wp\/v2\/posts\/665\/revisions"}],"wp:attachment":[{"href":"https:\/\/www.theb4.fr\/vivre-livres\/wp-json\/wp\/v2\/media?parent=665"}],"wp:term":[{"taxonomy":"category","embeddable":true,"href":"https:\/\/www.theb4.fr\/vivre-livres\/wp-json\/wp\/v2\/categories?post=665"},{"taxonomy":"post_tag","embeddable":true,"href":"https:\/\/www.theb4.fr\/vivre-livres\/wp-json\/wp\/v2\/tags?post=665"}],"curies":[{"name":"wp","href":"https:\/\/api.w.org\/{rel}","templated":true}]}}