{"id":686,"date":"2013-06-19T14:07:09","date_gmt":"2013-06-19T13:07:09","guid":{"rendered":"http:\/\/www.theb4.fr\/vivre-livres\/?p=686"},"modified":"2020-06-05T02:01:52","modified_gmt":"2020-06-05T00:01:52","slug":"virilite-mentale","status":"publish","type":"post","link":"https:\/\/www.theb4.fr\/vivre-livres\/virilite-mentale\/","title":{"rendered":"Virilit\u00e9 mentale"},"content":{"rendered":"<p><span style=\"font-size: xx-large;\"><strong><img loading=\"lazy\" decoding=\"async\" class=\"alignleft wp-image-537\" src=\"http:\/\/www.theb4.fr\/vivre-livres\/wp-content\/uploads\/2013\/06\/Femme-rayonnante-150x150.png\" alt=\"Femme rayonnante\" width=\"120\" height=\"120\" \/>U<\/strong><\/span>ne des choses les plus aga\u00e7antes pour une personne qui ne s\u2019est pas encore lib\u00e9r\u00e9e des conditionnements mentaux relatifs \u00e0 la spiritualit\u00e9, c\u2019est d\u2019\u00e9couter parler (ou de lire) une personne qui a clarifi\u00e9 son esprit, exprimer ce qu\u2019elle sait \u00eatre vrai ou ce qu\u2019elle tient pour d\u00e9fini. En effet, <span style=\"color: #008000;\"><strong><em>la plupart des gens n\u2019osent pas s\u2019exprimer librement<\/em><\/strong><\/span> et s\u2019embarrassent inutilement de tournures de phrases plus ou moins hypocrites tendant \u00e0 faire passer l\u2019id\u00e9e que <em>\u00abnul ne d\u00e9tient la v\u00e9rit\u00e9 et bla, bla, bla\u2026\u00bb<\/em> et que, de ce fait, il faut se perdre en courbettes psychologiques pour ne pas froisser la susceptibilit\u00e9 de quelques pisses-vinaigres se pr\u00e9sentant comme autant de garants du sens commun et de la biens\u00e9ance universelle.<\/p>\n<p>&nbsp;<\/p>\n<p>&nbsp;<\/p>\n<p>&nbsp;<\/p>\n<p><span style=\"font-size: xx-large;\"><strong><img loading=\"lazy\" decoding=\"async\" class=\"alignleft wp-image-4923\" src=\"http:\/\/www.theb4.fr\/vivre-livres\/wp-content\/uploads\/2013\/12\/Symboles6.jpg\" alt=\"Symboles6\" width=\"157\" height=\"117\" \/>L<\/strong><\/span>es textes modernes qui traitent de spiritualit\u00e9 perdent donc peu \u00e0 peu de leur virilit\u00e9 premi\u00e8re et s\u2019\u00e9maillent\u00a0, d\u00e9sormais, d\u2019inutiles figures de style de ce genre-l\u00e0 :<\/p>\n<p><span style=\"color: #800080;\"><em>\u00ab\u00a0Je sais que ce n\u2019est que mon avis, mais\u2026\u00a0\u00bb<\/em><\/span><br \/>\n<span style=\"color: #800080;\"> <em>\u00ab\u00a0Vous allez dire que j\u2019exag\u00e8re, mais\u2026\u00a0\u00bb<\/em><\/span><br \/>\n<span style=\"color: #800080;\"> <em>\u00ab\u00a0Je vais \u00eatre mal vu(e) mais\u2026.\u00a0\u00bb<\/em><\/span><br \/>\n<span style=\"color: #800080;\"> <em>\u00ab\u00a0C\u2019est en toute humilit\u00e9 que\u2026.\u00a0\u00bb<\/em><\/span><\/p>\n<p>La meilleure \u00e9tant <span style=\"color: #0000ff;\"><em>\u00ab C\u2019est en toute humilit\u00e9 que\u2026\u00a0\u00bb<\/em><\/span><\/p>\n<p>&nbsp;<\/p>\n<p>&nbsp;<\/p>\n<p><span style=\"font-size: xx-large;\"><strong><img loading=\"lazy\" decoding=\"async\" class=\"alignleft wp-image-4170\" src=\"http:\/\/www.theb4.fr\/vivre-livres\/wp-content\/uploads\/2013\/11\/Hypocrisie3.jpg\" alt=\"Hypocrisie3\" width=\"174\" height=\"186\" \/>E<\/strong><\/span>h bien\u00a0! Ceux dont l\u2019esprit est clair et dont le mental est \u00e9quilibr\u00e9 et fort, ne s\u2019embarrassent plus de <span style=\"text-decoration: underline;\">ces fioritures \u00e9gotiques<\/span>.\u00a0Seul l\u2019ego peut s\u2019inqui\u00e9ter de ce que vont penser ou dire les personnes <em>comme il faut.\u00a0 <\/em>Seul l\u2019ego peut redouter d\u2019\u00eatre rejet\u00e9 ou<em> \u00ab moins aim\u00e9 ensuite. \u00bb <\/em>Bref, seul l\u2019ego se prend la t\u00eate et la prend du m\u00eame coup \u00e0 son propri\u00e9taire, lorsqu\u2019il s\u2019agit simplement et honn\u00eatement d\u2019<em><b>exprimer la v\u00e9rit\u00e9.<\/b><\/em><\/p>\n<p>&nbsp;<\/p>\n<p>&nbsp;<\/p>\n<p>&nbsp;<\/p>\n<p><span style=\"font-size: xx-large;\"><strong><img loading=\"lazy\" decoding=\"async\" class=\"alignleft wp-image-591\" src=\"http:\/\/www.theb4.fr\/vivre-livres\/wp-content\/uploads\/2013\/06\/Rayonant-150x150.jpg\" alt=\"Rayonant\" width=\"120\" height=\"120\" \/>E<\/strong><\/span>t la v\u00e9rit\u00e9, tout le monde la d\u00e9tient, puisqu\u2019elle se r\u00e9sume, en l\u2019occurrence, \u00e0 <b><i>dire ou \u00e0 \u00e9crire ce que l\u2019on pense et ressent vraiment. <\/i><\/b>Point. Mais pour oser agir de la sorte, c\u2019est-\u00e0-dire pour trouver en soi le courage spirituel n\u00e9cessaire pour s\u2019exprimer librement en assumant ensuite, s\u2019il est utile, les railleries et les critiques de ceux qui n\u2019ont pas encore commenc\u00e9 \u00e0 vivre, il faut que le mental se soit de nouveau polaris\u00e9, \u00e0 savoir qu\u2019il ne soit plus <em>eff\u00e9min\u00e9<\/em> (on appelle cela <span style=\"font-family: georgia,palatino;\">\u00abGenre Mental\u00bb<\/span> en Herm\u00e9tisme.) Par \u00ab<em>eff\u00e9min\u00e9<\/em>\u00bb, j\u2019entends :<\/p>\n<p><span style=\"color: #993300; font-size: 14pt;\"><em>\u00ab\u00a0Mental dont la partie directive, p\u00e9n\u00e9trante et cr\u00e9atrice d\u2019\u00e9v\u00e8nement<\/em><em>s<\/em><em>, a subi une d\u00e9polarisation telle, qu\u2019elle est devenue<\/em><em> r\u00e9ceptive, p\u00e9n\u00e9tr\u00e9e, maturante, <\/em><em>passive<\/em><em> et adopte donc les attributs de la f\u00e9minit\u00e9.<\/em><em>\u00a0\u00bb<\/em><\/span><\/p>\n<p>&nbsp;<\/p>\n<p>&nbsp;<\/p>\n<p>&nbsp;<\/p>\n<p><span style=\"font-size: xx-large;\"><strong><img loading=\"lazy\" decoding=\"async\" class=\"alignleft wp-image-4160\" src=\"http:\/\/www.theb4.fr\/vivre-livres\/wp-content\/uploads\/2013\/10\/auras-doubles2.jpg\" alt=\"auras-doubles\" width=\"162\" height=\"198\" \/>T<\/strong><\/span>out le monde, homme ou femme, a un <em>Genre Mental<\/em>, cela dans la mesure o\u00f9 notre <strong><em>\u00abmoi\u00bb<\/em><\/strong> et notre <strong><em>\u00abJe\u00bb<\/em><\/strong> sont respectivement f\u00e9minin\/r\u00e9ceptif, et masculin\/p\u00e9n\u00e9trant (cr\u00e9ateur d\u2019id\u00e9es-germes.) \u00c9videmment, une \u00ab<em>femme forte<\/em>\u00bb ne sera jamais aussi <em>virile,<\/em> dans ses propos, qu\u2019un \u00ab<em>homme fort<\/em>.\u00bb A moins que l\u2019homme servant \u00e0 comparer soit pas si fort que cela (mental d\u00e9polaris\u00e9 au niveau du <em>\u00abJe\u00bb<\/em>) ou que la femme soit trop polaris\u00e9e (\u00ab<em>Je<\/em>\u00bb excessif et dominant par peur de ne plus r\u00e9ussir \u00e0 g\u00e9rer sa vie.)<\/p>\n<p>J\u2019esp\u00e8re que cet <em>En-cas<\/em> vous aura mis <em>en bouche<\/em> et que vos commentaires ou vos questions, permettront d\u2019avancer plus avant dans cet int\u00e9ressant sujet du\u00a0 Genre Mental. Un sujet tr\u00e8s peu connu <em>en France<\/em>, comme d\u2019habitude !<\/p>\n<p>&nbsp;<\/p>\n<p>&nbsp;<\/p>\n<p>&nbsp;<\/p>\n<p><strong><em>Serge Baccino<br \/>\n<\/em><\/strong><\/p>\n<p><a href=\"http:\/\/creativecommons.org\/licenses\/by-nc-nd\/3.0\/deed.fr\" rel=\"license\"><img decoding=\"async\" style=\"border-width: 0;\" src=\"http:\/\/i.creativecommons.org\/l\/by-nc-nd\/3.0\/88x31.png\" alt=\"Licence Creative Commons\" \/><\/a><br \/>\n(Note : Sauf pour les images, trouv\u00e9es sur le Web et r\u00e9put\u00e9es libres et gratuites)<\/p>\n","protected":false},"excerpt":{"rendered":"<p>Une des choses les plus aga\u00e7antes pour une personne qui ne s\u2019est pas encore lib\u00e9r\u00e9e des conditionnements mentaux relatifs \u00e0 la spiritualit\u00e9, c\u2019est d\u2019\u00e9couter parler (ou de lire) une personne qui a clarifi\u00e9 son esprit, exprimer ce qu\u2019elle sait \u00eatre vrai ou ce qu\u2019elle tient pour d\u00e9fini. En effet, la plupart des gens n\u2019osent pas &hellip; <a href=\"https:\/\/www.theb4.fr\/vivre-livres\/virilite-mentale\/\" class=\"more-link\">Continuer la lecture de <span class=\"screen-reader-text\">Virilit\u00e9 mentale<\/span>  <span class=\"meta-nav\">&rarr;<\/span><\/a><\/p>\n","protected":false},"author":1,"featured_media":0,"comment_status":"open","ping_status":"open","sticky":false,"template":"","format":"standard","meta":{"footnotes":""},"categories":[3],"tags":[1307,2216,5249,1122,5241,24,5245,998,5113,2217,5242,5265,5263,5276,5261,5255,5278,3884,5277,956,40,5275,4262,5258,1065,5270,3196,5273,5253,5254,2525,5248,5262,2981,554,582,5274,2390,5244,3009,5271,1218,2323,5259,5247,5238,1064,5268,69,5239,3285,5257,5269,3373,5264,5267,1269,2225,4826,1500,5260,5272,5266,5256,5240,1744,107,738,5246,5251,5243,5250,5252,740],"class_list":["post-686","post","type-post","status-publish","format-standard","hentry","category-artcl","tag-attributs","tag-avis","tag-bienseance","tag-clair","tag-clarifie","tag-conditionnements","tag-courbettes-psychologiques","tag-createur","tag-creatrice","tag-critiques","tag-defini","tag-depolarisation","tag-directive","tag-dominant","tag-effemine","tag-egotiques","tag-en-bouche","tag-en-soi","tag-en-cas","tag-equilibre","tag-esprt","tag-excessif","tag-exprimer","tag-exprimer-la-verite","tag-feminin","tag-feminite","tag-femme","tag-femme-forte","tag-figures-de-style","tag-fioritures","tag-france","tag-garants","tag-genre-mental","tag-gerer","tag-hermetisme","tag-homme","tag-homme-fort","tag-humilite","tag-hypocrites","tag-idees-germes","tag-je","tag-lego","tag-la-spiritualite","tag-le-courage","tag-les-pisses-vinaigres","tag-liberee","tag-masculin","tag-maturante","tag-mnt","tag-mentaux","tag-moi","tag-moins-aime","tag-passive","tag-penetrant","tag-penetrante","tag-penetree","tag-personne","tag-personnes","tag-phrases","tag-polarise","tag-railleries","tag-receptif","tag-receptive","tag-rejete","tag-relatifs","tag-sexprimer","tag-sprtle","tag-sujet","tag-susceptibilite","tag-textes","tag-tournures","tag-universelle","tag-virilite","tag-virilite-mentale"],"_links":{"self":[{"href":"https:\/\/www.theb4.fr\/vivre-livres\/wp-json\/wp\/v2\/posts\/686","targetHints":{"allow":["GET"]}}],"collection":[{"href":"https:\/\/www.theb4.fr\/vivre-livres\/wp-json\/wp\/v2\/posts"}],"about":[{"href":"https:\/\/www.theb4.fr\/vivre-livres\/wp-json\/wp\/v2\/types\/post"}],"author":[{"embeddable":true,"href":"https:\/\/www.theb4.fr\/vivre-livres\/wp-json\/wp\/v2\/users\/1"}],"replies":[{"embeddable":true,"href":"https:\/\/www.theb4.fr\/vivre-livres\/wp-json\/wp\/v2\/comments?post=686"}],"version-history":[{"count":0,"href":"https:\/\/www.theb4.fr\/vivre-livres\/wp-json\/wp\/v2\/posts\/686\/revisions"}],"wp:attachment":[{"href":"https:\/\/www.theb4.fr\/vivre-livres\/wp-json\/wp\/v2\/media?parent=686"}],"wp:term":[{"taxonomy":"category","embeddable":true,"href":"https:\/\/www.theb4.fr\/vivre-livres\/wp-json\/wp\/v2\/categories?post=686"},{"taxonomy":"post_tag","embeddable":true,"href":"https:\/\/www.theb4.fr\/vivre-livres\/wp-json\/wp\/v2\/tags?post=686"}],"curies":[{"name":"wp","href":"https:\/\/api.w.org\/{rel}","templated":true}]}}