{"id":696,"date":"2013-06-19T23:40:13","date_gmt":"2013-06-19T22:40:13","guid":{"rendered":"http:\/\/www.theb4.fr\/vivre-livres\/?p=696"},"modified":"2020-06-07T03:16:06","modified_gmt":"2020-06-07T01:16:06","slug":"brice-de-nice-un-medium","status":"publish","type":"post","link":"https:\/\/www.theb4.fr\/vivre-livres\/brice-de-nice-un-medium\/","title":{"rendered":"Brice de Nice un M\u00e9dium ?"},"content":{"rendered":"<h2><span style=\"color: #ff6600;\">Voici un article \u00e9crit il y a des ann\u00e9es et qui, selon moi, pourrait int\u00e9resser quelques-uns par son contenu qui sort un peu de l&rsquo;ordinaire mais demeure d&rsquo;actualit\u00e9.<\/span><\/h2>\n<p>&nbsp;<\/p>\n<p>*****<\/p>\n<p>&nbsp;<\/p>\n<p><span style=\"font-size: xx-large;\"><strong><img loading=\"lazy\" decoding=\"async\" class=\"alignleft wp-image-697\" src=\"http:\/\/www.theb4.fr\/vivre-livres\/wp-content\/uploads\/2013\/06\/ange-male-01.jpg\" alt=\"ange male 01\" width=\"122\" height=\"122\" \/>U<\/strong><\/span>ne fois n\u2019est pas coutume, je vais vous pr\u00e9senter la face \u00ab<em>positive<\/em>\u00bb et de bonne augure d\u2019une habitude psychologique contract\u00e9e par une grande quantit\u00e9 de gens, en France ou ailleurs\u2026. Je vais vous parler bri\u00e8vement et, surtout, autrement, de ce r\u00e9flexe qui consiste \u00e0 <em>\u00ab casser \u00bb<\/em> les autres, en parole, comme cela et sans raison ou besoin apparent.\u00a0La plupart on vu le film <em>\u00ab Brice de Nice \u00bb<\/em> ou en on entendu parler de son personnage principal, je suppose\u2026<\/p>\n<p>&nbsp;<\/p>\n<p>C\u2019est celui qui dit sans arr\u00eat : <em>\u00ab Je t&rsquo;ai cass\u00e9 !\u00bb<\/em><br \/>\nMais je suis certain que vous seriez surpris d\u2019apprendre l\u2019origine\u00a0<strong><em>\u00e9nerg\u00e9tique<\/em><\/strong> de cette manie pour le moins d\u00e9sagr\u00e9able, n\u2019est-ce pas ? Eh bien ! C\u2019est une r\u00e9ponse naturelle et automatique de l\u2019homme \u00e0 une des <em>subdivisions \u00e9nerg\u00e9tiques<\/em> de la grosse vague de 2012 !<\/p>\n<p>&nbsp;<\/p>\n<p><strong><span style=\"font-size: 24pt;\">E<\/span><\/strong>n clair, \u00e7a signifie que les gens qui, pour des raisons trait\u00e9es plus loin, sont ouverts \u00e0 ce train d\u2019ondes (ou longueur d\u2019ondes) sp\u00e9cifique, ne font en fait que <strong><em>R\u00c9PONDRE<\/em><\/strong> \u00e0 un besoin naturel et\u2026. positif ! Du moins pour eux, certes ! Comme vous le savez, la conscience de l\u2019humanit\u00e9 aspire farouchement \u00e0 se lib\u00e9rer de sa gangue de mat\u00e9rialit\u00e9 et, surtout, de ce voile d\u2019illusion qui ressemble plus \u00e0 une couette \u00e9paisse de trois m\u00e8tres qu\u2019\u00e0 un voile !<\/p>\n<p>&nbsp;<\/p>\n<p>&nbsp;<\/p>\n<p><span style=\"font-size: xx-large;\"><strong><img loading=\"lazy\" decoding=\"async\" class=\"alignleft wp-image-180\" src=\"http:\/\/www.theb4.fr\/vivre-livres\/wp-content\/uploads\/2013\/04\/fantastique2-150x150.png\" alt=\"fantastique2\" width=\"155\" height=\"155\" \/>E<\/strong><\/span>t pour se faire, elle s\u2019est donn\u00e9 des <em>instructions,<\/em> avant de revenir dans la chair, afin que, le moment voulu et\u00a0<em>d\u00e9sir\u00e9<\/em>, elle puisse recevoir des <em>outils<\/em> <em>psycho-\u00e9nerg\u00e9tiques<\/em> lui permettant de quitter l\u2019horizontalit\u00e9 et retrouver le chemin Ascendant.<\/p>\n<p>Et le fait de <em>se faire casser<\/em> \u00e0 tout bout de champs par des cons qui feraient mieux de se regarder eux, est cens\u00e9 nous y aider, Monsieur le Cur\u00e9 ?<\/p>\n<p>&nbsp;<\/p>\n<p><strong><span style=\"font-size: 24pt;\">O<\/span><\/strong>ui.\u00a0 Mais pas directement, certes !\u00a0Tous ceux qui font \u00e7a \u00ab <em>captent <\/em>\u00bb, sans le r\u00e9aliser, un \u00e9gr\u00e9gore positif du pass\u00e9 qui a \u00e9t\u00e9 engendr\u00e9 par de Belles et Grandes \u00c2mes qui vivaient, il y a tr\u00e8s longtemps, sur les plateaux du Tibet et qui, plus tard, se d\u00e9plac\u00e8rent un peu vers le sud pour s\u2019y r\u00e9fugier (et avoir la paix.) Cet \u00e9gr\u00e9gore est celui qui inspira, durant des si\u00e8cles, la plupart des <em>Guru<\/em> (gourous) de l\u2019Inde (les vrais, pas les truffes d\u2019aujourd\u2019hui) et dont le but avou\u00e9 \u00e9tait de\u2026\u00a0<em><strong>casser l\u2019\u00e9go<\/strong><\/em> de l\u2019homme qui veut Remonter vers son P\u00e8re. En fait, et sans le savoir, beaucoup de gens qui d\u00e9noncent les sectes se conduisent exactement comme des <em>guru<\/em> (ou gourous si francis\u00e9) !<\/p>\n<p>&nbsp;<\/p>\n<p>&nbsp;<\/p>\n<p><span style=\"font-size: xx-large;\"><strong><img loading=\"lazy\" decoding=\"async\" class=\"alignleft size-full wp-image-6992\" src=\"http:\/\/www.theb4.fr\/vivre-livres\/wp-content\/uploads\/2013\/06\/Brice-de-Nice.jpeg\" alt=\"\" width=\"124\" height=\"123\" \/>V<\/strong><\/span>ous me direz, OK, ils captent l\u2019\u00e9gr\u00e9gore form\u00e9 par les autres Machins Illumin\u00e9s de partout, l\u00e0, tr\u00e8s bien. Mais dans tout \u00e7a, on ne comprend toujours pas pourquoi ces gens l\u00e0 captent cet \u00e9gr\u00e9gore (et pas les autres) et surtout, quel est le but envisag\u00e9, attendu que les effets de ces \u00ab <em>cassages <\/em>\u00bb intempestifs sont plut\u00f4t d\u00e9sagr\u00e9ables et, surtout, rarement fond\u00e9s ! Et vous auriez raison de me r\u00e9torquer cela !<\/p>\n<p>Voici une r\u00e9ponse que je vous propose : Si elle vous d\u00e9frise ou vous met mal \u00e0 l\u2019aise, sortez ce texte \u00e0 l\u2019imprimante puis employez-le pour remplacer le papier toilette de vos WC ! Nous sommes en r\u00e9publique et <span style=\"color: #ff0000;\"><strong><em>vous seuls pouvez vous imposer quelque chose, pas moi<\/em><\/strong><\/span> <img decoding=\"async\" src=\"http:\/\/illiweb.com\/fa\/i\/smiles\/icon_smile.gif\" alt=\"Smile\" longdesc=\"http:\/\/psukelogos.winnerbb.com\/01-psukelogos-l-etude-de-l-ame-f1\/2\" \/><\/p>\n<p>&nbsp;<\/p>\n<p>&nbsp;<\/p>\n<p><span style=\"font-size: xx-large;\"><strong><img loading=\"lazy\" decoding=\"async\" class=\"alignleft wp-image-698\" src=\"http:\/\/www.theb4.fr\/vivre-livres\/wp-content\/uploads\/2013\/06\/itkeyscq-150x150.png\" alt=\"itkeyscq\" width=\"165\" height=\"165\" \/>P<\/strong><\/span>remi\u00e8rement, ils captent <em>le train d\u2019ondes mentales<\/em> de cet \u00e9gr\u00e9gore pour la simple raison qu\u2019<em><strong>il faut absolument<\/strong> <\/em>qu\u2019ils se comportent comme des <em>guru<\/em> qui voient les d\u00e9fauts des autres mais n\u2019en ont plus eux-m\u00eames (ce qui \u00e9tait exact par ailleurs pour <strong><em>les<\/em> <em>vrais<\/em><\/strong> <em>guru<\/em>, jadis) Pourquoi ? La belle affaire ! Pour qu\u2019ils r\u00e9agissent favorablement (comme pr\u00e9vu) et qu\u2019ils se mettent \u00e0 casser de l\u2019ego (av\u00e9r\u00e9 ou pr\u00e9sum\u00e9) \u00e0 tour de bras autour de eux et\u2026 chez les autres ! Mais pourquoi ? Parce que c\u2019est la seule fa\u00e7on de R\u00c9VEILLER ENFIN\u00a0<span style=\"color: #800080;\"><strong><em>la troisi\u00e8me faction Atlante !<\/em> <\/strong><\/span>Ah, ah ! \u00e7a vous scie, hein ?<\/p>\n<p>&nbsp;<\/p>\n<p>&nbsp;<\/p>\n<p><span style=\"font-size: xx-large;\"><strong>D<\/strong><\/span>e quoi ?! Une <em>troisi\u00e8me<\/em> faction Atlante ? Mais il est fou : il n\u2019y en avait que deux, tout le monde sait \u00e7a, voyons ! Tout le monde sait ce qu\u2019il a envie de savoir, oui. En Atlantide, nous disent la plupart des voyants et m\u00e9diums, il existait <em>deux<\/em> factions oppos\u00e9es, juste avant la chute :<\/p>\n<p><strong><span style=\"font-size: x-large;\">1<\/span>.<\/strong> <em>Les Fils de la Loi de Un<\/em> (les gentils, il parait ^^)<br \/>\n<strong><span style=\"font-size: x-large;\">2<\/span>. <\/strong><em>Les Enfants de B\u00e9lial<\/em> (les gros vilains pas beaux tout plein.)<\/p>\n<p>&nbsp;<\/p>\n<p>&nbsp;<\/p>\n<p><span style=\"font-size: xx-large;\"><strong><a href=\"http:\/\/www.theb4.fr\/vivre-livres\/wp-content\/uploads\/2013\/06\/mage-sorcier-1631.jpg\"><img loading=\"lazy\" decoding=\"async\" class=\"alignleft size-full wp-image-559\" src=\"http:\/\/www.theb4.fr\/vivre-livres\/wp-content\/uploads\/2013\/06\/mage-sorcier-1631.jpg\" alt=\"mage sorcier 163\" width=\"120\" height=\"82\" \/><\/a>D<\/strong><\/span>\u2019autres vous diront qu\u2019ils se nommaient en fait <em>\u00ab Les Fils d\u2019Adon-Inca \u00bb<\/em> (du <em>Seigneur Incr\u00e9\u00e9<\/em>) et <em>\u00ab Les Enfants de Belzatl \u00bb<\/em> (<em>des eaux tumultueuses ou agit\u00e9es<\/em>), mais on s\u2019en fout, n\u2019est-ce pas, puisque l\u2019essentiel est de comprendre de quoi il retourne\u2026 Or donc, selon les plus visionnaires, il n\u2019existait, au moment de la chute, que deux types d\u2019individus : les gentils et les m\u00e9chants pas beaux (lol) Pour qui sait observer autour de lui, \u00e0 notre \u00e9poque, il est \u00e9vident qu\u2019il n\u2019existe pas deux mais bien <em><strong>TROIS<\/strong><\/em> cat\u00e9gories d\u2019individus ! Mieux encore : <span style=\"color: #0000ff;\"><em>il a toujours exist\u00e9 TROIS cat\u00e9gories d\u2019individus<\/em> <\/span>:<\/p>\n<p>&nbsp;<\/p>\n<p><strong><span style=\"font-size: x-large;\">1<\/span>. <\/strong>Ceux qui sont orient\u00e9s Lumi\u00e8re, paix, service \u00e0 autrui et qui se d\u00e9vouent \u00e0 quelque cause (si possible perdue d\u2019avance, mais bon, hein, chut, on nous \u00e9coute !)<br \/>\n<strong><span style=\"font-size: x-large;\">2<\/span>. <\/strong>Ceux qui sont toujours excit\u00e9s, arrogants, hargneux, \u00e9go\u00efstes et qui ne pensent qu\u2019\u00e0 eux, m\u00eame si cet \u00e9tat d\u2019esprit peut nuire \u00e0 d\u2019autres (ou surtout ?)<br \/>\n<strong><span style=\"font-size: x-large;\">3<\/span>. <\/strong>Enfin, il y a\u2026\u00a0<span style=\"color: #ff0000;\"><em><strong>Les Ti\u00e8des !<\/strong><\/em><\/span><\/p>\n<p>&nbsp;<\/p>\n<p><span style=\"font-size: 24pt;\"><strong>C<\/strong><\/span>\u2019est-\u00e0-dire tous ceux qui ne veulent pas s\u2019engager, se <em>\u00ab mouiller \u00bb<\/em> s\u2019exprimer, faire valoir leurs droits ou leurs id\u00e9es, ceux qui se contentent de ce qu\u2019il y a et qui fr\u00e9missent d\u00e8s qu\u2019on leur demande : <span style=\"color: #800080;\"><em>\u00abEt toi, tu en penses quoi ?\u00bb <\/em><\/span>Ou encore :<br \/>\n<span style=\"color: #800080;\"><em>\u00ab Et toi, tu es pour qui ? Tu dois te positionner ! \u00bb <\/em><\/span>Dans la Bible il est \u00e9crit, noir sur blanc et en toutes lettres :<\/p>\n<p><span style=\"color: #ff6600; font-size: 18pt;\"><em>\u00ab<strong>\u00a0Dieu vomit les ti\u00e8des\u00a0<\/strong>\u00bb<\/em> <\/span><\/p>\n<p>(beurk !)<\/p>\n<p>&nbsp;<\/p>\n<p><strong><span style=\"font-size: 24pt;\">B<\/span><\/strong>on, OK, nous avons \u00e0 peu pr\u00e8s suivi, mais quel rapport avec notre sujet ?<br \/>\nLe rapport est direct et sans piti\u00e9, le voici r\u00e9sum\u00e9 d\u2019une mani\u00e8re lapidaire et vous en avez aujourd&rsquo;hui la primeur :<\/p>\n<p><span style=\"color: #800080;\">\u00a0<em>\u00ab Si on donne \u00e0 tous ceux qui doivent se r\u00e9former mais qui n\u2019en ont ni la force ni le courage de le faire, le pouvoir de casser (psychologiquement) ceux qui, \u00e0 aucun moment, n\u2019ont encore r\u00e9ussi \u00e0 se positionner, s\u2019abritant derri\u00e8re des concepts surann\u00e9s de \u00ab lumi\u00e8re \u00bb et de \u00ab positivisme \u00bb afin de mieux FUIR leurs responsabilit\u00e9s, alors il se passera t\u00f4t ou tard deux ph\u00e9nom\u00e8nes jubilatoires : premi\u00e8rement, les \u00ab ti\u00e8des \u00bb vont en avoir marre de s\u2019en prendre plein la tronche et vont se r\u00e9volter et ruer dans les brancards, ce qui leur permettra de se positionner enfin et avec courage. En second, le fait qu\u2019ils soient exacerb\u00e9s par les \u00ab casseurs \u00bb, ils vont \u00e0 leur tour se mettre \u00e0 parler et vont dire tout ce qu\u2019ils ont sur le c\u0153ur et montrer aux \u00ab casseurs \u00bb que eux aussi savent voir la paille dans l\u2019\u0153il du voisin ! Ce qui fait que les \u00ab casseurs \u00bb vont se faire \u00e0 leur tour casser de premi\u00e8re, et chez eux, cela aura pour l\u2019effet d\u2019un \u00e9lectrochoc qui permettra alors de se sortir leur \u00e2me de son marasme s\u00e9culaire. \u00bb<\/em><\/span><\/p>\n<p>Voil\u00e0, exprim\u00e9 en langage moderne, une des actions de <strong><em>la Grande Vague de 2012<\/em><\/strong> qui montre d\u00e9j\u00e0 quelques effets, de ci, de l\u00e0.<\/p>\n<p>&nbsp;<\/p>\n<p>&nbsp;<\/p>\n<p><em><strong>Serge Baccino<br \/>\n<\/strong><\/em><\/p>\n<p><a href=\"http:\/\/creativecommons.org\/licenses\/by-nc-nd\/3.0\/deed.fr\" rel=\"license\"><img decoding=\"async\" style=\"border-width: 0;\" src=\"http:\/\/i.creativecommons.org\/l\/by-nc-nd\/3.0\/88x31.png\" alt=\"Licence Creative Commons\" \/><\/a><br \/>\n(Note : Sauf pour les images, trouv\u00e9es sur le Web et r\u00e9put\u00e9es libres et gratuites)<\/p>\n","protected":false},"excerpt":{"rendered":"<p>Voici un article \u00e9crit il y a des ann\u00e9es et qui, selon moi, pourrait int\u00e9resser quelques-uns par son contenu qui sort un peu de l&rsquo;ordinaire mais demeure d&rsquo;actualit\u00e9. &nbsp; ***** &nbsp; Une fois n\u2019est pas coutume, je vais vous pr\u00e9senter la face \u00abpositive\u00bb et de bonne augure d\u2019une habitude psychologique contract\u00e9e par une grande quantit\u00e9 &hellip; <a href=\"https:\/\/www.theb4.fr\/vivre-livres\/brice-de-nice-un-medium\/\" class=\"more-link\">Continuer la lecture de <span class=\"screen-reader-text\">Brice de Nice un M\u00e9dium ?<\/span>  <span class=\"meta-nav\">&rarr;<\/span><\/a><\/p>\n","protected":false},"author":1,"featured_media":0,"comment_status":"open","ping_status":"open","sticky":false,"template":"","format":"standard","meta":{"footnotes":""},"categories":[3],"tags":[127,5373,173,5332,5360,5348,5329,2264,3466,5353,5370,1600,5381,26,5343,1996,5330,5378,5375,5137,5386,1138,5363,1257,5372,5331,5362,5333,203,5357,2001,2525,5354,697,755,4650,5352,824,5374,886,5355,5342,1284,5344,5356,1392,5346,3677,5388,4004,5379,5347,2542,225,5385,5366,5365,5364,5368,5369,5376,5339,66,1245,5341,5340,2951,5359,446,339,1331,4768,3848,3372,5334,5383,5349,835,4361,5382,4988,5380,5335,5345,800,4166,736,5361,1744,5377,5384,103,5387,5371,2371,5336,5351,5350,5338,5367,5337,265,5205,5358],"class_list":["post-696","post","type-post","status-publish","format-standard","hentry","category-artcl","tag-127","tag-arrogants","tag-atlante","tag-augure","tag-avere","tag-belles","tag-brice-de-nice-un-medium","tag-but","tag-casser","tag-casser-lego","tag-categories","tag-chair","tag-concepts-surranes","tag-consc","tag-couette","tag-courage","tag-coutume","tag-dieu-vomit-les-tiedes","tag-egoistes","tag-egregore","tag-electrochoc","tag-energetique","tag-enfants-de-belial","tag-etat-desprit","tag-excites","tag-face-positive","tag-faction","tag-film","tag-fils-de-la-loi-de-un","tag-fondes","tag-force","tag-france","tag-francise","tag-gangue","tag-gourous","tag-grandes-ames","tag-guru","tag-habitude","tag-hargneux","tag-idees","tag-illumines","tag-illusion","tag-individus","tag-instructions","tag-intempestifs","tag-jubilatoires","tag-lhorizontalite","tag-lhumanite","tag-la-grande-vague","tag-la-paix","tag-lapidaire","tag-le-chemin-ascendant","tag-le-monde","tag-le-seigneur-incree","tag-les-casseurs","tag-les-eaux-agitees","tag-les-enfants-de-belzatl","tag-les-fils-dadon-inca","tag-les-gentils","tag-les-mechants","tag-les-tiedes","tag-longueur-dondes","tag-lum","tag-marasme","tag-materialite","tag-naturel","tag-nuire","tag-ondes-mentales","tag-origine","tag-outils","tag-paix","tag-papier-toilette","tag-parole","tag-pere","tag-personnage","tag-phenomenes","tag-plateaux","tag-positif","tag-positionner","tag-positivisme","tag-presume","tag-primeur","tag-principal","tag-psycho-energetiques","tag-psychologique","tag-refugier","tag-remonter","tag-reveiller","tag-sexprimer","tag-se-mouiller","tag-se-revolter","tag-sct","tag-seculaire","tag-service-a-autrui","tag-siecles","tag-subdivisions-energetiques","tag-sud","tag-tibet","tag-train-dondes","tag-types","tag-vague","tag-visionnaires","tag-voile","tag-wc"],"_links":{"self":[{"href":"https:\/\/www.theb4.fr\/vivre-livres\/wp-json\/wp\/v2\/posts\/696","targetHints":{"allow":["GET"]}}],"collection":[{"href":"https:\/\/www.theb4.fr\/vivre-livres\/wp-json\/wp\/v2\/posts"}],"about":[{"href":"https:\/\/www.theb4.fr\/vivre-livres\/wp-json\/wp\/v2\/types\/post"}],"author":[{"embeddable":true,"href":"https:\/\/www.theb4.fr\/vivre-livres\/wp-json\/wp\/v2\/users\/1"}],"replies":[{"embeddable":true,"href":"https:\/\/www.theb4.fr\/vivre-livres\/wp-json\/wp\/v2\/comments?post=696"}],"version-history":[{"count":0,"href":"https:\/\/www.theb4.fr\/vivre-livres\/wp-json\/wp\/v2\/posts\/696\/revisions"}],"wp:attachment":[{"href":"https:\/\/www.theb4.fr\/vivre-livres\/wp-json\/wp\/v2\/media?parent=696"}],"wp:term":[{"taxonomy":"category","embeddable":true,"href":"https:\/\/www.theb4.fr\/vivre-livres\/wp-json\/wp\/v2\/categories?post=696"},{"taxonomy":"post_tag","embeddable":true,"href":"https:\/\/www.theb4.fr\/vivre-livres\/wp-json\/wp\/v2\/tags?post=696"}],"curies":[{"name":"wp","href":"https:\/\/api.w.org\/{rel}","templated":true}]}}