{"id":6986,"date":"2017-12-23T01:31:18","date_gmt":"2017-12-22T23:31:18","guid":{"rendered":"http:\/\/www.theb4.fr\/vivre-livres\/?p=6986"},"modified":"2022-05-04T01:31:51","modified_gmt":"2022-05-03T23:31:51","slug":"ego-moi-idealise-ou-soi-comment-sy-reconnaitre","status":"publish","type":"post","link":"https:\/\/www.theb4.fr\/vivre-livres\/ego-moi-idealise-ou-soi-comment-sy-reconnaitre\/","title":{"rendered":"Ego, Moi, Moi-Id\u00e9alis\u00e9 ou Soi ? Comment s&rsquo;y reconna\u00eetre ?"},"content":{"rendered":"<p><span style=\"font-size: 24pt;\"><strong>V<\/strong><\/span>oici une question qui devrait vous servir pour vous interroger vous-m\u00eames, car moi, je n&rsquo;ai pas le pouvoir de le faire pour vous et \u00e0 votre place. Et je n\u2019en ai surtout pas l\u2019envie, car cela donnerait l\u2019impression aux imb\u00e9ciles qui persistent \u00e0 me lire qu\u2019ils sont en droit d\u2019argumenter, de critiquer et faire savoir qu\u2019ils ne sont pas d\u2019accord avec moi, ce dont je me moque \u00e9perdument, \u00e9tant depuis longtemps d\u00e9j\u00e0 en accord avec moi-m\u00eame. Mais tr\u00eave de digressions !<\/p>\n<p><span style=\"text-decoration: underline;\">Voici cette inqui\u00e9tante question<\/span> :<\/p>\n<p><span style=\"color: #0000ff;\"><strong><em>\u00ab\u00a0Lorsque je r\u00e9agis ou crois agir du moins, qui le fait, du Soi, du petit \u00ab\u00a0moi\u00a0\u00bb<\/em><\/strong> <strong><em>ou du Moi-Id\u00e9alis\u00e9 ?\u00a0\u00bb<\/em> <\/strong><\/span>Comment le d\u00e9finir avec quelque exactitude, voire en \u00eatre certain, en somme ?<\/p>\n<p><span style=\"font-size: 24pt;\"><strong>I<\/strong><\/span>l existe pour cela une \u00ab\u00a0<em>astuce<\/em>\u00a0\u00bb tr\u00e8s efficace et cela se nomme \u00ab<strong><em>\u00a0la Connaissance Initiatique<\/em><\/strong>. \u00bb Cette derni\u00e8re fait partie int\u00e9grante de <strong><em>l\u2019\u00e9sot\u00e9risme<\/em><\/strong>, dont le mot lui-m\u00eame indique clairement, pour ceux qui connaissent sa racine grecque, qu\u2019il est ici question de <em>se conna\u00eetre et de s\u2019apprendre soi et <\/em><span style=\"text-decoration: underline;\">depuis le dedans ou l\u2019int\u00e9rieur<\/span> <em>de notre \u00eatre profond<\/em>. Mais avant de vous indiquer clairement cette astuce rafraichissante, laissez-moi le temps de vous rappeler, bri\u00e8vement, ce que sont respectivement <em>le Soi, l\u2019ego ou petit \u00ab\u00a0moi\u00a0\u00bb ainsi que le Moi-Id\u00e9alis\u00e9<\/em>.<\/p>\n<p>&nbsp;<\/p>\n<p><strong>Le Soi<\/strong>, c\u2019est ce que nous sommes vraiment, <span style=\"text-decoration: underline;\">en esprit et en v\u00e9rit\u00e9<\/span> ou, \u00e0 tout le moins, ce que nous serions si on nous avait fait gr\u00e2ce de toutes ces programmations mentales que nos contemporains osent nommer \u00ab\u00a0<em>\u00e9ducation<\/em>\u00a0\u00bb et \u00ab\u00a0<em>enseignement<\/em>.\u00a0\u00bb En somme, <em>le Soi<\/em>, c\u2019est nous, c\u2019est simplement \u00ab\u00a0<strong><em>qui nous sommes vraiment<\/em><\/strong>\u00a0\u00bb, sans toutes les fioritures mentales qui tentent de former notre identit\u00e9 terrestre. Cette identit\u00e9 terrestre, ce \u00ab\u00a0<em>masque social<\/em>\u00a0\u00bb, c\u2019est le \u00ab\u00a0<strong><em>Moi<\/em><\/strong>.\u00a0\u00bb<\/p>\n<p>&nbsp;<\/p>\n<p><strong>L&rsquo;ego<\/strong> \u00e0 savoir \u00ab<em>\u00a0Ce que nous croyons \u00eatre ou devoir \u00eatre<\/em>\u00a0\u00bb, pr\u00e9sente deux polarit\u00e9s (\u00ab\u00a0<em>Tout est double\u00a0<\/em>\u00bb) : <strong>le \u00ab <em>moi<\/em>\u00a0\u00bb<\/strong> et <strong>le M.I.<\/strong> (contraction de \u00ab\u00a0<em>Moi-Id\u00e9alis\u00e9<\/em>.\u00a0\u00bb) le \u00ab <em>moi<\/em> \u00bb n\u2019est que faiblesses, plaintes, souffrances, blessures issues de la prime enfance, etc. Le \u00ab <em>moi<\/em>\u00a0\u00bb est cela qui, en nous, r\u00e9ussit \u00e0 nous faire croire que nous sommes d\u00e9faitistes, inquiets, peureux ou m\u00eame l\u00e2ches. Mais qui aime se trouver l\u00e2che ou incapable de ressentir sa propre valeur ? R\u00e9ponse : personne, c\u2019est \u00e9vident ! Et c\u2019est \u00e0 partir de l\u00e0 qu\u2019appara\u00eet non pas \u00ab\u00a0<em>Zorro\u00a0<\/em>\u00bb mais\u2026 <strong><em>Le Moi-Id\u00e9alis\u00e9 !<\/em> <\/strong>Gu\u00e8re diff\u00e9rent de Zorro, voire de Superman !<\/p>\n<p><strong>Le<\/strong> <strong>M.I.<\/strong>, comme son nom l\u2019indique, est un \u00ab\u00a0<em>Moi<\/em> \u00bb de procuration, de remplacement, largement id\u00e9alis\u00e9 (exag\u00e9r\u00e9) et qui est cens\u00e9 contredire, balancer ou <span style=\"text-decoration: underline;\">carr\u00e9ment nier<\/span> les affirmations du \u00ab <em>moi<\/em>\u00a0\u00bb r\u00e9el. Tandis que ce dernier va se croire oblig\u00e9 d\u2019avouer qu\u2019il est l\u00e2che, par exemple, le second (M.I.) va se faire un devoir de \u00ab\u00a0<em>d\u00e9montrer que c\u2019est faux<\/em>\u00a0\u00bb ! Alors il va pousser la personne \u00e0 dire ou \u00e0 faire des choses peu intelligentes certes, mais cens\u00e9es d\u00e9montrer \u00e0 qui veut bien le reconna\u00eetre, que la personne est tout, sauf l\u00e2che, justement. En clair, lorsque le\u00a0\u00ab <em>moi<\/em>\u00a0\u00bb dit <span style=\"color: #800080;\">\u00ab\u00a0<em>Je ne me sens pas de faire ceci ou cela\u2026<\/em>\u00a0\u00bb<\/span>, le M.I. crie haut et fort : <span style=\"color: #800080;\"><em>\u00ab Je vais vous prouver, moi, ce que je vaux vraiment ! \u00bb<\/em><\/span><\/p>\n<p><span style=\"font-size: 24pt;\"><strong>Q<\/strong><\/span>uant au <strong><em>Soi<\/em><\/strong>, comme pr\u00e9c\u00e9demment \u00e9voqu\u00e9, il s\u2019agit de cette partie de nous inconsciente ou \u00ab\u00a0<em>en sommeil<\/em>\u00a0\u00bb, qui contient de tels tr\u00e9sors de sagesse et de R\u00e9alisations en tous genres, que\u00a0le\u00a0\u00ab <em>moi<\/em>\u00a0\u00bb et <strong><em>le M.I.<\/em><\/strong> formant l&rsquo;ego (ou \u00ab la persona \u00bb) ne sauraient y survivre ! Oui mais voil\u00e0 : <strong><em>le Soi<\/em> <\/strong>ne peut s\u2019exprimer puis s\u2019affirmer, cela \u00e0 cause du <em>principe de la Balance !<\/em> Ce dernier indique que <span style=\"color: #0000ff;\">\u00ab\u00a0<em>lorsque l\u2019un des deux plateaux et en haut, l\u2019autre est forc\u00e9ment en bas, et r\u00e9ciproquement<\/em>.\u00a0\u00bb <\/span>Traduction : <em><span style=\"color: #0000ff;\">tant que vos peurs et votre besoin de prouver votre valeur auront droit de citer, votre Soi devra se taire. Et vice versa !<\/span><\/em><\/p>\n<p><span style=\"font-size: 24pt;\"><strong>F<\/strong><\/span>ort bien, mais notre fameuse astuce, alors ? Sans le savoir, vous venez de vous la voir offrir ! Il vous suffit de vous souvenir des attributs et sp\u00e9cificit\u00e9s de chacun des trois niveaux d\u2019\u00eatre (\u00ab <em>moi<\/em>\u00a0\u00bb, M.I. et Soi), pour comprendre que :<\/p>\n<p><span style=\"font-size: 14pt;\"><strong>1<\/strong><\/span>. Lorsque c\u2019est le\u00a0\u00ab <em>moi<\/em>\u00a0\u00bb qui s\u2019exprime, vous vous sentez faible, pauvre, limit\u00e9, aigris, anxieux, etc.<br \/>\n<span style=\"font-size: 14pt;\"><strong>2<\/strong><\/span>. Lorsque c\u2019est <strong>le M.I.<\/strong>, vous devenez arrogant, m\u00e9fiant, agressif et tentez d\u2019abaisser les autres dans l\u2019espoir immature de vous \u00e9lever vous-m\u00eames.<br \/>\n<span style=\"font-size: 14pt;\"><strong>3<\/strong><\/span>. Lorsque c\u2019est <span style=\"color: #0000ff;\"><em><strong>le Soi<\/strong><\/em><\/span> qui peut s\u2019exprimer, \u00e9pisodiquement, vous ressentez de la paix, de l\u2019amour, de la joie, du bonheur et un plaisir sans conditions ni limitations. Bref, vous p\u00e9tez les flammes ! La vie est belle, et tout et tout ! (lol)<\/p>\n<p><span style=\"font-size: 24pt;\"><strong>A<\/strong><\/span>lors voici ma question : <em>\u00ab\u00a0Est-ce que cette astuce vous semble compliqu\u00e9e, trop \u00ab\u00a0\u00e9sot\u00e9rique\u00a0\u00bb pour vous, voire inaccessible ? \u00bb <\/em><span style=\"color: #800080;\">Ou est-ce juste <em>une question de choix puis de volont\u00e9 de s\u2019y tenir ensuite ?<\/em><\/span><br \/>\nJe vous laisse juge, puisque autant, vous \u00eates d\u00e9j\u00e0 vos propres accusateurs, t\u00e9moins, avocats, procureurs et m\u00eame bourreaux !\u00a0 Alors jugez librement et par vous-m\u00eames, si vous \u00eates d\u00e9j\u00e0 libres d\u2019\u00eatre vous-m\u00eames et d&rsquo;en juger.<\/p>\n<p>&nbsp;<\/p>\n<p><span style=\"font-size: 14pt;\"><strong><em>Serge Baccino<\/em><\/strong><\/span><\/p>\n","protected":false},"excerpt":{"rendered":"<p>Voici une question qui devrait vous servir pour vous interroger vous-m\u00eames, car moi, je n&rsquo;ai pas le pouvoir de le faire pour vous et \u00e0 votre place. Et je n\u2019en ai surtout pas l\u2019envie, car cela donnerait l\u2019impression aux imb\u00e9ciles qui persistent \u00e0 me lire qu\u2019ils sont en droit d\u2019argumenter, de critiquer et faire savoir &hellip; <a href=\"https:\/\/www.theb4.fr\/vivre-livres\/ego-moi-idealise-ou-soi-comment-sy-reconnaitre\/\" class=\"more-link\">Continuer la lecture de <span class=\"screen-reader-text\">Ego, Moi, Moi-Id\u00e9alis\u00e9 ou Soi ? Comment s&rsquo;y reconna\u00eetre ?<\/span>  <span class=\"meta-nav\">&rarr;<\/span><\/a><\/p>\n","protected":false},"author":1,"featured_media":0,"comment_status":"closed","ping_status":"closed","sticky":false,"template":"","format":"standard","meta":{"footnotes":""},"categories":[3],"tags":[],"class_list":["post-6986","post","type-post","status-publish","format-standard","hentry","category-artcl"],"_links":{"self":[{"href":"https:\/\/www.theb4.fr\/vivre-livres\/wp-json\/wp\/v2\/posts\/6986","targetHints":{"allow":["GET"]}}],"collection":[{"href":"https:\/\/www.theb4.fr\/vivre-livres\/wp-json\/wp\/v2\/posts"}],"about":[{"href":"https:\/\/www.theb4.fr\/vivre-livres\/wp-json\/wp\/v2\/types\/post"}],"author":[{"embeddable":true,"href":"https:\/\/www.theb4.fr\/vivre-livres\/wp-json\/wp\/v2\/users\/1"}],"replies":[{"embeddable":true,"href":"https:\/\/www.theb4.fr\/vivre-livres\/wp-json\/wp\/v2\/comments?post=6986"}],"version-history":[{"count":0,"href":"https:\/\/www.theb4.fr\/vivre-livres\/wp-json\/wp\/v2\/posts\/6986\/revisions"}],"wp:attachment":[{"href":"https:\/\/www.theb4.fr\/vivre-livres\/wp-json\/wp\/v2\/media?parent=6986"}],"wp:term":[{"taxonomy":"category","embeddable":true,"href":"https:\/\/www.theb4.fr\/vivre-livres\/wp-json\/wp\/v2\/categories?post=6986"},{"taxonomy":"post_tag","embeddable":true,"href":"https:\/\/www.theb4.fr\/vivre-livres\/wp-json\/wp\/v2\/tags?post=6986"}],"curies":[{"name":"wp","href":"https:\/\/api.w.org\/{rel}","templated":true}]}}