{"id":700,"date":"2013-06-20T00:05:39","date_gmt":"2013-06-19T23:05:39","guid":{"rendered":"http:\/\/www.theb4.fr\/vivre-livres\/?p=700"},"modified":"2020-06-07T03:25:07","modified_gmt":"2020-06-07T01:25:07","slug":"sur-la-memoire","status":"publish","type":"post","link":"https:\/\/www.theb4.fr\/vivre-livres\/sur-la-memoire\/","title":{"rendered":"Sur la m\u00e9moire"},"content":{"rendered":"<p><span style=\"font-size: xx-large;\"><strong><img loading=\"lazy\" decoding=\"async\" class=\"alignleft wp-image-611\" src=\"http:\/\/www.theb4.fr\/vivre-livres\/wp-content\/uploads\/2013\/06\/pendule-plage-150x150.png\" alt=\"pendule-plage\" width=\"120\" height=\"120\" \/>V<\/strong><\/span>ous \u00eates vous d\u00e9j\u00e0 demand\u00e9 o\u00f9 se trouvait vraiment la m\u00e9moire ? Sa localisation dans l\u2019espace et dans le temps ? Supposons qu\u2019il vous revienne \u00e0 l\u2019esprit le souvenir d\u2019un incident cocasse du pass\u00e9\u2026 Ce souvenir n\u2019est-il pas <em>\u00abpr\u00e9sent\u00bb<\/em> dans votre esprit, ici et maintenant, c\u2019est-\u00e0-dire <strong><em>au moment o\u00f9 vous y pensez<\/em> ?<\/strong><\/p>\n<p>Donc, cette m\u00e9moire n\u2019appartient pas au pass\u00e9, puisqu\u2019elle est<strong> pr\u00e9sente <\/strong><em>en votre esprit<strong>.<\/strong><\/em> Elle ne se trouve donc pas stock\u00e9e ailleurs que dans l\u2019esprit, <em><span style=\"color: #800080;\">ici et maintenant<\/span><\/em> et appartient uniquement au pr\u00e9sent, <span style=\"text-decoration: underline;\">et non au pass\u00e9<\/span>.<\/p>\n<p>&nbsp;<\/p>\n<p>&nbsp;<\/p>\n<p>&nbsp;<\/p>\n<p><span style=\"font-size: xx-large;\"><strong><img loading=\"lazy\" decoding=\"async\" class=\"alignleft wp-image-5214\" src=\"http:\/\/www.theb4.fr\/vivre-livres\/wp-content\/uploads\/2014\/01\/voile.jpg\" alt=\"voile\" width=\"153\" height=\"215\" \/>V<\/strong><\/span>ous me r\u00e9torquerez : <em>\u00abHol\u00e0 ! Je croyais que la m\u00e9moire \u00e9tait stock\u00e9e dans nos cellules physiques !\u00bb<\/em> Ok, mais c\u2019est quoi, le corps <em>\u00abphysique\u00bb<\/em>, si ce n\u2019est l\u2019\u00e9tat d\u2019esprit g\u00e9n\u00e9ral avec lequel <em>\u00abnous faisons corps\u00bb<\/em> ? Attendu que la plupart des gens s\u2019identifient pleinement avec ce qu\u2019ils pensent en esprit, ce m\u00eame esprit en arrive finalement \u00e0 <em>\u00abincarner\u00bb<\/em> cette fa\u00e7on de penser sp\u00e9cifique, \u00e0 <em>lui donner corps<\/em> pour la rendre manifeste.\u00a0D\u00e8s lors, \u00e0 quoi bon soigner le corps des traces du pass\u00e9, alors que c\u2019est l\u2019esprit qui s\u2019accroche d\u00e9sesp\u00e9r\u00e9ment \u00e0 ce qu\u2019il refuse de laisser passer ?<\/p>\n<p>&nbsp;<\/p>\n<p>&nbsp;<\/p>\n<p>&nbsp;<\/p>\n<p><span style=\"font-size: xx-large;\"><strong><img loading=\"lazy\" decoding=\"async\" class=\"alignleft wp-image-4854\" src=\"http:\/\/www.theb4.fr\/vivre-livres\/wp-content\/uploads\/2013\/12\/inconscient10.jpg\" alt=\"inconscient10\" width=\"158\" height=\"205\" \/>Q<\/strong><\/span>u\u2019est-ce que le pass\u00e9, si nous n&rsquo;en avons pas conscience ? Avons-nous conscience du pass\u00e9 quand nous n&rsquo;y pensons pas ? Non, n\u2019est-ce pas ? Pour que ce fameux \u00ab<em>pass\u00e9<\/em>\u00bb nous soit de nouveau accessible, nous devons n\u00e9cessairement <strong><em>en \u00eatre conscient<\/em><\/strong>, c\u2019est \u00e9vident. De fait, et attendu que le contenu formel nomm\u00e9 par nous \u00ab<em>pass\u00e9<\/em>\u00bb est DANS notre conscience, c\u2019est \u00e9galement DANS NOTRE CONSCIENCE qu\u2019existe ce \u00ab<em>pass\u00e9<\/em>\u00bb Mais attention : il n\u2019existe pas \u00ab<em>au pass\u00e9<\/em>\u00bb puisqu\u2019il est pr\u00e9sent en nous, cela, au moment m\u00eame o\u00f9 nous en sommes conscients.<\/p>\n<p>&nbsp;<\/p>\n<p>&nbsp;<\/p>\n<p>&nbsp;<\/p>\n<p><span style=\"font-size: xx-large;\"><strong><img loading=\"lazy\" decoding=\"async\" class=\"alignleft size-full wp-image-4783\" src=\"http:\/\/www.theb4.fr\/vivre-livres\/wp-content\/uploads\/2013\/12\/lamour.jpg\" alt=\"l'amour\" width=\"251\" height=\"201\" \/>E<\/strong><\/span>t quand nous ne pensons pas \u00e0 notre pass\u00e9 et qu\u2019il ne se pr\u00e9sente rien \u00e0 notre conscience pour lui permettre de se r\u00e9actualiser ? Eh bien ! D\u00e8s lors, notre pass\u00e9 n\u2019\u00e9tant pas pr\u00e9sent dans notre conscience, <em>il n\u2019existe simplement plus ! <\/em>Pour le pr\u00e9senter autrement,<span style=\"color: #0000ff;\"> <strong><em>c\u2019est \u00e0 chaque instant que notre conscience est oblig\u00e9e de r\u00e9-\u00e9crire tout ce que nous avons envie d\u2019avoir v\u00e9cu et donc, toute l\u2019exp\u00e9rience vivante qui r\u00e9quisitionne notre attention puis la polarise. <\/em><\/strong><\/span>(Sur tout ce qui nous pla\u00eet, nous fascine ou nous terrorise.)<\/p>\n<p>&nbsp;<\/p>\n<p>&nbsp;<\/p>\n<p>&nbsp;<\/p>\n<p><span style=\"font-size: xx-large;\"><strong><img loading=\"lazy\" decoding=\"async\" class=\"alignleft size-thumbnail wp-image-6995\" src=\"http:\/\/www.theb4.fr\/vivre-livres\/wp-content\/uploads\/2013\/06\/re\u0301alite\u03013-225x141.jpg\" alt=\"\" width=\"225\" height=\"141\" \/>S<\/strong><\/span>i notre conscience qui est \u00ab<em>le Seigneur Supr\u00eame qui commande m\u00eame \u00e0 l\u2019esprit universel<\/em>\u00bb (cf: <em>Shiva Sutra<\/em>) ne faisait pas cela de tout recr\u00e9er chaque jour pour nous (l\u2019\u00e2me-personnalit\u00e9 incarn\u00e9e), nous serions incapables de nous souvenir de notre propre nom, car <strong><em>tout existe au pr\u00e9sent<\/em><\/strong> et aucun autre \u00ab<em>temps<\/em>\u00bb n\u2019existe dans le cosmos, sans l\u2019intervention de la conscience qui se sert de l\u2019esprit pour cr\u00e9er toute <strong><em>r\u00e9alit\u00e9s probables<\/em><\/strong> de son choix.\u00a0Cela vous fait halluciner et vous avez du mal \u00e0 le croire ?<\/p>\n<p>&nbsp;<\/p>\n<p>&nbsp;<\/p>\n<p>&nbsp;<\/p>\n<p><span style=\"font-size: xx-large;\"><strong><img loading=\"lazy\" decoding=\"async\" class=\"alignleft wp-image-3215\" src=\"http:\/\/www.theb4.fr\/vivre-livres\/wp-content\/uploads\/2013\/09\/regarder-en-soi7-200x300.jpg\" alt=\"regarder en soi7\" width=\"180\" height=\"271\" srcset=\"https:\/\/www.theb4.fr\/vivre-livres\/wp-content\/uploads\/2013\/09\/regarder-en-soi7-200x300.jpg 200w, https:\/\/www.theb4.fr\/vivre-livres\/wp-content\/uploads\/2013\/09\/regarder-en-soi7.jpg 480w\" sizes=\"auto, (max-width: 180px) 100vw, 180px\" \/>A<\/strong><\/span>lors essayez d\u2019avoir conscience d\u2019un souvenir \u00ab<em>pass\u00e9<\/em>\u00bb et osez ensuite me dire que tandis que vous y pensez, ce souvenir est autre part qu\u2019en votre propre conscience ! A pr\u00e9sent, lisez bien ceci, qui est bas\u00e9 sur des faits r\u00e9els et v\u00e9rifi\u00e9s depuis belle lurette : Si un hypnotiseur vous faisait croire que vous avez v\u00e9cu ceci ou cela il y a par exemple 10 ans, vous auriez d\u00e8s lors un vrai souvenir d\u2019une chose qui ne s\u2019est jamais pass\u00e9e mais qui se passe maintenant dans votre esprit et qui, de ce fait, est aussi r\u00e9elle que ma belle-m\u00e8re, et aussi difficile qu\u2019elle \u00e0 \u00e9luder !<\/p>\n<p>&nbsp;<\/p>\n<p>&nbsp;<\/p>\n<h2><span style=\"font-size: x-large; color: #ff6600;\"><strong>Au sujet de la m\u00e9moire cellulaire<\/strong><\/span><\/h2>\n<h2><strong>\u00a0<\/strong><\/h2>\n<p>&nbsp;<\/p>\n<p>&nbsp;<\/p>\n<p><span style=\"font-size: xx-large;\"><strong><img loading=\"lazy\" decoding=\"async\" class=\"alignleft wp-image-571\" src=\"http:\/\/www.theb4.fr\/vivre-livres\/wp-content\/uploads\/2013\/06\/esoterikos-150x150.png\" alt=\"esoterikos\" width=\"136\" height=\"136\" \/>L<\/strong><\/span>a m\u00e9moire est bien localis\u00e9e dans nos cellules, elle fait m\u00eame partie de notre subconscient, qui est <span style=\"color: #0000ff;\"><em>la somme de l\u2019intelligence de toutes les cellules de notre corps.<\/em><\/span> Et il est vrai \u00e9galement que m\u00eame si nous n\u2019y pensons plus ou pas, les <em>engrammes<\/em> (ce qui est grav\u00e9 et p\u00e8se sur notre \u00e2me) existent. C\u2019est <em><strong>pr\u00e9sentement <\/strong><\/em>exact, oui. Mais la question \u00e0 cents euros est celle-ci :<\/p>\n<p><span style=\"color: #800080;\"><em>Pourquoi ces engrammes existent-ils et pourquoi peuvent-ils avoir le droit d\u2019exister \u00e0 notre insu, puisque notre conscience, qui est Souveraine, r\u00e8gne en Ma\u00eetre sur l\u2019esprit cr\u00e9ateur de toutes choses ?<\/em><\/span><\/p>\n<p>Les <em>psy \u00e9so<\/em> r\u00e9pondent ainsi :<\/p>\n<p><em><span style=\"color: #800080;\">\u00ab Ces engrammes existent \u00e0 cause de notre habitude compulsive de nous accrocher \u00e0 tout ce que nous pensons, vivons et ressentons, en bien comme en mal, en heureux ou en douloureux pour nous. Notre corps m\u00eame t\u00e9moigne de <strong>cet attachement<\/strong> \u00e0 certaines formes mentales, puisque le corps n\u2019est que la concr\u00e9tisation de notre int\u00e9r\u00eat \u00e9vident pour un \u00e9tat d\u2019esprit g\u00e9n\u00e9ral avec lequel \u00abnous faisons\u00a0 corps\u00bb. De fait, les engrammes ne violent aucune loi cosmique ou de l\u2019\u00e2me, car c\u2019est avec notre autorisation et notre d\u00e9sir constant que nous maintenons, dans notre conscience spirituelle, tout ce que nous n\u2019avons pas voulu oublier. \u00bb<\/span> <\/em><\/p>\n<p>&nbsp;<\/p>\n<p><strong><em><span style=\"font-size: x-large; color: #0000ff;\">C\u2019est notre attachement \u00e0 l\u2019exp\u00e9rience qui engendre la m\u00e9moire<\/span>.<\/em><\/strong><\/p>\n<p>&nbsp;<\/p>\n<p>&nbsp;<\/p>\n<p><span style=\"font-size: xx-large;\"><strong><img loading=\"lazy\" decoding=\"async\" class=\"alignleft size-thumbnail wp-image-6996\" src=\"http:\/\/www.theb4.fr\/vivre-livres\/wp-content\/uploads\/2013\/06\/me\u0301moire10-225x141.jpg\" alt=\"\" width=\"225\" height=\"141\" \/>L<\/strong><\/span>e fait de comprendre que notre soi-disant \u00ab<em>pass\u00e9<\/em>\u00bb est <strong><em>pr\u00e9sent<\/em><\/strong> en nous et qu\u2019il existe donc \u00ab<em>maintenant<\/em>\u00bb puisque <span style=\"color: #800080;\"><strong><em>c\u2019est maintenant que nous en sommes conscients<\/em><\/strong><\/span>, ne nous coupe en rien des choses de ce monde et ne va pas nous donner un esprit aberr\u00e9 ! C\u2019est pour l\u2019instant que l\u2019esprit de l\u2019homme est aberr\u00e9, puisqu\u2019il ne r\u00e9alise m\u00eame pas, ce couillon, que pour avoir conscience du \u00ab<em>pass\u00e9<\/em>\u00bb, il faut que ce m\u00eame pass\u00e9 soit <strong><em>pr\u00e9sent<\/em><\/strong> en lui et au moment <em>(maintenant)<\/em> o\u00f9 il l\u2019exp\u00e9rimente dans son mental <em>(ici) <\/em>Comme \u00e9quilibre mental, on fait mieux, donc !<\/p>\n<p>&nbsp;<\/p>\n<p>&nbsp;<\/p>\n<p>&nbsp;<\/p>\n<p><span style=\"font-size: xx-large;\"><strong><img loading=\"lazy\" decoding=\"async\" class=\"alignleft size-thumbnail wp-image-6997\" src=\"http:\/\/www.theb4.fr\/vivre-livres\/wp-content\/uploads\/2013\/06\/de\u0301doublement10-250x141.jpg\" alt=\"\" width=\"250\" height=\"141\" \/>L<\/strong><\/span>orsque je suis occup\u00e9 \u00e0 r\u00e9parer ma voiture, par exemple en changeant les quatre bougies d\u2019allumage du moteur, je suis on ne peut plus \u00abpr\u00e9sent\u00bb et actif dans le monde social. Mais si un <em>\u00absouvenir\u00bb<\/em> me visite \u00e0 ce moment, je fait simplement le <em>geste mental<\/em> (<em>Mudra<\/em>) de r\u00e9orienter ma conscience sur ma bagnole, en sachant que le pass\u00e9 peut attendre puisque, justement, il refuse de \u00ab<em>passer<\/em>\u00bb ce con, et qu\u2019il pourra tout aussi bien venir encombrer l\u2019avant-sc\u00e8ne de ma conscience plus tard !<\/p>\n<p>Je ne vois donc aucun probl\u00e8me, bien au contraire, au fait de <em>tenir compte des lois ontologiques<\/em> pour fonctionner plus intelligemment et m\u00eame plus pratiquement, puisque <strong><em>les psychologues \u00e9sot\u00e9ristes<\/em><\/strong> sont r\u00e9put\u00e9s ne pas se laisser submerger par ces vagues \u00e9motives d\u00e9vastatrices qui embarrassent tant nos contemporains.<\/p>\n<p>&nbsp;<\/p>\n<p>&nbsp;<\/p>\n<p>&nbsp;<\/p>\n<p><em><strong>Serge Baccino<br \/>\n<\/strong><\/em><\/p>\n<p><a href=\"http:\/\/creativecommons.org\/licenses\/by-nc-nd\/3.0\/deed.fr\" rel=\"license\"><img decoding=\"async\" style=\"border-width: 0;\" src=\"http:\/\/i.creativecommons.org\/l\/by-nc-nd\/3.0\/88x31.png\" alt=\"Licence Creative Commons\" \/><\/a><br \/>\n(Note : Sauf pour les images, trouv\u00e9es sur le Web et r\u00e9put\u00e9es libres et gratuites)<\/p>\n","protected":false},"excerpt":{"rendered":"<p>Vous \u00eates vous d\u00e9j\u00e0 demand\u00e9 o\u00f9 se trouvait vraiment la m\u00e9moire ? Sa localisation dans l\u2019espace et dans le temps ? Supposons qu\u2019il vous revienne \u00e0 l\u2019esprit le souvenir d\u2019un incident cocasse du pass\u00e9\u2026 Ce souvenir n\u2019est-il pas \u00abpr\u00e9sent\u00bb dans votre esprit, ici et maintenant, c\u2019est-\u00e0-dire au moment o\u00f9 vous y pensez ? Donc, cette &hellip; <a href=\"https:\/\/www.theb4.fr\/vivre-livres\/sur-la-memoire\/\" class=\"more-link\">Continuer la lecture de <span class=\"screen-reader-text\">Sur la m\u00e9moire<\/span>  <span class=\"meta-nav\">&rarr;<\/span><\/a><\/p>\n","protected":false},"author":1,"featured_media":0,"comment_status":"open","ping_status":"open","sticky":false,"template":"","format":"standard","meta":{"footnotes":""},"categories":[3],"tags":[2880,1342,5404,3592,26,2500,1929,29,5392,5203,3475,3457,5396,4021,1208,5403,5398,5399,5400,2077,5394,5401,852,318,2348,224,1339,4710,2167,5406,4274,1110,3257,1209,1901,2227,5395,1500,901,5390,91,5112,1103,5393,5397,2900,2363,2177,5402,5391,1393,5389,1959,627,5405],"class_list":["post-700","post","type-post","status-publish","format-standard","hentry","category-artcl","tag-aberre","tag-ame","tag-attachement","tag-choix","tag-consc","tag-contemporains","tag-contenu-formel","tag-crp","tag-donner-corps","tag-engrammes","tag-envie","tag-experience","tag-fascine","tag-gens","tag-geste-mental","tag-habitude-compulsive","tag-halluciner","tag-hypnotiseur","tag-ici","tag-incarner","tag-instant","tag-intelligencegrave","tag-lespace","tag-lesprit","tag-lexperience","tag-lhomme","tag-la-somme","tag-le-corps","tag-le-temps","tag-lois-ontologiques","tag-maintenant","tag-memoire","tag-memoire-cellulaire","tag-mudra","tag-passe","tag-physique","tag-plait","tag-polarise","tag-present","tag-presente","tag-psy-eso","tag-realites-probables","tag-reel","tag-sidentifient","tag-seigneur-supreme","tag-shiva-sutra","tag-social","tag-souvenir","tag-souveraine","tag-stockee","tag-subconscient","tag-sur-la-memoire","tag-vecu","tag-vivante","tag-voiture"],"_links":{"self":[{"href":"https:\/\/www.theb4.fr\/vivre-livres\/wp-json\/wp\/v2\/posts\/700","targetHints":{"allow":["GET"]}}],"collection":[{"href":"https:\/\/www.theb4.fr\/vivre-livres\/wp-json\/wp\/v2\/posts"}],"about":[{"href":"https:\/\/www.theb4.fr\/vivre-livres\/wp-json\/wp\/v2\/types\/post"}],"author":[{"embeddable":true,"href":"https:\/\/www.theb4.fr\/vivre-livres\/wp-json\/wp\/v2\/users\/1"}],"replies":[{"embeddable":true,"href":"https:\/\/www.theb4.fr\/vivre-livres\/wp-json\/wp\/v2\/comments?post=700"}],"version-history":[{"count":0,"href":"https:\/\/www.theb4.fr\/vivre-livres\/wp-json\/wp\/v2\/posts\/700\/revisions"}],"wp:attachment":[{"href":"https:\/\/www.theb4.fr\/vivre-livres\/wp-json\/wp\/v2\/media?parent=700"}],"wp:term":[{"taxonomy":"category","embeddable":true,"href":"https:\/\/www.theb4.fr\/vivre-livres\/wp-json\/wp\/v2\/categories?post=700"},{"taxonomy":"post_tag","embeddable":true,"href":"https:\/\/www.theb4.fr\/vivre-livres\/wp-json\/wp\/v2\/tags?post=700"}],"curies":[{"name":"wp","href":"https:\/\/api.w.org\/{rel}","templated":true}]}}