{"id":704,"date":"2013-06-20T08:05:59","date_gmt":"2013-06-20T07:05:59","guid":{"rendered":"http:\/\/www.theb4.fr\/vivre-livres\/?p=704"},"modified":"2020-06-07T23:30:06","modified_gmt":"2020-06-07T21:30:06","slug":"actualite-et-realite","status":"publish","type":"post","link":"https:\/\/www.theb4.fr\/vivre-livres\/actualite-et-realite\/","title":{"rendered":"Actualit\u00e9 et R\u00e9alit\u00e9"},"content":{"rendered":"<p><span style=\"color: #ff6600;\"><em><b>\u00ab La psychologie \u00e9sot\u00e9rique se r\u00e9sume \u00e0 l\u2019observation de l\u2019actualit\u00e9 spirituelle d\u2019un individu et d&rsquo;agir ou de r\u00e9agir en cons\u00e9quence et selon soi (hors tout conditionnement mental<\/b><\/em>.<em><b>) \u00bb<\/b><\/em><\/span><\/p>\n<p>&nbsp;<\/p>\n<p>&nbsp;<\/p>\n<p><span style=\"font-size: xx-large;\"><strong><img loading=\"lazy\" decoding=\"async\" class=\"alignleft wp-image-705\" src=\"http:\/\/www.theb4.fr\/vivre-livres\/wp-content\/uploads\/2013\/06\/712vbcyl-150x150.png\" alt=\"712vbcyl\" width=\"120\" height=\"120\" \/>A<\/strong><\/span>vant de d\u00e9velopper ce postulat, il serait bon de d\u00e9finir la diff\u00e9rence exacte entre <em>la<\/em> <em>r\u00e9alit\u00e9<\/em> et <em>l\u2019actualit\u00e9<\/em>. <strong><em>L\u2019actualit\u00e9<\/em><\/strong>, c\u2019est tout ce qui se passe vraiment, en nous et autour de nous, <strong><i>que nous en soyons conscients ou non.<\/i><\/strong> Par exemple, un avion est en train d\u2019atterrir sur l\u2019a\u00e9roport du Bourget, mais comme je me trouve \u00e0 Ch\u00e2teaurenard, dans les Bouches-du-Rh\u00f4ne (\u00e9crit le <span id=\"timestamp\"><b>20 juin 2013<\/b><\/span>), je ne peux pas en \u00eatre <strong><i>conscient<\/i><\/strong> et <span style=\"color: #800080;\"><em>cet \u00e9v\u00e8nement ne fait donc pas partie de <\/em><\/span><strong><i><span style=\"color: #800080;\">ma r\u00e9alit\u00e9<\/span>. <\/i><\/strong><\/p>\n<p><strong><em>La r\u00e9alit\u00e9<\/em><\/strong>, c&rsquo;est <em>tout ce dont je suis conscient<\/em>, que cela soit vrai (authentique) ou non. Par exemple, je suis conscient de tous les objets qui m\u2019entourent, mais je peux \u00eatre aussi conscient de cette id\u00e9e que si un ami qui devait venir me visiter est en retard, c\u2019est peut-\u00eatre parce qu\u2019il a eu un accident de voiture.<\/p>\n<p>L\u2019id\u00e9e et l\u2019\u00e9motion d\u00e9plaisante qui en d\u00e9coulent sont bien \u00ab<em>r\u00e9els<\/em>\u00bb, cela dans le sens o\u00f9 <strong><em>j\u2019en ressens v\u00e9ritablement les effets sur moi<\/em><\/strong>, mais ne reposent pas n\u00e9cessairement sur les faits, sur <em>l\u2019actualit\u00e9<\/em>, donc. En effet, lorsque cet ami arrive enfin, je puis \u00eatre rassur\u00e9 et rire de ma crainte non fond\u00e9e <em>mais ayant toutefois provoqu\u00e9 <strong>une <\/strong><\/em><strong><i>v\u00e9ritable<\/i><\/strong><em><strong> \u00e9motion<\/strong>.<\/em><\/p>\n<p>&nbsp;<\/p>\n<p>&nbsp;<\/p>\n<p>&nbsp;<\/p>\n<p><span style=\"font-size: xx-large;\"><strong><img loading=\"lazy\" decoding=\"async\" class=\"alignleft wp-image-619\" src=\"http:\/\/www.theb4.fr\/vivre-livres\/wp-content\/uploads\/2013\/06\/trajectoire.jpg\" alt=\"trajectoire\" width=\"141\" height=\"141\" \/>D<\/strong><\/span>ans l\u2019actualit\u00e9, il se passe des choses\u2026 En r\u00e9alit\u00e9, comme <span style=\"color: #0000ff;\"><em>nous ne pouvons pas \u00eatre conscient de tous les \u00e9v\u00e8nements en simultan\u00e9<\/em><\/span>, nous sommes oblig\u00e9s de faire appel \u00e0 d\u2019autres facult\u00e9s dites <strong><em>subjectives<\/em><\/strong> pour essayer de savoir tout de m\u00eame les choses qui nous int\u00e9ressent le plus. Ces dites facult\u00e9s subjectives reposent sur notre <em><span style=\"color: #800080;\">r\u00e9alit\u00e9 int\u00e9rieure<\/span><\/em>, c\u2019est-\u00e0-dire sur la m\u00e9moire, l\u2019imagination, l\u2019intuition, etc. Autrement dit, lorsque nous essayons de conna\u00eetre \u00ab<em>ce qui ne tombe pas sous les sens<\/em>\u00bb (ce qui ne se passe pas directement sous notre nez, donc) nous sommes oblig\u00e9s de faire appel au c\u00f4t\u00e9 subjectif de notre \u00eatre pour repousser les limites impos\u00e9s par nos cinq sens objectifs (vue, ou\u00efe, go\u00fbt, toucher, odorat.) Ceci n\u2019est pas mauvais en soi mais a le pouvoir de nous couper temporairement de<strong><em> l\u2019actualit\u00e9<\/em><\/strong>, c\u2019est \u00e0 dire de <em>\u00ab<span style=\"color: #800080;\">tout ce qui se passe vraiment ou en fait<\/span>.\u00bb<\/em><\/p>\n<p>&nbsp;<\/p>\n<p>&nbsp;<\/p>\n<p>&nbsp;<\/p>\n<p><span style=\"font-size: xx-large;\"><strong><img loading=\"lazy\" decoding=\"async\" class=\"alignleft size-thumbnail wp-image-6999\" src=\"http:\/\/www.theb4.fr\/vivre-livres\/wp-content\/uploads\/2013\/06\/vision-a\u0300-distance-240x141.jpg\" alt=\"\" width=\"240\" height=\"141\" \/>A<\/strong><\/span> quels moments de notre vie faisons nous appel \u00e0 notre <em>subjectivit\u00e9 ?<\/em> Uniquement pour compenser les limites usuelles de nos sens ? Certainement pas ! Nous le faisons tous, depuis des d\u00e9cennies afin -non pas de conna\u00eetre ce qui n\u2019est pas accessible- mais bien pour essayer de <strong><em>NIER<\/em><\/strong> ce qui est pourtant sous notre nez ! Bref, <span style=\"color: #0000ff;\"><strong><em>notre subjectivit\u00e9 nous sert en grande partie \u00e0 nous mentir, <\/em><\/strong>c\u2019est-\u00e0-dire<strong><em> \u00e0 nous couper sciemment d\u2019une actualit\u00e9 qui ne nous pla\u00eet pas<\/em><\/strong><\/span> (ou plus.)<\/p>\n<p>Pourquoi ferions-nous cela ? Parce que nous croyons que si nous acceptons ce que nous proposent nos sens (et notre c\u0153ur) nous allons devoir <em>agir<\/em>, \u00e0 savoir <em>f<span style=\"color: #800080;\">aire quelque chose pour essayer de changer ce qui nous d\u00e9range, au sein de cette actualit\u00e9.<\/span><\/em> Et c\u2019est mal ? Certes non ! C\u2019est m\u00eame des plus l\u00e9gitimes !<\/p>\n<p>&nbsp;<\/p>\n<p>&nbsp;<\/p>\n<p>&nbsp;<\/p>\n<p><span style=\"font-size: xx-large;\"><strong><img loading=\"lazy\" decoding=\"async\" class=\"alignleft wp-image-4653\" src=\"http:\/\/www.theb4.fr\/vivre-livres\/wp-content\/uploads\/2013\/12\/Inconscient-Collectif6.jpg\" alt=\"Inconscient Collectif6\" width=\"160\" height=\"160\" srcset=\"https:\/\/www.theb4.fr\/vivre-livres\/wp-content\/uploads\/2013\/12\/Inconscient-Collectif6.jpg 200w, https:\/\/www.theb4.fr\/vivre-livres\/wp-content\/uploads\/2013\/12\/Inconscient-Collectif6-150x150.jpg 150w\" sizes=\"auto, (max-width: 160px) 100vw, 160px\" \/>A<\/strong><\/span>lors quoi ? Eh bien ! Alors, le probl\u00e8me r\u00e9side plut\u00f4t dans le fait que, parall\u00e8lement \u00e0 cela, nous <em><b>croyons<\/b><\/em> que nous ne pouvons pas changer ou am\u00e9liorer, cette actualit\u00e9 que nous vivons et qui nous d\u00e9pla\u00eet. Et nous avons tr\u00e8s peur ! Ce qui est humain, certes. Mais cette peur de ne pas r\u00e9ussir \u00e0 am\u00e9liorer un quotidien qui nous d\u00e9pla\u00eet nous force \u00e0 \u00ab<em>faire mentir l\u2019actualit\u00e9<\/em>\u00bb et nous pousse alors \u00e0\u00a0 <em>nous r\u00e9fugier dans notre t\u00eate<\/em>, \u00e0 nous inventer <em><b>un monde id\u00e9alis\u00e9<\/b><\/em> dans lequel nous sommes parfaitement heureux, merci pour tout et au revoir madame !<\/p>\n<p>&nbsp;<\/p>\n<p>&nbsp;<\/p>\n<p>&nbsp;<\/p>\n<p><span style=\"font-size: xx-large;\"><strong><img loading=\"lazy\" decoding=\"async\" class=\"alignleft wp-image-597\" src=\"http:\/\/www.theb4.fr\/vivre-livres\/wp-content\/uploads\/2013\/06\/3kkvvqcw-150x150.png\" alt=\"3kkvvqcw\" width=\"120\" height=\"120\" \/>C<\/strong><\/span>e besoin de fuir une r\u00e9alit\u00e9 jug\u00e9e inacceptable est ce qui donne naissance \u00e0 ce que <em>les psy \u00e9so<\/em> nomment <strong><em>Le Moi-Id\u00e9alis\u00e9<\/em><\/strong>. Ce\u00a0<i>\u00abmoi\u00bb<\/i> de procuration provient de notre refus \u00e9ventuel de cautionner ce que le <i>\u00abmoi\u00bb<\/i> naturel (ou humain) nous transmet comme informations concernant notre actualit\u00e9. Lorsqu\u2019une personne ne supporte plus de voir et d\u2019assumer la vie qui est pourtant la sienne, elle n\u2019a pas d\u2019autres fa\u00e7ons de survivre que de <span style=\"text-decoration: underline;\">s\u2019inventer<\/span> une vie diff\u00e9rente et valoris\u00e9e.<\/p>\n<p>Aussi \u00e9tonnant que cela puisse sembler, du moins pour qui ne connait pas encore les agissement de ce <em>Moi de procuration<\/em> tr\u00e8s dangereux pour l\u2019\u00e9volution de l\u2019individualit\u00e9 consciente, <em>ce sont les personnes le plus fortement orient\u00e9es vers la spiritualit\u00e9, qui succombent le plus facilement, voire <strong>les premi\u00e8res<\/strong>, aux pi\u00e8ges sournois tendus par <span style=\"color: #000000;\"><strong>le Moi-Id\u00e9alis\u00e9<\/strong>.<\/span><\/em><\/p>\n<p>&nbsp;<\/p>\n<p>&nbsp;<\/p>\n<p>&nbsp;<\/p>\n<p><span style=\"font-size: xx-large;\"><strong><img loading=\"lazy\" decoding=\"async\" class=\"alignleft size-full wp-image-4618\" src=\"http:\/\/www.theb4.fr\/vivre-livres\/wp-content\/uploads\/2013\/12\/Karma12.jpg\" alt=\"Karma12\" width=\"284\" height=\"178\" \/>I<\/strong><\/span>l est rare, par exemple, qu\u2019un mat\u00e9rialiste convaincu, m\u00eame si, selon lui, il a un brin loup\u00e9 sa vie, se prenne pour un <em>Elfe<\/em>, un <em>Jedi<\/em> ou un <em>Archange de la Face<\/em>, venu sur terre pour sauver les pauvres \u00e2mes en d\u00e9tresse\u2026 A noter enfin que c\u2019est ce <span style=\"color: #008000;\">[ici, censur\u00e9, gros mots !]<\/span> de <em>Moi-Id\u00e9alis\u00e9<\/em> qui nous fait passer pour des Tanches de la Baltique aux yeux de personnes \u00e9quilibr\u00e9es, rationnelles et \u00e0 l\u2019esprit brillant qui accepteraient de s\u2019informer plus avant sur l\u2019\u00e9sot\u00e9risme v\u00e9ritable, <em><span style=\"color: #0000ff;\">si elle n\u2019\u00e9taient pas rebut\u00e9es par le comportement largement <strong>immature<\/strong> de nombreux spiritualistes<\/span>. <\/em><\/p>\n<p>En effet, qui pourrait prendre au s\u00e9rieux une personne se disant <em>spiritualiste<\/em> quand on sait que la plupart d&rsquo;entre eux et de nos jours, s\u2019imaginent \u00eatre des extraterrestres r\u00e9incarn\u00e9s ou des anges envoy\u00e9s sur terre par un Dieu d\u00e9bord\u00e9 par les conneries invent\u00e9es et perp\u00e9tr\u00e9es par ses cr\u00e9atures ?<\/p>\n<p>&nbsp;<\/p>\n<p>&nbsp;<\/p>\n<p>&nbsp;<\/p>\n<p><span style=\"font-size: xx-large;\"><strong><img loading=\"lazy\" decoding=\"async\" class=\"alignleft wp-image-4595\" src=\"http:\/\/www.theb4.fr\/vivre-livres\/wp-content\/uploads\/2013\/12\/Mysticisme2.jpg\" alt=\"Mysticisme2\" width=\"207\" height=\"155\" \/>M<\/strong><\/span>oi non plus je ne serais pas tr\u00e8s enclin \u00e0 croire ou m\u00eame seulement dispos\u00e9 \u00e0 \u00e9couter un jeune de 20 ans qui se d\u00e9clare \u00ab<em>demi-Elfe<\/em>\u00bb et qui d\u00e9sire <em>\u00abt\u00e9moigner des buts profonds de son peuple\u00bb<\/em> ! Rigolez pas, c&rsquo;est authentique, je l\u2019ai lu sur un forum de spiritualit\u00e9 qui est m\u00eame assez connu. Pour qui ne sait pas \u00ab<em>voir<\/em>\u00bb certaines choses <em>invisibles aux yeux de la chair<\/em>, c\u2019est un v\u00e9ritable d\u00e9fi que de faire la diff\u00e9rence entre un esprit enfi\u00e9vr\u00e9 qui se prend pour Napol\u00e9on, et <em>un v\u00e9ritable Ma\u00eetre<\/em>.<\/p>\n<p>On pourrait m\u00eame avancer l\u2019id\u00e9e que les deux ont (ou affectent d&rsquo;avoir) un comportement <em>presque<\/em> semblable, car le Ma\u00eetre, -comme l\u2019esclave du Moi-Id\u00e9alis\u00e9- pense et agit comme s\u2019il savait tout et \u00e9tait d\u00e9j\u00e0 Divin. Il parle, \u00e9crit et se comporte <strong><em>avec une assurance et une confiance en lui<\/em><\/strong> qui glace litt\u00e9ralement le c\u0153ur de ceux qui ne s&rsquo;aiment pas et qui n&rsquo;ont aucune confiance en eux. D&rsquo;o\u00f9 le c\u00f4t\u00e9 excessif, parfois, de leurs r\u00e9actions.<\/p>\n<p>&nbsp;<\/p>\n<p>&nbsp;<\/p>\n<p>&nbsp;<\/p>\n<p><span style=\"font-size: xx-large;\"><strong><img loading=\"lazy\" decoding=\"async\" class=\"alignleft wp-image-178\" src=\"http:\/\/www.theb4.fr\/vivre-livres\/wp-content\/uploads\/2013\/04\/k1842r0c-150x150.png\" alt=\"k1842r0c\" width=\"120\" height=\"120\" \/>B<\/strong><\/span>ien s\u00fbr, une personne intelligente pressentira toujours qu\u2019il existe un moyen ou un autre de <em><b>diff\u00e9rencier<\/b><\/em> le cingl\u00e9 du Ma\u00eetre v\u00e9ritable. Mais nous pourrions imaginer que cette m\u00eame astuce appartient \u00e0 certains qui ne risquent pas de la partager, du moins pour les 7 ou 8 prochaines ann\u00e9es, attendu qu\u2019elle consiste en la seule mani\u00e8re de savoir si une personne va se casser la gueule (M-I) ou d\u00e9coller pour les cimes spirituelles. Et ces individus ont une sainte horreur de perdre leur temps avec des rigolos qui, de toutes fa\u00e7ons, ne vont pas aller bien loin.<\/p>\n<p>D\u2019ailleurs, le plus s\u00fbr moyen est encore de <em>voir et d\u2019attendre<\/em> : le cingl\u00e9 ne pourra jamais singer la v\u00e9ritable Lumi\u00e8re plus de deux ou trois jours d\u2019affil\u00e9s sans se recouper et d\u00e9voiler lui-m\u00eame la sombre farce dont il est le principal acteur. Mais bon, il n\u2019est pas impossible non plus de d\u00e9couvrir cette astuce par soi-m\u00eame, surtout si on est un peu rus\u00e9, qu\u2019on a de l\u2019humour et que l\u2019on a compris comment fonctionne l\u2019ego <em>dans sa partie la plus d\u00e9plorable et minable qui soit.<\/em><\/p>\n<p>&nbsp;<\/p>\n<p>&nbsp;<\/p>\n<p>&nbsp;<\/p>\n<p><span style=\"font-size: xx-large;\"><strong><img loading=\"lazy\" decoding=\"async\" class=\"alignleft wp-image-706\" src=\"http:\/\/www.theb4.fr\/vivre-livres\/wp-content\/uploads\/2013\/06\/femme-main-soleil.jpg\" alt=\"femme-main-soleil\" width=\"197\" height=\"132\" srcset=\"https:\/\/www.theb4.fr\/vivre-livres\/wp-content\/uploads\/2013\/06\/femme-main-soleil.jpg 274w, https:\/\/www.theb4.fr\/vivre-livres\/wp-content\/uploads\/2013\/06\/femme-main-soleil-150x100.jpg 150w\" sizes=\"auto, (max-width: 197px) 100vw, 197px\" \/>M<\/strong><\/span>ais sans parler des Ma\u00eetres ou de tout autre d\u00e9nomination qui s\u00e9pare plus que ce qu&rsquo;elle unit, il existe aussi <em>des professeurs<\/em> et <em>des enseignants<\/em> de l&rsquo;\u00e9sot\u00e9risme qui, m\u00eame s&rsquo;ils ne sont encore que des humains comme les autres, sont capables de faire fi, temporairement, de leurs propres limites, ceci afin de pouvoir transmettre cette Lumi\u00e8re dont ils sont peu ou prou les Porteurs. Ceux qui ont un brin d\u2019int\u00e9r\u00eat pour ces choses et qui font montre d\u2019un sens de l\u2019observation v\u00e9ritable, <em>sans passion et avec objectivit\u00e9<\/em>, auront vite remarqu\u00e9 une chose :<\/p>\n<p><strong><em><span style=\"color: #ff00ff;\">les instructeurs dignes de ce nom ne parlent que rarement de \u00ab ce qui va bien \u00bb mais plus volontiers de ce qui va mal et donc, qui est susceptible de f\u00e2cher leur entourage.<\/span><\/em><\/strong><\/p>\n<p>En effet, parler de <em>ce qui va bien<\/em> ou qui est d\u00e9j\u00e0 impeccable ne fait pas avancer les choses et ne peut, \u00e0 la longue, que servir de branlette mentale \u00e0 l\u2019ego.<\/p>\n<p>C&rsquo;est le stade auquel se situent pas mal de jeunes spiritualistes de notre \u00e9poque. Certains, fort heureusement ont trouv\u00e9 comment avancer vraiment.<\/p>\n<p>&nbsp;<\/p>\n<p>&nbsp;<\/p>\n<p>&nbsp;<\/p>\n<p><span style=\"font-size: xx-large;\"><strong><img loading=\"lazy\" decoding=\"async\" class=\"alignleft size-thumbnail wp-image-7000\" src=\"http:\/\/www.theb4.fr\/vivre-livres\/wp-content\/uploads\/2013\/06\/culpabilite\u0301-194x141.jpg\" alt=\"\" width=\"194\" height=\"141\" \/>D<\/strong><\/span>u coup, les gourous de pacotille sont encens\u00e9s et appr\u00e9ci\u00e9s, tandis que les v\u00e9ritables instructeurs ou professeurs sont montr\u00e9s du doigt et trait\u00e9s de tous les noms d\u2019oiseaux.<\/p>\n<p>En effet, qui aimerait que l\u2019on parle de tout ce qui est laid, injuste, imparfait, non-termin\u00e9 et <em>n\u00e9gatif<\/em> en g\u00e9n\u00e9ral ?\u2026 Sinon le Soi Divin de la personne qui en fait les frais !<\/p>\n<p>&nbsp;<\/p>\n<p>&nbsp;<\/p>\n<p>&nbsp;<\/p>\n<p><img loading=\"lazy\" decoding=\"async\" class=\"alignleft wp-image-533\" src=\"http:\/\/www.theb4.fr\/vivre-livres\/wp-content\/uploads\/2013\/06\/Deux-portes.png\" alt=\"Deux portes\" width=\"228\" height=\"171\" srcset=\"https:\/\/www.theb4.fr\/vivre-livres\/wp-content\/uploads\/2013\/06\/Deux-portes.png 475w, https:\/\/www.theb4.fr\/vivre-livres\/wp-content\/uploads\/2013\/06\/Deux-portes-300x224.png 300w\" sizes=\"auto, (max-width: 228px) 100vw, 228px\" \/><span style=\"font-size: xx-large;\"><strong>S<\/strong><\/span>ongez aussi \u00e0 toutes ces <em>\u00e2mes en peine<\/em> qui tombent dans les griffes de certaines sectes qui les pressent comme des agrumes ! Croyez-vous qu\u2019il y aurait autant de personnes couillonn\u00e9s s\u2019il y avait pas <em><span style=\"text-decoration: underline;\">au moins autant<\/span><\/em> d\u2019hommes et de femmes paum\u00e9s qui n\u2019attendent qu\u2019une chose, c\u2019est qu\u2019on leur\u00a0<strong>confirme<\/strong> ce qu\u2019ils pensent et croient d\u00e9j\u00e0 ? <span style=\"color: #0000ff;\"><strong><em>Dans le futur, il y aura de moins en moins d\u2019initi\u00e9s dignes de ce nom, car il y aura de moins en moins d\u2019hommes et de femmes dignes de ce nom<\/em><\/strong>.<\/span><\/p>\n<p>Et par ailleurs, presque plus aucune personne ne d\u00e9sirera entendre une v\u00e9rit\u00e9 qu\u2019elle a mis des lustres \u00e0 occulter. Ouvrez les yeux, observez sans passion puis osez affirmer que je suis \u00e0 c\u00f4t\u00e9 de <em>l\u2019actualit\u00e9 terrestre ! <\/em><\/p>\n<p>&nbsp;<\/p>\n<p>&nbsp;<\/p>\n<p>&nbsp;<\/p>\n<p><span style=\"font-size: xx-large;\"><strong><img loading=\"lazy\" decoding=\"async\" class=\"alignleft wp-image-2992\" src=\"http:\/\/www.theb4.fr\/vivre-livres\/wp-content\/uploads\/2013\/08\/boulets.jpg\" alt=\"boulets\" width=\"221\" height=\"146\" srcset=\"https:\/\/www.theb4.fr\/vivre-livres\/wp-content\/uploads\/2013\/08\/boulets.jpg 276w, https:\/\/www.theb4.fr\/vivre-livres\/wp-content\/uploads\/2013\/08\/boulets-150x100.jpg 150w\" sizes=\"auto, (max-width: 221px) 100vw, 221px\" \/>E<\/strong><\/span>t pour <em>les pisse-vinaigres<\/em> et autres grenouilles de B\u00e9nitiers jamais contents, jamais heureux sauf quand ils r\u00e9ussissent \u00e0 semer le trouble dans l&rsquo;esprit des autres gr\u00e2ce \u00e0 leurs commentaires d\u00e9sobligeants, inutile pour eux de me faire savoir que je suis <i>\u00e0 c\u00f4t\u00e9 de leur r\u00e9alit\u00e9,<\/i> car de cela, j\u2019en suis d\u00e9j\u00e0 conscient et je les en remercie, d&rsquo;ailleurs. Car sans leur pr\u00e9sence, je n&rsquo;aurais pas pu r\u00e9aliser certaines choses \u00e0 mon propre sujet.<\/p>\n<p>&nbsp;<\/p>\n<p>&nbsp;<\/p>\n<p>&nbsp;<\/p>\n<p><em><strong>Serge Baccino<br \/>\n<\/strong><\/em><\/p>\n<p><a href=\"http:\/\/creativecommons.org\/licenses\/by-nc-nd\/3.0\/deed.fr\" rel=\"license\"><img decoding=\"async\" style=\"border-width: 0;\" src=\"http:\/\/i.creativecommons.org\/l\/by-nc-nd\/3.0\/88x31.png\" alt=\"Licence Creative Commons\" \/><\/a><br \/>\n(Note : Sauf pour les images, trouv\u00e9es sur le Web et r\u00e9put\u00e9es libres et gratuites)<\/p>\n","protected":false},"excerpt":{"rendered":"<p>\u00ab La psychologie \u00e9sot\u00e9rique se r\u00e9sume \u00e0 l\u2019observation de l\u2019actualit\u00e9 spirituelle d\u2019un individu et d&rsquo;agir ou de r\u00e9agir en cons\u00e9quence et selon soi (hors tout conditionnement mental.) \u00bb &nbsp; &nbsp; Avant de d\u00e9velopper ce postulat, il serait bon de d\u00e9finir la diff\u00e9rence exacte entre la r\u00e9alit\u00e9 et l\u2019actualit\u00e9. L\u2019actualit\u00e9, c\u2019est tout ce qui se passe &hellip; <a href=\"https:\/\/www.theb4.fr\/vivre-livres\/actualite-et-realite\/\" class=\"more-link\">Continuer la lecture de <span class=\"screen-reader-text\">Actualit\u00e9 et R\u00e9alit\u00e9<\/span>  <span class=\"meta-nav\">&rarr;<\/span><\/a><\/p>\n","protected":false},"author":1,"featured_media":0,"comment_status":"open","ping_status":"open","sticky":false,"template":"","format":"standard","meta":{"footnotes":""},"categories":[3],"tags":[485,5407,3281,5457,1342,1120,5455,892,5424,5435,5440,2669,16,5449,5427,1510,1600,5415,22,3016,925,5414,5430,2625,2965,4754,764,5431,5442,3715,5461,5425,1765,5077,912,5437,5434,1125,1104,5453,5124,199,468,40,3741,1724,5275,3989,1972,5411,1428,1698,5454,755,1115,3326,5456,1427,4970,51,5417,218,1043,5451,5448,5418,1949,1284,668,5287,5436,1373,5423,1240,1218,1102,1624,3997,1111,5459,5413,5412,5450,3709,4124,5460,983,5416,3448,66,519,3824,1773,1906,4673,3285,686,2006,5433,5340,2234,1947,1655,5452,5447,1100,5408,5458,1116,1114,3953,3903,5446,1269,5443,1431,687,5421,5445,314,5420,5123,5432,5444,91,93,2238,917,1109,5428,5409,4166,5429,5462,5441,5438,103,3939,5439,2713,5422,140,107,467,5426,4758,3532,494,110,1042,1117,1681,5419,1105,5410,116,2670,1113,1061],"class_list":["post-704","post","type-post","status-publish","format-standard","hentry","category-artcl","tag-actualite","tag-actualite-et-realite","tag-affirmer","tag-agrumes","tag-ame","tag-ameliorer","tag-ames-en-peine","tag-anges","tag-archange","tag-assurance","tag-astuce","tag-authentique","tag-blog","tag-branlette-mentale","tag-brillant","tag-buts","tag-chair","tag-cinq-sens-objectifs","tag-commentaires","tag-confiance","tag-conscient","tag-cote-subjectif","tag-creatures","tag-dangereux","tag-decennies","tag-decouvrir","tag-definir","tag-demi-elfe","tag-denomination","tag-deplorable","tag-desobligeants","tag-detresse","tag-developper","tag-devoiler","tag-dieu","tag-differencier","tag-divins","tag-elfe","tag-emotion","tag-en-general","tag-enseignants","tag-epoque","tag-esoteriste","tag-esprt","tag-evenement","tag-evolution","tag-excessif","tag-extraterrestres","tag-fache","tag-facultes-subjectives","tag-femmes","tag-forum","tag-frais","tag-gourous","tag-gout","tag-grenouilles-de-benitiers","tag-griffes","tag-hommes","tag-horreur","tag-hmn","tag-idealise","tag-idee","tag-imaginer","tag-imparfait","tag-impeccable","tag-inacceptable","tag-individu","tag-individus","tag-inities","tag-injuste","tag-intelligente","tag-invisibles","tag-jedi","tag-jeunes","tag-lego","tag-lemotion","tag-lesoterisme","tag-lhumour","tag-lintuition","tag-lactualite-terrestre","tag-limagination","tag-la-memoire","tag-laid","tag-les-cimes","tag-les-faits","tag-les-pisse-vinaigres","tag-limites","tag-limites-usuelles","tag-litteralement","tag-lum","tag-maitre","tag-maniere","tag-materialiste","tag-mentir","tag-minable","tag-moi","tag-moi-idealise","tag-monde","tag-napoleon","tag-naturel","tag-negatif","tag-nier","tag-nom","tag-non-termine","tag-objectivite","tag-objets","tag-observation","tag-occulter","tag-odorat","tag-ouie","tag-pacotille","tag-parfaitement","tag-passion","tag-personne","tag-peu","tag-peuple","tag-peur","tag-pieges","tag-porteurs","tag-presence","tag-procuration","tag-professeurs","tag-profonds","tag-prou","tag-psy-eso","tag-ps-es","tag-reactions","tag-realite","tag-realite-interieure","tag-rebutees","tag-reels","tag-refugier","tag-reincarnes","tag-remercie","tag-ruse","tag-sainte","tag-sct","tag-sens","tag-singer","tag-soi-divin","tag-sournois","tag-spiritualistes","tag-sprtle","tag-spirituelle","tag-tanches","tag-temoigner","tag-temporairement","tag-temps","tag-tre","tag-tete","tag-toucher","tag-transmettre","tag-valorisee","tag-veritable","tag-veritablement","tag-vrt","tag-vrai","tag-vue","tag-yeux"],"_links":{"self":[{"href":"https:\/\/www.theb4.fr\/vivre-livres\/wp-json\/wp\/v2\/posts\/704","targetHints":{"allow":["GET"]}}],"collection":[{"href":"https:\/\/www.theb4.fr\/vivre-livres\/wp-json\/wp\/v2\/posts"}],"about":[{"href":"https:\/\/www.theb4.fr\/vivre-livres\/wp-json\/wp\/v2\/types\/post"}],"author":[{"embeddable":true,"href":"https:\/\/www.theb4.fr\/vivre-livres\/wp-json\/wp\/v2\/users\/1"}],"replies":[{"embeddable":true,"href":"https:\/\/www.theb4.fr\/vivre-livres\/wp-json\/wp\/v2\/comments?post=704"}],"version-history":[{"count":0,"href":"https:\/\/www.theb4.fr\/vivre-livres\/wp-json\/wp\/v2\/posts\/704\/revisions"}],"wp:attachment":[{"href":"https:\/\/www.theb4.fr\/vivre-livres\/wp-json\/wp\/v2\/media?parent=704"}],"wp:term":[{"taxonomy":"category","embeddable":true,"href":"https:\/\/www.theb4.fr\/vivre-livres\/wp-json\/wp\/v2\/categories?post=704"},{"taxonomy":"post_tag","embeddable":true,"href":"https:\/\/www.theb4.fr\/vivre-livres\/wp-json\/wp\/v2\/tags?post=704"}],"curies":[{"name":"wp","href":"https:\/\/api.w.org\/{rel}","templated":true}]}}