{"id":7149,"date":"2018-02-16T13:35:58","date_gmt":"2018-02-16T11:35:58","guid":{"rendered":"http:\/\/www.theb4.fr\/vivre-livres\/?p=7149"},"modified":"2022-05-06T23:43:37","modified_gmt":"2022-05-06T21:43:37","slug":"on-ne-vaccine-pas-le-passe","status":"publish","type":"post","link":"https:\/\/www.theb4.fr\/vivre-livres\/on-ne-vaccine-pas-le-passe\/","title":{"rendered":"On ne vaccine pas le pass\u00e9"},"content":{"rendered":"<p>&nbsp;<\/p>\n<p><span style=\"color: #808080;\"><strong><span style=\"text-decoration: underline;\">Nota<\/span><\/strong> : <em>cet article a \u00e9t\u00e9 \u00e9crit en Janvier 2019<\/em><\/span><\/p>\n<p>&nbsp;<\/p>\n<p><span style=\"font-size: 24pt;\"><strong><img loading=\"lazy\" decoding=\"async\" class=\"alignleft  wp-image-7151\" src=\"http:\/\/www.theb4.fr\/vivre-livres\/wp-content\/uploads\/2018\/02\/vaccin-be\u0301be\u0301-250x141.jpg\" alt=\"\" width=\"206\" height=\"116\" \/>J<\/strong><\/span>\u2019ai envie de vous proposer, n\u2019ayant pas le pouvoir de vous imposer 11 articles de force (sic), une version d\u00e9passionn\u00e9e et technique du <span style=\"color: #0000ff;\"><em>pourquoi on ne devrait plus accepter de se faire vacciner \u00e0 notre \u00e9poque<\/em><\/span>. Cette version pourrait aussi bien ne concerner que celles et ceux qui ont conscience que <em>quelque chose<\/em> que l\u2019on nomme <em>l\u2019\u00c9volution Humaine,<\/em> est actuellement <em>en cours<\/em>. Et qui dit \u00e9volution dit n\u00e9cessairement deux choses sous-entendues mais logiques : <strong><em>la Progression<\/em><\/strong> et <strong><em>le Rythme<\/em><\/strong>.<\/p>\n<p>Le Rythme se r\u00e9sumant \u00e0 <em>un mouvement mesur\u00e9 dans le temps<\/em>. Car sur terre et entre nous, le temps <strong><em>semble<\/em><\/strong> exister bel et bien, n\u2019est-ce pas ? Alors nous devons tous <span style=\"text-decoration: underline;\">en tenir compte<\/span> dans nos r\u00e9flexions et laisser, pour un instant, les lieux communs spirituels de c\u00f4t\u00e9.<\/p>\n<p><span style=\"font-size: 24pt;\"><strong>O<\/strong><\/span>r donc, nous <strong><em>\u00e9voluons<\/em><\/strong> tous, tant que nous sommes ou c\u2019est du moins ce que nous <em>devrions<\/em> \u00eatre occup\u00e9s \u00e0 faire ! Et qui dit \u00e9volution dit <strong><span style=\"text-decoration: underline;\">changements<\/span><\/strong> et, parfois, <strong><em>changements radicaux<\/em><\/strong>. Notamment des changements au niveau de notre <em>structure animique<\/em> (<em>corps psychique<\/em>) et donc, de nos cellules, de notre sang, ainsi que de l\u2019ensemble des compos\u00e9s liquides du corps humain, dont la lymphe et, surtout, \u00ab\u00a0<em>les humeurs<\/em>\u00a0\u00bb (les s\u00e9cr\u00e9tions hormonales.)<\/p>\n<p>Les \u00e9sot\u00e9ristes savent <span style=\"text-decoration: underline;\">depuis des si\u00e8cles<\/span> que notre personnalit\u00e9, ainsi que sa modalit\u00e9 d\u2019expression principale, <strong><em>le caract\u00e8re<\/em><\/strong>, d\u00e9pendent du fonctionnement de nos glandes \u00e0 s\u00e9cr\u00e9tions internes (ou \u00ab\u00a0<em>endocrines<\/em>.\u00a0\u00bb) En gros, <span style=\"color: #0000ff;\">\u00ab\u00a0<em>Nous sommes ce que sont nos glandes<\/em>.\u00a0\u00bb <\/span>Or, il est important de tenir compte, comme soulign\u00e9 plus haut, du fameux \u00ab\u00a0<em>temps qui passe<\/em>\u00a0\u00bb, cela non pas pour mettre l\u2019accent sur son existence pr\u00e9sum\u00e9, mais bien <strong><em>pour tenir compte du facteur \u00e9volution<\/em><\/strong>.<\/p>\n<p><span style=\"font-size: 24pt;\"><strong>T<\/strong><\/span>out bouge, tout remue et varie sans cesse et surtout, <strong><em>tout \u00e9volue<\/em><\/strong>.<br \/>\nSi l\u2019homme ne tient pas compte de ce facteur pr\u00e9pond\u00e9rant, il va se retrouver \u00e0 l\u2019\u00e9poque post-atomique avec un comportement d\u2019homme des cavernes ! L\u2019\u00e9volution ne concerne pas seulement les ordinateurs et autres machines, le saviez-vous ? Alors voici les faits : <span style=\"color: #ff0000;\"><strong><em>\u00c9voluer revient \u00e0 s\u2019affiner et s\u2019affiner revient \u00e0 <\/em><span style=\"text-decoration: underline;\">ne plus \u00eatre r\u00e9ceptif au grossier<\/span><\/strong><\/span>. Allons-nous, dans les ann\u00e9es \u00e0 venir et lors d\u2019accouchements, rouer de coup un nouveau n\u00e9 afin de lui permettre de respirer ? Une simple tape ne suffirait-elle pas ?<\/p>\n<p>Dans ce cas, pourquoi infliger \u00e0 la structure subatomique de notre corps, un traitement qui ne devait concerner que les personnes qui vivaient, au pire, dans les ann\u00e9es 1960 ou 1970 ?<\/p>\n<p><span style=\"color: #0000ff;\"><strong><span style=\"font-size: 14pt;\"><em>En clair, nous vibrons d\u00e9j\u00e0 bien trop haut pour que les vaccins puissent nous \u00eatre utiles d\u00e9sormais !<\/em><\/span><\/strong><\/span><\/p>\n<p><span style=\"font-size: 24pt;\"><strong>E<\/strong><\/span>t plus \u00e7a ira, plus <span style=\"color: #800080;\"><em>les vaccins deviendront dangereux pour notre organisme qui est devenu tr\u00e8s diff\u00e9rent de celui qui \u00e9tait le n\u00f4tre en 1970 et par exemple<\/em><\/span>. <span style=\"color: #0000ff;\"><em>La technique de vaccination n\u2019a pas \u00e9volu\u00e9e <strong>mais l\u2019homme oui ! <\/strong><\/em><\/span>Essayons de nous montrer tr\u00e8s clairs sur un point : il n\u2019est plus question ici, et j\u2019esp\u00e8re que vous le comprendrez tous, de faire la guerre aux laboratoires pharmaceutiques ou de d\u00e9noncer des produits frelat\u00e9s ! Ici, l\u2019id\u00e9e est d\u2019expliquer <strong><em>pourquoi<\/em><\/strong>, et de toute mani\u00e8re, il n\u2019est plus utile d\u2019une part, de se faire vacciner et pourquoi, d\u2019autre part, cela va devenir <span style=\"text-decoration: underline; color: #800080;\">de plus en plus risqu\u00e9<\/span>, surtout pour celles et ceux qui pratiquent certaines techniques <em>psychiques\/spirituelles<\/em> dont le but est d\u2019<span style=\"color: #0000ff;\"><em>affiner les perceptions de l\u2019\u00e2me<\/em>.<\/span><\/p>\n<p><span style=\"font-size: 24pt;\"><strong>N<\/strong><\/span>ous sommes, h\u00e9las, habitu\u00e9s \u00e0 n\u2019avoir raison que <strong><em>SI<\/em><\/strong> et <strong><em>seulement SI<\/em><\/strong> un autre (ou des autres) a (ont) tort. Par exemple, dans cette lute peu \u00e9l\u00e9gante entre le peuple et les lobbies pharmaceutiques. Alors je vous propose une autre version, \u00e0 la fois plus sobre mais infiniment plus radicale toutefois : de ne rien opposer \u00e0 rien et de comprendre que lorsqu&rsquo;une chose <strong><em>n\u2019est plus<\/em><\/strong> d\u2019actualit\u00e9, peu importe les valeurs anciennes ou actuelles lui \u00e9tant associ\u00e9es, <span style=\"color: #ff0000;\"><em>il faut cesser de s\u2019y r\u00e9f\u00e9rer et voil\u00e0 tout<\/em>. <span style=\"color: #000000;\">Cela sans crise ni drame : sobrement, mais fermement.<\/span><br \/>\n<\/span><\/p>\n<p><span style=\"font-size: 24pt;\"><strong>P<\/strong><\/span>our terminer, sachez que je ne r\u00e9pondrai pas \u00e0 ceux qui ne sont jamais d\u2019accord avec rien ni personne, et surtout pas avec eux-m\u00eames et qui trouvent bon d\u2019\u00e9tendre les effluves psychiques de leur marasme mental \u00e0 d\u2019autres qu\u2019eux, histoire de se sentir moins seuls. Je sais \u00e9changer avec ceux ouverts \u00e0 l\u2019\u00e9change <span style=\"text-decoration: underline;\">et pas seulement \u00e0 son id\u00e9e<\/span> (sic) mais je ne sais plus, avec le temps, perdre mon temps avec ceux qui n\u2019ont plus que du temps \u00e0 perdre d\u00e9sormais. Comprenne qui voudra, ceux qui ne sont pas d\u2019accord n\u2019ont qu\u2019\u00e0 aller r\u00e2ler aupr\u00e8s de ceux que \u00e7a int\u00e9resse et qui partagent leur avis !<\/p>\n<p>Cordialement \u00e0 tous les autres sains de corps et d&rsquo;esprit, vaccin\u00e9s ou non !<\/p>\n<p>&nbsp;<\/p>\n<p><span style=\"font-size: 14pt;\"><strong><em>Serge Baccino<\/em><\/strong><\/span><\/p>\n<p>&nbsp;<\/p>\n","protected":false},"excerpt":{"rendered":"<p>&nbsp; Nota : cet article a \u00e9t\u00e9 \u00e9crit en Janvier 2019 &nbsp; J\u2019ai envie de vous proposer, n\u2019ayant pas le pouvoir de vous imposer 11 articles de force (sic), une version d\u00e9passionn\u00e9e et technique du pourquoi on ne devrait plus accepter de se faire vacciner \u00e0 notre \u00e9poque. Cette version pourrait aussi bien ne concerner &hellip; <a href=\"https:\/\/www.theb4.fr\/vivre-livres\/on-ne-vaccine-pas-le-passe\/\" class=\"more-link\">Continuer la lecture de <span class=\"screen-reader-text\">On ne vaccine pas le pass\u00e9<\/span>  <span class=\"meta-nav\">&rarr;<\/span><\/a><\/p>\n","protected":false},"author":1,"featured_media":0,"comment_status":"closed","ping_status":"closed","sticky":false,"template":"","format":"standard","meta":{"footnotes":""},"categories":[3],"tags":[],"class_list":["post-7149","post","type-post","status-publish","format-standard","hentry","category-artcl"],"_links":{"self":[{"href":"https:\/\/www.theb4.fr\/vivre-livres\/wp-json\/wp\/v2\/posts\/7149","targetHints":{"allow":["GET"]}}],"collection":[{"href":"https:\/\/www.theb4.fr\/vivre-livres\/wp-json\/wp\/v2\/posts"}],"about":[{"href":"https:\/\/www.theb4.fr\/vivre-livres\/wp-json\/wp\/v2\/types\/post"}],"author":[{"embeddable":true,"href":"https:\/\/www.theb4.fr\/vivre-livres\/wp-json\/wp\/v2\/users\/1"}],"replies":[{"embeddable":true,"href":"https:\/\/www.theb4.fr\/vivre-livres\/wp-json\/wp\/v2\/comments?post=7149"}],"version-history":[{"count":0,"href":"https:\/\/www.theb4.fr\/vivre-livres\/wp-json\/wp\/v2\/posts\/7149\/revisions"}],"wp:attachment":[{"href":"https:\/\/www.theb4.fr\/vivre-livres\/wp-json\/wp\/v2\/media?parent=7149"}],"wp:term":[{"taxonomy":"category","embeddable":true,"href":"https:\/\/www.theb4.fr\/vivre-livres\/wp-json\/wp\/v2\/categories?post=7149"},{"taxonomy":"post_tag","embeddable":true,"href":"https:\/\/www.theb4.fr\/vivre-livres\/wp-json\/wp\/v2\/tags?post=7149"}],"curies":[{"name":"wp","href":"https:\/\/api.w.org\/{rel}","templated":true}]}}