{"id":796,"date":"2013-06-24T15:21:51","date_gmt":"2013-06-24T14:21:51","guid":{"rendered":"http:\/\/www.theb4.fr\/vivre-livres\/?p=796"},"modified":"2020-07-15T22:34:47","modified_gmt":"2020-07-15T20:34:47","slug":"un-serviteur-bien-espiegle","status":"publish","type":"post","link":"https:\/\/www.theb4.fr\/vivre-livres\/un-serviteur-bien-espiegle\/","title":{"rendered":"Un serviteur bien espi\u00e8gle !"},"content":{"rendered":"<p><span style=\"font-size: xx-large;\"><strong><img loading=\"lazy\" decoding=\"async\" class=\"alignleft wp-image-735\" src=\"http:\/\/www.theb4.fr\/vivre-livres\/wp-content\/uploads\/2013\/06\/mental11-300x128.jpg\" alt=\"mental11\" width=\"240\" height=\"102\" srcset=\"https:\/\/www.theb4.fr\/vivre-livres\/wp-content\/uploads\/2013\/06\/mental11-300x128.jpg 300w, https:\/\/www.theb4.fr\/vivre-livres\/wp-content\/uploads\/2013\/06\/mental11.jpg 342w\" sizes=\"auto, (max-width: 240px) 100vw, 240px\" \/>O<\/strong><\/span>n dit de l\u2019esprit qu\u2019<em>il est un bon serviteur mais un tr\u00e8s mauvais ma\u00eetre<\/em>\u2026 Je me demande toutefois s\u2019il est un si bon serviteur que cela\u2026 Quand on sait que <span style=\"color: #0000ff;\"><em>c\u2019est notre \u00e9tat d\u2019esprit qui d\u00e9termine l\u2019\u00e9tat\u00a0psychologique et physiologique dans lequel nous sommes<\/em><\/span>, on est en droit de se demander si l\u2019esprit ne serait pas <em>un bon serviteur<\/em> <span style=\"text-decoration: underline;\">uniquement<\/span> si on le tient \u00e0 l\u2019\u0153il ! Cela dit, si nous ne commettions pas l\u2019erreur monumentale de nous IDENTIFIER sans cesse avec toutes ces id\u00e9es \u00e0 la con qui nous traversent journellement la t\u00eate, nous ne ressentirions pas toute cette souffrance morale.<\/p>\n<p>&nbsp;<\/p>\n<p>&nbsp;<\/p>\n<p>&nbsp;<\/p>\n<p><span style=\"font-size: xx-large;\"><strong><img loading=\"lazy\" decoding=\"async\" class=\"alignleft wp-image-730\" src=\"http:\/\/www.theb4.fr\/vivre-livres\/wp-content\/uploads\/2013\/06\/mental04.jpg\" alt=\"mental04\" width=\"190\" height=\"190\" srcset=\"https:\/\/www.theb4.fr\/vivre-livres\/wp-content\/uploads\/2013\/06\/mental04.jpg 180w, https:\/\/www.theb4.fr\/vivre-livres\/wp-content\/uploads\/2013\/06\/mental04-150x150.jpg 150w\" sizes=\"auto, (max-width: 190px) 100vw, 190px\" \/>D<\/strong><\/span>e fait, est-ce l\u2019esprit qui est responsable ou bien nous, ce que nous sommes r\u00e9ellement, c\u2019est-\u00e0-dire NOTRE CONSCIENCE ? Vu sous le premier angle, l\u2019esprit serait un enfant espi\u00e8gle et turbulent qui n\u2019aurait de cesse d\u2019ennuyer l\u2019adulte que nous sommes\u2026 Vu sous le second angle, puisque l\u2019esprit est un enfant, espi\u00e8gle ou non, <span style=\"color: #800080;\"><em>il n\u2019est pas responsable de ses actes,<\/em><\/span> car il est dans la nature des enfants de se montrer turbulents, et il est du devoir et de la responsabilit\u00e9 des adultes d\u2019\u00eatre plus matures et responsables que de simples enfants.<\/p>\n<p>&nbsp;<\/p>\n<p>&nbsp;<\/p>\n<p><img loading=\"lazy\" decoding=\"async\" class=\"alignleft wp-image-797\" src=\"http:\/\/www.theb4.fr\/vivre-livres\/wp-content\/uploads\/2013\/06\/bible_scroll2.gif\" alt=\"bible_scroll2\" width=\"192\" height=\"287\" \/><span style=\"font-size: xx-large;\"><strong>S<\/strong><\/span>elon les <em>Shiva-Sutra<\/em> (les textes primitifs du <em>Shiva\u00efsme du Cachemire<\/em> dont la psy \u00e9so est en grande partie originaire), il est dans la nature de l\u2019esprit de remuer sans cesse <em>(vritti<\/em>, en sanskrit = <em>\u00abmodifications de l\u2019esprit.\u00bb<\/em>)\u00a0S\u2019il est dans sa nature de remuer, il n\u2019est donc pas sage de notre part d\u2019attendre de lui qu\u2019il se calme, n\u2019est-ce pas ? Ainsi, il para\u00eet plus intelligent de <span style=\"color: #0000ff;\"><strong><em>d\u00e9placer notre attention mentale<\/em><\/strong><\/span> qui, en r\u00e8gle g\u00e9n\u00e9rale, est focalis\u00e9e sur tout ce que nous raconte l\u2019esprit, \u00e0 longueur de journ\u00e9e. De la d\u00e9placer pour la <em>polariser<\/em> (concentrer, focaliser) sur une chose qui ne remue pas, ne varie pas, est \u00e9ternelle et emplie de paix, de joie, d\u2019amour, de sagesse et de bonheur.<\/p>\n<p>&nbsp;<\/p>\n<p>&nbsp;<\/p>\n<p>&nbsp;<\/p>\n<p><span style=\"font-size: xx-large;\"><strong>I<\/strong><\/span>l exist<img loading=\"lazy\" decoding=\"async\" class=\"alignleft wp-image-731\" src=\"http:\/\/www.theb4.fr\/vivre-livres\/wp-content\/uploads\/2013\/06\/mental12.jpg\" alt=\"mental12\" width=\"244\" height=\"184\" \/>erait en nous une telle corne d\u2019abondance ? Oui, et c\u2019est <span style=\"color: #ff6600;\"><strong><em>notre conscience<\/em><\/strong><\/span> (<em>Chitti<\/em>, en sanskrit), cette partie divine de notre \u00eatre global qui est sans cesse <strong><em>accapar\u00e9e<\/em><\/strong> par <em>les mouvements de l&rsquo;esprit<\/em> (<em>Karma chitta<\/em>), qui remue avec lui ce qui nous refile le mal de mer ! <span style=\"font-size: medium;\">I<\/span>l \u00e9tait d\u00e9j\u00e0 difficile de ne plus se concentrer exclusivement sur les choses ext\u00e9rieures (les autres, les \u00e9v\u00e8nements, les sons, etc) mais l\u00e0, \u00e7a va devenir carr\u00e9ment impossible ! Ne plus pr\u00eater <strong><em>attention<\/em><\/strong> aux formes mentales qui nous font la danse du ventre devant notre conscience et r\u00e9ussissent \u00e0 la s\u00e9duire depuis des ann\u00e9es ? Est-ce seulement possible, d&rsquo;ailleurs ? Oui, c&rsquo;est tout \u00e0 fait possible. Il existe une <em>astuce<\/em> qui permet non pas de <em>\u00abcalmer l\u2019esprit\u00bb, ce qui est impossible,<\/em> mais plut\u00f4t de <span style=\"color: #800000;\"><em>ne plus \u00eatre fascin\u00e9 et donc accapar\u00e9 par ses cabrioles incessantes.<\/em><\/span><\/p>\n<p>&nbsp;<\/p>\n<p>&nbsp;<\/p>\n<p>&nbsp;<\/p>\n<p>&nbsp;<\/p>\n<p><span style=\"font-size: xx-large;\"><strong><img loading=\"lazy\" decoding=\"async\" class=\"alignleft wp-image-129\" src=\"http:\/\/www.theb4.fr\/vivre-livres\/wp-content\/uploads\/2013\/04\/wiu5cj1b.png\" alt=\"wiu5cj1b\" width=\"220\" height=\"303\" \/>B<\/strong><\/span>ien que nous soyons persuad\u00e9s que <em>\u00abl\u2019esprit est dans notre t\u00eate\u00bb<\/em> ou bien que <em>\u00abnous pensons avec notre cerveau qui est dans notre t\u00eate\u00bb<\/em> (sic), <span style=\"color: #0000ff;\"><strong><em>le si\u00e8ge v\u00e9ritable de l\u2019esprit se trouve dans le c\u0153ur.<\/em><\/strong> <\/span>Il existe des Canaux (<em>Nadi<\/em>) \u00e9nerg\u00e9tiques qui partent du c\u0153ur et s\u2019\u00e9l\u00e8vent jusqu\u2019au sommet du cr\u00e2ne et de chaque c\u00f4t\u00e9 de notre t\u00eate, juste au-dessus de nos oreilles (dans les deux h\u00e9misph\u00e8res c\u00e9r\u00e9braux, donc.) A longueur de journ\u00e9e, de l\u2019\u00e9nergie vitale (pr\u00e2na) s\u2019\u00e9l\u00e8ve du c\u0153ur en direction de la t\u00eate. En p\u00e9n\u00e9trant certains Centres psychiques situ\u00e9s en effet dans notre cerveau, nous devenons conscient que <em>nous pensons<\/em> ou, plus exactement,<strong><em> que des pens\u00e9es sont l\u00e0, <\/em>\u00e0 port\u00e9e de conscience. <\/strong>Il nous appartient ensuite d\u2019y pr\u00eater attention ou non, mais <span style=\"color: #0000ff;\"><em>ces pens\u00e9es naissent en v\u00e9rit\u00e9 de l\u2019interaction entre de l\u2019\u00e9nergie qui s\u2019\u00e9l\u00e8ve du c\u0153ur et des Centres psychiques contenus dans le cerveau.<\/em><\/span><\/p>\n<p>&nbsp;<\/p>\n<p>&nbsp;<\/p>\n<p>&nbsp;<\/p>\n<p>&nbsp;<\/p>\n<p><span style=\"font-size: xx-large;\"><strong><img loading=\"lazy\" decoding=\"async\" class=\"alignleft wp-image-139\" src=\"http:\/\/www.theb4.fr\/vivre-livres\/wp-content\/uploads\/2013\/04\/CoeurEsprit03-copie.gif\" alt=\"CoeurEsprit03-copie\" width=\"241\" height=\"249\" \/>D<\/strong><\/span>e fait, s\u2019il \u00e9tait possible de r\u00e9duire -voire de faire cesser- la circulation d\u2019\u00e9nergie entre notre c\u0153ur et notre cerveau, nous n\u2019aurions plus l\u2019impression de penser, car <span style=\"color: #ff6600;\"><strong>nous n\u2019en serions tout b\u00eatement plus conscient. <\/strong><\/span>Lorsqu\u2019une chose n\u2019existe pas <em>\u00abpour nous\u00bb<\/em>, que nous n\u2019en sommes pas conscient, alors <em><span style=\"color: #0000ff;\">c\u2019est comme si elle n\u2019existait pas en fait. <\/span><\/em>En portant toute notre attention mentale non pas <em>\u00absur le c\u0153ur\u00bb<\/em>, ni m\u00eame <em>\u00abdans le c\u0153ur\u00bb<\/em> mais sur un point pr\u00e9cis situ\u00e9 sur le c\u00f4t\u00e9 gauche de la poitrine et qui se trouve dans une partie pr\u00e9cise du muscle cardiaque, il se passe un ph\u00e9nom\u00e8ne assez int\u00e9ressant. A ce moment, non seulement l\u2019\u00e9nergie vitale r\u00e9duit consid\u00e9rablement son d\u00e9bit ascendant, ce qui diminue notre perception des mouvements (<em>Karma<\/em>) de l\u2019esprit (<em>Chitta<\/em>) en nous, mais de plus, <span style=\"color: #800080;\"><em>quelque chose d\u2019autre commence \u00e0 se faire sentir en nous.<\/em><\/span><\/p>\n<p>&nbsp;<\/p>\n<p>&nbsp;<\/p>\n<p>&nbsp;<\/p>\n<p><img loading=\"lazy\" decoding=\"async\" class=\"alignleft wp-image-136\" src=\"http:\/\/www.theb4.fr\/vivre-livres\/wp-content\/uploads\/2013\/04\/dans-le-coeur.png\" alt=\"dans le coeur\" width=\"200\" height=\"258\" \/><span style=\"font-size: xx-large;\"><strong>L<\/strong><\/span>a sensation d&rsquo;<em>Une Pr\u00e9sence<\/em> apparait et semble grandir pour notre conscience.\u00a0Plus cette sensation de <em><strong>La Pr\u00e9sence<\/strong><\/em> grandit, moins l\u2019esprit remue et engendre des pens\u00e9es. Il ne s&rsquo;agit ici que de pr\u00e9senter <span style=\"text-decoration: underline;\"><em>les grandes lignes<\/em><\/span> d&rsquo;un savoir vieux de plusieurs milliers d&rsquo;ann\u00e9es et qui, jadis, n&rsquo;\u00e9tait r\u00e9serv\u00e9 qu&rsquo;\u00e0 une <em>\u00ab\u00a0\u00e9lite\u00a0\u00bb,<\/em> compos\u00e9e d&rsquo;initi\u00e9s qui, presque tous, appartenaient \u00e0 une quelconque <em>\u00ab\u00a0\u00c9cole de Myst\u00e8re\u00a0\u00bb<\/em> (ce que l&rsquo;on nomme de nos jours les <em>\u00ab\u00a0Ordres Initiatiques.\u00a0\u00bb<\/em>)<\/p>\n<p>&nbsp;<\/p>\n<p>&nbsp;<\/p>\n<p>&nbsp;<\/p>\n<p>&nbsp;<\/p>\n<p><span style=\"font-size: xx-large;\"><strong><img loading=\"lazy\" decoding=\"async\" class=\"alignleft size-full wp-image-798\" src=\"http:\/\/www.theb4.fr\/vivre-livres\/wp-content\/uploads\/2013\/06\/auras-doubles.jpg\" alt=\"auras-doubles\" width=\"203\" height=\"248\" \/>D<\/strong><\/span>\u00e9sormais, il nous est permis de faire conna\u00eetre ce savoir antique et m\u00eame de le diffuser \u00e0 une plus large \u00e9chelle. Toutefois, comme un tel exercice est puissant dans ses effets <em>psychiques<\/em> et mentaux et n&rsquo;est pas sans cons\u00e9quences sur la psychologie du comportement, du moins apr\u00e8s un certain temps de pratique assidue, il est <strong>vivement conseill\u00e9<\/strong> de suivre un professeur d&rsquo;\u00e9sot\u00e9risme qualifi\u00e9 pour ex\u00e9cuter cet exercice sous son contr\u00f4le bienveillant et, surtout, <em>avec sa pr\u00e9sence physique<\/em> et effective (pour des raisons que j&rsquo;expliquerai dans un autre article ou durant les commentaires qui suivront cet article de pr\u00e9sentation.) Si vous avez des questions, et j&rsquo;esp\u00e8re qu&rsquo;elles seront nombreuses vu le sujet, je suis \u00e0 votre disposition et ce, dans les limites raisonnables (et humaines ^^) de ma disponibilit\u00e9. Bien \u00e0 vous mes fid\u00e8les lecteurs ! \ud83d\ude42<\/p>\n<p>&nbsp;<\/p>\n<p>&nbsp;<\/p>\n<p>&nbsp;<\/p>\n<p>&nbsp;<\/p>\n<p><strong><em>Serge Baccino<br \/>\n<\/em><\/strong><\/p>\n<p><a href=\"http:\/\/creativecommons.org\/licenses\/by-nc-nd\/3.0\/deed.fr\" rel=\"license\"><img decoding=\"async\" style=\"border-width: 0;\" src=\"http:\/\/i.creativecommons.org\/l\/by-nc-nd\/3.0\/88x31.png\" alt=\"Licence Creative Commons\" \/><\/a><br \/>\n(Note : Sauf pour les images, trouv\u00e9es sur le Web et r\u00e9put\u00e9es libres et gratuites)<\/p>\n","protected":false},"excerpt":{"rendered":"<p>On dit de l\u2019esprit qu\u2019il est un bon serviteur mais un tr\u00e8s mauvais ma\u00eetre\u2026 Je me demande toutefois s\u2019il est un si bon serviteur que cela\u2026 Quand on sait que c\u2019est notre \u00e9tat d\u2019esprit qui d\u00e9termine l\u2019\u00e9tat\u00a0psychologique et physiologique dans lequel nous sommes, on est en droit de se demander si l\u2019esprit ne serait pas &hellip; <a href=\"https:\/\/www.theb4.fr\/vivre-livres\/un-serviteur-bien-espiegle\/\" class=\"more-link\">Continuer la lecture de <span class=\"screen-reader-text\">Un serviteur bien espi\u00e8gle !<\/span>  <span class=\"meta-nav\">&rarr;<\/span><\/a><\/p>\n","protected":false},"author":1,"featured_media":0,"comment_status":"open","ping_status":"open","sticky":false,"template":"","format":"standard","meta":{"footnotes":""},"categories":[3],"tags":[6259,6252,6244,1962,6225,1330,6220,4797,6269,6281,5440,6233,2858,822,3427,6158,6287,746,6253,6228,6234,6251,3753,4329,1139,143,6223,20,2809,3823,4022,6263,461,6272,1536,1498,26,6283,595,6267,2984,6243,3783,1048,3758,6254,6250,6271,6268,6215,6235,6213,1647,6278,6270,637,6292,3355,6280,6242,6265,2410,4649,4345,4909,6224,6221,1257,6214,3289,4612,6258,6246,6286,1025,5964,6199,5396,6293,6237,6239,817,6236,6229,774,6275,6256,6291,886,1283,6248,669,1332,3748,6217,58,2808,1469,623,6216,318,4444,6261,6257,816,6218,6279,534,983,519,6245,5182,6212,5239,6232,4231,3851,794,72,3246,6264,1873,146,6289,1986,614,6230,1331,3373,684,629,3746,6004,6276,2012,1787,734,6008,3249,1137,3801,6288,6249,6260,6226,6284,91,92,5481,836,6285,537,6238,6290,6262,6036,955,6240,6231,936,761,3723,1371,457,6277,6273,6157,5316,2301,801,2900,6227,6255,3232,4498,6247,6219,3948,738,6266,494,5251,6222,6211,6274,4285,6241,1105,6282,5029],"class_list":["post-796","post","type-post","status-publish","format-standard","hentry","category-artcl","tag-a-portee","tag-accapare","tag-accaparee","tag-actes","tag-adutes","tag-amour","tag-angle","tag-annees","tag-ascendant","tag-assidue","tag-astuce","tag-attendre","tag-attention","tag-attention-mentale","tag-autres","tag-betement","tag-bienveillant","tag-bonheur","tag-cabrioles","tag-cachemire","tag-calme","tag-calmer-lesprit","tag-canaux","tag-carrement","tag-centres-psychiques","tag-cerveau","tag-cesse","tag-chitta","tag-chitti","tag-chose","tag-choses","tag-circulation","tag-coeur","tag-commence","tag-concentrer","tag-connaitre","tag-consc","tag-conseille","tag-consequences","tag-considerablement","tag-controle","tag-corne-dabondance","tag-cote-gauche","tag-crane","tag-dans-le-coeur","tag-dans-notre-tete","tag-danse-du-ventre","tag-de-lesprit","tag-debit","tag-demander","tag-deplacer","tag-determine","tag-devoir","tag-diffuser","tag-diminue","tag-direction","tag-disponibilite","tag-disposition","tag-effets","tag-emplie","tag-en-fait","tag-en-verite","tag-energetiques","tag-enfant","tag-engendre","tag-ennuyer","tag-espiegle","tag-etat-desprit","tag-etat-psychologique","tag-eternelle","tag-evenements","tag-exactement","tag-exclusivement","tag-executer","tag-exercice","tag-exterieures","tag-faire-cesser","tag-fascine","tag-fideles","tag-focalisee","tag-focaliser","tag-formes-mentales","tag-generale","tag-grande-partie","tag-grandes-lignes","tag-grandir","tag-hemispheres-cerebraux","tag-humaines","tag-idees","tag-identifier","tag-impossible","tag-intelligent","tag-joie","tag-journee","tag-journellement","tag-krm","tag-karma-chitta","tag-ladulte","tag-lenergie","tag-lerreur","tag-lesprit","tag-limpression","tag-linteraction","tag-lenergie-vitale","tag-la-presence","tag-la-tete","tag-large-echelle","tag-lecteurs","tag-limites","tag-maitre","tag-mal-de-mer","tag-matures","tag-mauvais","tag-mentaux","tag-modifications-de-lesprit","tag-montrer","tag-monumentale","tag-mouvements","tag-mdleprt","tag-muscle-cardiaque","tag-nexiste-pas","tag-nadi","tag-nature","tag-nombreuses","tag-oeil","tag-oreilles","tag-originaire","tag-paix","tag-penetrant","tag-pensees","tag-penser","tag-pensons","tag-perception","tag-permis","tag-phenomene","tag-physiologique","tag-polariser","tag-possible","tag-prana","tag-pratique","tag-premier","tag-presence-physique","tag-preter","tag-preter-attention","tag-primitifs","tag-professeur-desoterisme","tag-psy-eso","tag-pschq","tag-psychologie-du-comportement","tag-puissant","tag-qualifie","tag-questions","tag-raconte","tag-raisonnables","tag-reduire","tag-reellement","tag-regle","tag-remue","tag-remuer","tag-responsabilite","tag-responsable","tag-sage","tag-sagesse","tag-sanskrit","tag-savoir-antique","tag-se-faire-sentir","tag-second","tag-seduire","tag-sensation","tag-serviteur","tag-shiva-sutra","tag-shivaisme","tag-siege","tag-simples","tag-sommet","tag-sons","tag-souffrance-morale","tag-suivre","tag-sujet","tag-sur-le-coeur","tag-temps","tag-textes","tag-turbulent","tag-un-serviteur-bien-espiegle","tag-une-presence","tag-uniquement","tag-varie","tag-veritable","tag-vivement","tag-vritti"],"_links":{"self":[{"href":"https:\/\/www.theb4.fr\/vivre-livres\/wp-json\/wp\/v2\/posts\/796","targetHints":{"allow":["GET"]}}],"collection":[{"href":"https:\/\/www.theb4.fr\/vivre-livres\/wp-json\/wp\/v2\/posts"}],"about":[{"href":"https:\/\/www.theb4.fr\/vivre-livres\/wp-json\/wp\/v2\/types\/post"}],"author":[{"embeddable":true,"href":"https:\/\/www.theb4.fr\/vivre-livres\/wp-json\/wp\/v2\/users\/1"}],"replies":[{"embeddable":true,"href":"https:\/\/www.theb4.fr\/vivre-livres\/wp-json\/wp\/v2\/comments?post=796"}],"version-history":[{"count":0,"href":"https:\/\/www.theb4.fr\/vivre-livres\/wp-json\/wp\/v2\/posts\/796\/revisions"}],"wp:attachment":[{"href":"https:\/\/www.theb4.fr\/vivre-livres\/wp-json\/wp\/v2\/media?parent=796"}],"wp:term":[{"taxonomy":"category","embeddable":true,"href":"https:\/\/www.theb4.fr\/vivre-livres\/wp-json\/wp\/v2\/categories?post=796"},{"taxonomy":"post_tag","embeddable":true,"href":"https:\/\/www.theb4.fr\/vivre-livres\/wp-json\/wp\/v2\/tags?post=796"}],"curies":[{"name":"wp","href":"https:\/\/api.w.org\/{rel}","templated":true}]}}