{"id":840,"date":"2013-06-26T00:47:32","date_gmt":"2013-06-25T23:47:32","guid":{"rendered":"http:\/\/www.theb4.fr\/vivre-livres\/?p=840"},"modified":"2020-07-21T14:25:16","modified_gmt":"2020-07-21T12:25:16","slug":"le-decalage-temporel-du-moi","status":"publish","type":"post","link":"https:\/\/www.theb4.fr\/vivre-livres\/le-decalage-temporel-du-moi\/","title":{"rendered":"Le d\u00e9calage temporel du moi"},"content":{"rendered":"<p><span style=\"font-size: xx-large;\"><strong><img loading=\"lazy\" decoding=\"async\" class=\"alignleft size-full wp-image-11314\" src=\"http:\/\/www.theb4.fr\/vivre-livres\/wp-content\/uploads\/2013\/06\/me\u0301moire2-1.jpg\" alt=\"\" width=\"249\" height=\"203\" \/>L<\/strong><\/span>a m\u00e9moire de nos cellules, c\u2019est-\u00e0-dire <strong><em>le subconscient<\/em><\/strong>, qui s\u2019appuie sur la membrane cytoplasmique pour \u00ab<em>incarner<\/em>\u00bb notre exp\u00e9rience vivante ou pour <em>somatiser notre v\u00e9cu<\/em>, raisonne par <strong>d\u00e9duction<\/strong> et <strong>association d\u2019id\u00e9es.<\/strong> Pour la subconscience, seul existe, comme temps, <em>le pr\u00e9sent.<\/em><br \/>\nDe fait, tout ce que le <em>\u00abmoi\u00bb<\/em> issu de la conscience objective peut affirmer au pass\u00e9 ou au futur, est n\u00e9cessairement <strong><em>en d\u00e9calage<\/em><\/strong> avec les informations contenues dans nos petites \u00ab annales akashiques \u00bb personnelles (les fameux engrammes cellulaires.)<\/p>\n<p>OK, mais quel int\u00e9r\u00eat, Docteur ? L\u2019int\u00e9r\u00eat est immense !<br \/>\nIl permet de savoir instantan\u00e9ment quels sont les probl\u00e8mes r\u00e9els d\u2019un individu, m\u00eame s\u2019il les ignore encore lui-m\u00eame !<\/p>\n<p>&nbsp;<\/p>\n<p>&nbsp;<\/p>\n<p>&nbsp;<\/p>\n<p><span style=\"font-size: xx-large;\"><strong><img loading=\"lazy\" decoding=\"async\" class=\"alignleft size-full wp-image-11315\" src=\"http:\/\/www.theb4.fr\/vivre-livres\/wp-content\/uploads\/2013\/06\/me\u0301moire6-1.jpg\" alt=\"\" width=\"269\" height=\"187\" \/>C<\/strong><\/span>omment cela ? Simplement en \u00e9coutant parler les gens. Celui qui dit, par exemple : \u00ab <em>J\u2019ai peur de ne pas \u00eatre libre<\/em>\u2026\u00bb vous r\u00e9v\u00e8le en fait ceci : \u00ab Je ne suis pas libre ! \u00bb Le vrai message vient des cellules mais <strong><em>le d\u00e9calage temporel<\/em><\/strong> entre ce qui est affirm\u00e9, au-dehors, et ce qui est engramm\u00e9, au dedans, provient d\u2019un r\u00e9flexe de n\u00e9gation de la v\u00e9rit\u00e9. Le <em>\u00ab moi \u00bb<\/em> a tr\u00e8s peur non pas d\u2019un danger ext\u00e9rieur et probable situ\u00e9 dans le futur, mais d\u2019un sentiment vivant et v\u00e9ritable qui se manifeste en lui. <strong><em>Qui se manifeste toujours au pr\u00e9sent.<\/em><\/strong><\/p>\n<p>Des questions ? Des commentaires ? C&rsquo;est le moment, je vous c\u00e8de le clavier ! Sur Facebook, de pr\u00e9f\u00e9rence, merci.<\/p>\n<p>&nbsp;<\/p>\n<p>&nbsp;<\/p>\n<p><strong><em>Serge Baccino<br \/>\n<\/em><\/strong><\/p>\n<p><a href=\"http:\/\/creativecommons.org\/licenses\/by-nc-nd\/3.0\/deed.fr\" rel=\"license\"><img decoding=\"async\" style=\"border-width: 0;\" src=\"http:\/\/i.creativecommons.org\/l\/by-nc-nd\/3.0\/88x31.png\" alt=\"Licence Creative Commons\" \/><\/a><br \/>\n(Note : Sauf pour les images, trouv\u00e9es sur le Web et r\u00e9put\u00e9es libres et gratuites)<\/p>\n","protected":false},"excerpt":{"rendered":"<p>La m\u00e9moire de nos cellules, c\u2019est-\u00e0-dire le subconscient, qui s\u2019appuie sur la membrane cytoplasmique pour \u00abincarner\u00bb notre exp\u00e9rience vivante ou pour somatiser notre v\u00e9cu, raisonne par d\u00e9duction et association d\u2019id\u00e9es. Pour la subconscience, seul existe, comme temps, le pr\u00e9sent. De fait, tout ce que le \u00abmoi\u00bb issu de la conscience objective peut affirmer au pass\u00e9 &hellip; <a href=\"https:\/\/www.theb4.fr\/vivre-livres\/le-decalage-temporel-du-moi\/\" class=\"more-link\">Continuer la lecture de <span class=\"screen-reader-text\">Le d\u00e9calage temporel du moi<\/span>  <span class=\"meta-nav\">&rarr;<\/span><\/a><\/p>\n","protected":false},"author":1,"featured_media":0,"comment_status":"open","ping_status":"open","sticky":false,"template":"","format":"standard","meta":{"footnotes":""},"categories":[2917],"tags":[6628,3281,1771,1516,2346,6630,970,2994,22,27,6625,1515,5895,6629,6626,989,902,2077,2600,6627,5736,6624,6621,2737,1349,1231,6622,1110,2936,1909,1901,687,537,6623,2231,1907,4576,781,6327,1393,494,1959,1105,116,924],"class_list":["post-840","post","type-post","status-publish","format-standard","hentry","category-les-breves-de-la-psy-eso","tag-affirme","tag-affirmer","tag-annales-akashiques","tag-association-didees","tag-au-present","tag-cede","tag-cellules","tag-clavier","tag-commentaires","tag-consc-object","tag-decalage","tag-deduction","tag-docteur","tag-engramme","tag-engrammes-cellulaires","tag-etre","tag-futur","tag-incarner","tag-informations","tag-instantanement","tag-interet","tag-la-subconscience","tag-le-decalage-temporel-du-moi","tag-le-moi","tag-le-present","tag-libre","tag-membrane-cytoplasmique","tag-memoire","tag-message","tag-negation","tag-passe","tag-peur","tag-questions","tag-raisonne","tag-raisonnement","tag-reflexe","tag-se-manifeste","tag-sentiment","tag-somatiser","tag-subconscient","tag-temps","tag-vecu","tag-veritable","tag-vrt","tag-vivant"],"_links":{"self":[{"href":"https:\/\/www.theb4.fr\/vivre-livres\/wp-json\/wp\/v2\/posts\/840","targetHints":{"allow":["GET"]}}],"collection":[{"href":"https:\/\/www.theb4.fr\/vivre-livres\/wp-json\/wp\/v2\/posts"}],"about":[{"href":"https:\/\/www.theb4.fr\/vivre-livres\/wp-json\/wp\/v2\/types\/post"}],"author":[{"embeddable":true,"href":"https:\/\/www.theb4.fr\/vivre-livres\/wp-json\/wp\/v2\/users\/1"}],"replies":[{"embeddable":true,"href":"https:\/\/www.theb4.fr\/vivre-livres\/wp-json\/wp\/v2\/comments?post=840"}],"version-history":[{"count":0,"href":"https:\/\/www.theb4.fr\/vivre-livres\/wp-json\/wp\/v2\/posts\/840\/revisions"}],"wp:attachment":[{"href":"https:\/\/www.theb4.fr\/vivre-livres\/wp-json\/wp\/v2\/media?parent=840"}],"wp:term":[{"taxonomy":"category","embeddable":true,"href":"https:\/\/www.theb4.fr\/vivre-livres\/wp-json\/wp\/v2\/categories?post=840"},{"taxonomy":"post_tag","embeddable":true,"href":"https:\/\/www.theb4.fr\/vivre-livres\/wp-json\/wp\/v2\/tags?post=840"}],"curies":[{"name":"wp","href":"https:\/\/api.w.org\/{rel}","templated":true}]}}