{"id":936,"date":"2013-06-28T00:28:43","date_gmt":"2013-06-27T23:28:43","guid":{"rendered":"http:\/\/www.theb4.fr\/vivre-livres\/?p=936"},"modified":"2021-07-08T02:15:43","modified_gmt":"2021-07-08T00:15:43","slug":"le-monde-dans-un-regard","status":"publish","type":"post","link":"https:\/\/www.theb4.fr\/vivre-livres\/le-monde-dans-un-regard\/","title":{"rendered":"Le monde dans un regard"},"content":{"rendered":"<p>&nbsp;<\/p>\n<p><span style=\"font-size: xx-large;\"><strong><img loading=\"lazy\" decoding=\"async\" class=\"alignleft wp-image-937\" src=\"http:\/\/www.theb4.fr\/vivre-livres\/wp-content\/uploads\/2013\/06\/changer-transformer6.jpg\" alt=\"changer-transformer6\" width=\"199\" height=\"166\" \/>Q<\/strong><\/span>ui n&rsquo;a pas r\u00eav\u00e9 de changer le monde ? Qui n&rsquo;a pas refait ce m\u00eame monde dans un bar ou un pub, entre deux tasses de caf\u00e9 br\u00fblant et trop cors\u00e9 et un croissant de la veille ?<\/p>\n<p><span style=\"color: #800080;\">\u00ab <em>Dis, Monsieur, c&rsquo;est quoi, le monde ?<\/em> \u00bb<\/span><\/p>\n<p><span style=\"color: #800080;\">Le monde ? Mais <strong><em>c&rsquo;est<\/em> <em>ton Regard !<\/em><\/strong><\/span><\/p>\n<p>Les choses que nous voyons sont-elles exactement telles que nous les voyons ? Et que voyons-nous, au juste ? Ce qui est derri\u00e8re nos yeux ou ce qui se passe en v\u00e9rit\u00e9 sous notre nez ?<\/p>\n<p>Les Grands Sages des si\u00e8cles pass\u00e9s ont tent\u00e9 d&rsquo;expliquer ce qu&rsquo;ils jugeaient eux-m\u00eames comme \u00e9tant inexprimable avec des mots (ils avaient donc un sens de l&rsquo;humour assez pouss\u00e9.) Ils ont propos\u00e9 comme mat\u00e9riel de m\u00e9ditation, des sentences du genre de celles-ci :<\/p>\n<p>&nbsp;<\/p>\n<p><span style=\"color: #0000ff;\">\u00a0\u00bb <span style=\"font-family: comic sans ms,sans-serif;\"><em>Le Monde est en vous; ce que vous voyez n&rsquo;est pas au-dehors mais en vous-m\u00eames, c&rsquo;est l&rsquo;esprit qui est le Projecteur et c&rsquo;est votre conscience qui est l&rsquo;unique spectateur <\/em><\/span>\u00ab\u00a0<\/span><\/p>\n<p>&nbsp;<\/p>\n<p>&nbsp;<\/p>\n<p>&nbsp;<\/p>\n<p><span style=\"font-size: xx-large;\"><strong><img loading=\"lazy\" decoding=\"async\" class=\"alignleft size-full wp-image-938\" src=\"http:\/\/www.theb4.fr\/vivre-livres\/wp-content\/uploads\/2013\/06\/illusion.jpg\" alt=\"illusion\" width=\"288\" height=\"310\" \/>B<\/strong><\/span>ien que cet \u00e9nonc\u00e9 soit exact d&rsquo;un point de vue spirituel (relatif aux lois du fonctionnement de l&rsquo;esprit, donc), il peut pr\u00eater \u00e0 confusion et, de fait, il a induit en erreur des g\u00e9n\u00e9rations de chercheurs&#8230; Ah bon ?<\/p>\n<p>Ouep ! (Je sais aussi faire sobre dans mes r\u00e9ponses.) Pr\u00e9sent\u00e9e ainsi, et m\u00eame une fois traduite en langue moderne (ce que j&rsquo;ai fais pour vous avec l&rsquo;\u00e9nonc\u00e9 originel et traduit du Sanskrit), il peut sembler que le monde que nous voyons ou que nous \u00a0\u00bb <em>croyons<\/em> \u00a0\u00bb voir au-dehors, est illusoire du fait qu&rsquo;il n&rsquo;existe pas mais qu&rsquo;il est cr\u00e9\u00e9 par nous ! En clair, cela signifierait que rien de ce que nous voyons n&rsquo;existe et que nous sommes le jouet permanent de notre ignorance et\/ou de notre folie !<br \/>\nAlors qu&rsquo;en fait, cela devrait se traduire et se comprendre ainsi :<\/p>\n<p>&nbsp;<\/p>\n<p><span style=\"color: #ff6600;\"><strong><em>\u00a0\u00bb l&rsquo;illusion n&rsquo;est PAS dans ce qui est vu, mais dans la croyance en le fait que ce qui est vu se trouve au-dehors et existe ind\u00e9pendamment de notre conscience \u00ab\u00a0<\/em><\/strong><\/span><\/p>\n<p>&nbsp;<\/p>\n<p>&nbsp;<\/p>\n<p>&nbsp;<\/p>\n<p><span style=\"font-size: xx-large;\"><strong><img loading=\"lazy\" decoding=\"async\" class=\"alignleft wp-image-939\" src=\"http:\/\/www.theb4.fr\/vivre-livres\/wp-content\/uploads\/2013\/06\/subconscient4.jpg\" alt=\"subconscient4\" width=\"287\" height=\"190\" srcset=\"https:\/\/www.theb4.fr\/vivre-livres\/wp-content\/uploads\/2013\/06\/subconscient4.jpg 275w, https:\/\/www.theb4.fr\/vivre-livres\/wp-content\/uploads\/2013\/06\/subconscient4-150x100.jpg 150w\" sizes=\"auto, (max-width: 287px) 100vw, 287px\" \/>P<\/strong><span style=\"font-size: medium;\">ercevez-vous\u00a0<\/span><\/span> la nuance, malgr\u00e9 sa subtilit\u00e9 ? Vous ne r\u00eavez pas le monde; ce que vous voyez n&rsquo;est pas \u00a0\u00bb <em>invent\u00e9 <\/em>\u00a0\u00bb par votre cerveau enfi\u00e9vr\u00e9, MAIS ce que vous voyez ne se trouve pas \u00ab\u00a0<em>dehors<\/em>\u00a0\u00bb mais bien <strong><em>dans votre conscience<\/em><\/strong> (et non pas <em>\u00a0\u00bb dans votre t\u00eate \u00ab\u00a0<\/em> !)<\/p>\n<p>De fait, et en me permettant d&rsquo;extrapoler un brin, <span style=\"color: #800080;\"><em>l&rsquo;id\u00e9e que tout le monde projette sur autrui et que ce qui est vu et attribu\u00e9 aux autres n&rsquo;existe en fait que \u00a0\u00bb dans notre t\u00eate \u00a0\u00bb n&rsquo;est pas une v\u00e9rit\u00e9 mais une DEMI V\u00c9RIT\u00c9 !<\/em><\/span><\/p>\n<p>&nbsp;<\/p>\n<p>&nbsp;<\/p>\n<p>&nbsp;<\/p>\n<p><img loading=\"lazy\" decoding=\"async\" class=\"alignleft size-thumbnail wp-image-7082\" src=\"http:\/\/www.theb4.fr\/vivre-livres\/wp-content\/uploads\/2013\/06\/te\u0302te-lumie\u0300re-1-177x141.jpg\" alt=\"\" width=\"177\" height=\"141\" \/><span style=\"font-size: xx-large;\"><strong>A<\/strong><\/span>\u00efe, \u00e7a se complique, penseront certains qui ne sont pas des familiers des apparents paradoxes de la <strong><em>psychologie \u00e9sot\u00e9rique<\/em><\/strong> (paradoxes qui peuvent \u00eatre concili\u00e9s par une vision d\u00e9programm\u00e9e et non dualiste) Mais r\u00e9fl\u00e9chissons un instant.<\/p>\n<p>S&rsquo;il \u00e9tait vrai que lorsque nous croyons voir un d\u00e9faut chez autrui, ce m\u00eame d\u00e9faut se trouve n\u00e9cessairement en nous, (puisque l&rsquo;homme se bornerait, en fait, \u00e0 projeter son propre paysage int\u00e9rieur sur le monde et les autres) alors <span style=\"color: #0000ff;\"><em>les Grands Ma\u00eetres, qui ont enseign\u00e9 les hommes et qui d\u00e9non\u00e7aient parfois certaines aberrations mentales, \u00e9taient encore plus cons que leurs disciples et ne connaissaient rien aux lois et aux principes du fonctionnement de l&rsquo;esprit !<\/em> <\/span>Marrant non ?<\/p>\n<p>Certes\u2026 Mais <em>tr\u00e8s instructif<\/em> aussi, permettez-moi de vous le certifier ici !<\/p>\n<p>&nbsp;<\/p>\n<p>&nbsp;<\/p>\n<p>&nbsp;<\/p>\n<p><span style=\"font-size: xx-large;\"><strong><img loading=\"lazy\" decoding=\"async\" class=\"alignleft wp-image-941\" src=\"http:\/\/www.theb4.fr\/vivre-livres\/wp-content\/uploads\/2013\/06\/babaji.jpg\" alt=\"babaji\" width=\"243\" height=\"283\" \/>I<\/strong><\/span>nstructif, car nous imaginons bien que les Grands Ma\u00eetres ne projetaient rien du tout et percevaient r\u00e9ellement les travers les plus importants de leurs disciples. Alors quoi ? Si la pr\u00e9misse est exacte, s&rsquo;il est bien possible de percevoir l&rsquo;actualit\u00e9 (ce qui se passe en fait) et non pas seulement de tourner en boucle sur notre <em>r\u00e9alit\u00e9 intime<\/em>, alors il existerait bien <strong><em>un Regard d\u00e9passionn\u00e9 et objectif<\/em><\/strong> que certains individus pourraient poser sur le monde et sur les \u00eatres qui le composent&#8230; Qui le composent non pas \u00a0\u00bb <em>au-dehors <\/em>\u00ab\u00a0, mais au v\u00e9ritable \u00a0\u00bb <em>endroit <\/em>\u00a0\u00bb o\u00f9 se trouve ce m\u00eame monde et ces m\u00eames \u00eatres&#8230;<\/p>\n<p>Mais o\u00f9 se situerait un tel monde, me demanderez-vous ?<\/p>\n<p>&nbsp;<\/p>\n<p>__<\/p>\n<p>&nbsp;<\/p>\n<p>&nbsp;<\/p>\n<p><span style=\"font-size: xx-large;\"><strong><img loading=\"lazy\" decoding=\"async\" class=\"alignleft wp-image-942\" src=\"http:\/\/www.theb4.fr\/vivre-livres\/wp-content\/uploads\/2013\/06\/illusion1.jpg\" alt=\"illusion\" width=\"254\" height=\"273\" \/>C<\/strong><\/span>e n&rsquo;est pas la mati\u00e8re qui est illusoire puisque nous pouvons la prendre en pleine gueule et juger de sa masse !<\/p>\n<p>Ce qui est illusoire, c&rsquo;est de <span style=\"color: #800080;\"><strong><em>croire que la mati\u00e8re est vraiment telle que la per\u00e7oivent nos sens ! <\/em><\/strong><\/span>Puisque notre corps de chair vibre \u00e0 la m\u00eame fr\u00e9quence que le monde dans lequel il vit, pour lui, l&rsquo;environnement existe vraiment et il peut \u00eatre touch\u00e9 ! (Il n&rsquo;existe pas de diff\u00e9rence de niveau vibratoire entre nos sens et notre perception du Monde, ce qui ne nous permet pas d\u2019inter-p\u00e9n\u00e9trer la mati\u00e8re.)<\/p>\n<p>&nbsp;<\/p>\n<p>&nbsp;<\/p>\n<p>&nbsp;<\/p>\n<p><img loading=\"lazy\" decoding=\"async\" class=\"alignleft wp-image-943\" src=\"http:\/\/www.theb4.fr\/vivre-livres\/wp-content\/uploads\/2013\/06\/vibration2.jpg\" alt=\"vibration2\" width=\"284\" height=\"215\" \/><span style=\"font-size: xx-large;\"><strong>M<\/strong><\/span>ais si nous sortons de ce corps, de <strong><em>cet \u00a0\u00bb \u00e9tat de l&rsquo;esprit \u00ab\u00a0<\/em><\/strong> <strong><em>avec lequel nous faisons corps<\/em><\/strong>, alors nous r\u00e9alisons que la vie, ce n&rsquo;est pas <em>\u00a0\u00bb que \u00e7a \u00ab\u00a0<\/em> et qu&rsquo;il existe d&rsquo;autres niveaux d&rsquo;existence o\u00f9 \u00a0\u00bb <em>la mati\u00e8re <\/em>\u00a0\u00bb est per\u00e7ue par nos sens comme \u00e9tant <em>moins dense<\/em>, plus mall\u00e9able, et s&rsquo;adapte \u00e0 merveille avec chacun de nos diff\u00e9rents \u00a0\u00bb <em>corps d&rsquo;expression <\/em>\u00a0\u00bb (nous en avons au moins sept.)<\/p>\n<p>&nbsp;<\/p>\n<p>&nbsp;<\/p>\n<p>&nbsp;<\/p>\n<p>&nbsp;<\/p>\n<p>&nbsp;<\/p>\n<p><span style=\"font-size: xx-large;\"><strong><img loading=\"lazy\" decoding=\"async\" class=\"alignleft wp-image-944\" src=\"http:\/\/www.theb4.fr\/vivre-livres\/wp-content\/uploads\/2013\/06\/Shiva.jpg\" alt=\"Shiva\" width=\"281\" height=\"278\" \/>C<\/strong><\/span>&lsquo;est \u00e0 cause de toutes ces conneries qu&rsquo;ont lanc\u00e9s les orientalistes que les gens se demandent ce qu&rsquo;ils pouvaient bien fumer comme marque de tapis !<\/p>\n<p>Et ils ont raison de se le demander. Les traductions sont g\u00e9n\u00e9ralement d\u00e9plorables, car il ne suffit pas de ma\u00eetriser une langue \u00e9trang\u00e8re pour en comprendre et p\u00e9n\u00e9trer l&rsquo;esprit. Celles et ceux eux qui ont la possibilit\u00e9 de percevoir certaines choses, r\u00e9alisent que la fameuse <em>mati\u00e8re<\/em>, m\u00eame dense, est faite d&rsquo;\u00e9nergie, de particules de Lumi\u00e8re qui virevoltent joyeusement sur elles-m\u00eames et qui <em>chantent<\/em> la vie ! (allusion au son que produisent les vibrations de l&rsquo;esprit qui forme la mati\u00e8re, \u00e0 l&rsquo;oreille interne exerc\u00e9e d&rsquo;un psychiste.)<\/p>\n<p>&nbsp;<\/p>\n<p>&nbsp;<\/p>\n<p>&nbsp;<\/p>\n<p>&nbsp;<\/p>\n<p><span style=\"font-size: xx-large;\"><strong><img loading=\"lazy\" decoding=\"async\" class=\"alignleft wp-image-945\" src=\"http:\/\/www.theb4.fr\/vivre-livres\/wp-content\/uploads\/2013\/06\/vibrations3.jpg\" alt=\"vibrations3\" width=\"267\" height=\"243\" \/>M<\/strong><\/span>ais comme elles vibrent TR\u00c8S BAS, en comparaison de ce qu&rsquo;elles peuvent vibrer, les formes mentales qu&rsquo;elles produisent <span style=\"text-decoration: underline;\">sont per\u00e7ues<\/span> comme \u00e9tant solides (ou grossi\u00e8res), et elles le sont effectivement <strong><em>POUR nos sens objectifs<\/em><\/strong>, pour notre cerveau et pour l&rsquo;ensemble de nos cellules. A d&rsquo;autres niveaux, en particulier quand nous ne sommes pas incarn\u00e9s, cette m\u00eame <em>mati\u00e8re<\/em> et si \u00a0\u00bb <em>\u00e9th\u00e9ris\u00e9e <\/em>\u00a0\u00bb qu&rsquo;elle ressemble plus \u00e0 des images mentales solidifi\u00e9es qu&rsquo;\u00e0 des formes concr\u00e8tes ayant une masse et un poids.<\/p>\n<p>&nbsp;<\/p>\n<p>&nbsp;<\/p>\n<p>&nbsp;<\/p>\n<p><span style=\"font-size: xx-large;\"><strong><img loading=\"lazy\" decoding=\"async\" class=\"alignleft wp-image-7084\" src=\"http:\/\/www.theb4.fr\/vivre-livres\/wp-content\/uploads\/2013\/06\/de\u0301doublement-00-1-250x141.jpg\" alt=\"\" width=\"268\" height=\"151\" \/>P<\/strong><\/span>ar exemple, en d\u00e9doublement, nous pouvons passer au travers d&rsquo;un mur qui demeurera \u00a0\u00bb <em>solide<\/em> \u00a0\u00bb pour ceux qui sont encore dans un corps de chair. J&rsquo;ai fais cela plusieurs fois, avec toujours autant d&rsquo;inqui\u00e9tude \u00e0 l&rsquo;id\u00e9e de me fracasser le museau contre le dit mur ! Les r\u00e9flexes physiologiques ont la peau dure !<\/p>\n<p>&nbsp;<\/p>\n<p>&nbsp;<\/p>\n<p>&nbsp;<\/p>\n<p>&nbsp;<\/p>\n<p><span style=\"font-size: xx-large;\"><strong><img loading=\"lazy\" decoding=\"async\" class=\"alignleft wp-image-63\" src=\"http:\/\/www.theb4.fr\/vivre-livres\/wp-content\/uploads\/2013\/03\/lni-cover-medium-212x300.jpg\" alt=\"lni-cover-medium\" width=\"184\" height=\"261\" srcset=\"https:\/\/www.theb4.fr\/vivre-livres\/wp-content\/uploads\/2013\/03\/lni-cover-medium-212x300.jpg 212w, https:\/\/www.theb4.fr\/vivre-livres\/wp-content\/uploads\/2013\/03\/lni-cover-medium.jpg 400w\" sizes=\"auto, (max-width: 184px) 100vw, 184px\" \/>I<\/strong><\/span>l est toujours pr\u00e9f\u00e9rable que l&rsquo;exp\u00e9rimentation directe accompagne ou suivent de pr\u00e8s l&rsquo;\u00e9tude et la compr\u00e9hension purement intellectuelle d&rsquo;un sujet m\u00e9taphysique. S&rsquo;il venait avant, il pourrait fausser ensuite le jugement et donc, rendre plus difficile l&rsquo;apprentissage.<\/p>\n<p>Pour terminer, sachez que <span style=\"color: #0000ff;\"><em>ce n&rsquo;est pas la connaissance \u00e9sot\u00e9rique, qui manque de clart\u00e9, c&rsquo;est le d\u00e9sir d&rsquo;apprendre vraiment de l&rsquo;homme, qui manque de force !<\/em><\/span><\/p>\n<p>&nbsp;<\/p>\n<p>&nbsp;<\/p>\n<p>&nbsp;<\/p>\n<p>&nbsp;<\/p>\n<p><span style=\"font-size: xx-large;\"><strong><a href=\"http:\/\/www.theb4.fr\/vivre-livres\/wp-content\/uploads\/2013\/06\/Wiki.png\"><img loading=\"lazy\" decoding=\"async\" class=\"alignleft wp-image-947\" src=\"http:\/\/www.theb4.fr\/vivre-livres\/wp-content\/uploads\/2013\/06\/Wiki.png\" alt=\"Wiki\" width=\"154\" height=\"177\" \/><\/a><\/strong><\/span><\/p>\n<p>&nbsp;<\/p>\n<p><span style=\"font-size: xx-large;\"><strong>M<\/strong><\/span>ais bon, allez, cela, m\u00eame si vous ne l&rsquo;acceptez pas compl\u00e8tement, et c&rsquo;est bien humain en plus d&rsquo;\u00eatre compr\u00e9hensible, vous le savez tout de m\u00eame et c&rsquo;est l\u00e0 l&rsquo;essentiel pour que vous puissiez tous, un jour, conna\u00eetre et exp\u00e9rimenter en m\u00eame temps. Car l\u00e0 est le v\u00e9ritable <em>\u00e9sot\u00e9risme des Origines<\/em>, celui qui existait encore il y a quelques six mille ans, avant que de (trop) nombreuses traditions humaines viennent \u00e0 en ternir l&rsquo;\u00e9clat.<\/p>\n<p>&nbsp;<\/p>\n<p>&nbsp;<\/p>\n<p>&nbsp;<\/p>\n<p><strong><em>Serge Baccino<br \/>\n<\/em><\/strong><\/p>\n<p><a href=\"http:\/\/creativecommons.org\/licenses\/by-nc-nd\/3.0\/deed.fr\" rel=\"license\"><img decoding=\"async\" style=\"border-width: 0;\" src=\"http:\/\/i.creativecommons.org\/l\/by-nc-nd\/3.0\/88x31.png\" alt=\"Licence Creative Commons\" \/><\/a><br \/>\n(Note : Sauf pour les images, trouv\u00e9es sur le Web et r\u00e9put\u00e9es libres et gratuites)<\/p>\n","protected":false},"excerpt":{"rendered":"<p>&nbsp; Qui n&rsquo;a pas r\u00eav\u00e9 de changer le monde ? Qui n&rsquo;a pas refait ce m\u00eame monde dans un bar ou un pub, entre deux tasses de caf\u00e9 br\u00fblant et trop cors\u00e9 et un croissant de la veille ? \u00ab Dis, Monsieur, c&rsquo;est quoi, le monde ? \u00bb Le monde ? Mais c&rsquo;est ton Regard &hellip; <a href=\"https:\/\/www.theb4.fr\/vivre-livres\/le-monde-dans-un-regard\/\" class=\"more-link\">Continuer la lecture de <span class=\"screen-reader-text\">Le monde dans un regard<\/span>  <span class=\"meta-nav\">&rarr;<\/span><\/a><\/p>\n","protected":false},"author":1,"featured_media":0,"comment_status":"closed","ping_status":"closed","sticky":false,"template":"","format":"standard","meta":{"footnotes":""},"categories":[3],"tags":[7028,7070,5002,477,7019,2197,1276,7030,143,7006,7013,3906,7054,7078,7021,7079,7024,2701,5711,26,7047,1354,1341,7063,1517,7020,7043,7037,3715,7025,7007,7077,3635,3708,191,1076,6013,6423,7080,7040,7058,7034,2767,7018,7022,7075,7015,144,2001,702,7061,7066,205,1561,2142,3227,7008,7056,52,3233,783,7060,7032,220,6030,3970,7009,7065,7029,7039,5102,7050,1248,1537,4484,318,1479,7071,7069,1062,7052,7011,224,7072,7076,7068,7033,3023,7014,2788,2542,7005,7010,1580,2341,7044,4314,6368,7062,3802,7046,7074,2013,7064,2644,7042,7026,7057,3782,7041,1977,5033,639,7023,1632,3963,6050,7027,3804,4860,3849,4317,4473,4081,1704,1820,6658,7053,93,7073,6036,7067,2915,7012,1126,7059,1118,7045,457,7017,1112,7048,7035,7081,1780,7055,7051,1040,3329,738,2646,6772,7083,1042,7038,7036,7082,113,5019,7049,7031,1105,116,883,1154,7016],"class_list":["post-936","post","type-post","status-publish","format-standard","hentry","category-artcl","tag-aberrations-mentales","tag-accompagne","tag-allusion","tag-apprentissage","tag-attribue","tag-au-dehors","tag-autrui","tag-certifier","tag-cerveau","tag-changer-le-monde","tag-chercheurs","tag-clarte","tag-comparaison","tag-completement","tag-complique","tag-comprehensible","tag-concilies","tag-confusion","tag-conneries","tag-consc","tag-corps-dexpression","tag-corps-de-chair","tag-croyance","tag-dedoublement","tag-defaut","tag-demi-verite","tag-dense","tag-depassionne","tag-deplorable","tag-deprogrammee","tag-derriere-nos-yeux","tag-desir-dapprendre","tag-difficile","tag-directe","tag-disciples","tag-energie","tag-enonce","tag-enseigne","tag-esoterisme-des-origines","tag-etat-de-lesprit","tag-etherisee","tag-exacte","tag-existe","tag-extrapoler","tag-familiers","tag-fausser","tag-folie","tag-fonctionnement","tag-force","tag-formes","tag-formes-concretes","tag-fracasser","tag-frequence","tag-fumer","tag-generations","tag-grands-maitres","tag-grands-sages","tag-grossieres","tag-hmr","tag-ignorance","tag-illusoire","tag-images-mentales","tag-importants","tag-incarnes","tag-independamment","tag-induit","tag-inexprimable","tag-inquietude","tag-instructif","tag-inter-penetrer-la-matiere","tag-invente","tag-joyeusement","tag-jugement","tag-lactualite","tag-lenvironnement","tag-lesprit","tag-lessentiel","tag-letude","tag-lexperimentation","tag-lidee","tag-loreille-interne","tag-lunique-spectateur","tag-lhomme","tag-la-comprehension","tag-la-connaissance-esoterique","tag-la-peau-dure","tag-la-premisse","tag-langue","tag-langue-moderne","tag-le-jouet","tag-le-monde","tag-le-monde-dans-un-regard","tag-le-projecteur","tag-lois","tag-maitriser","tag-malleable","tag-manque","tag-marrant","tag-masse","tag-matiere","tag-merveille","tag-metaphysique","tag-mots","tag-mur","tag-museau","tag-niveaux-dexistence","tag-non-dualiste","tag-nos-cellules","tag-nos-sens","tag-nous-faisons-corps","tag-objectif","tag-orientalistes","tag-originel","tag-paradoxes","tag-particules-de-lumiere","tag-particulier","tag-passer","tag-paysage-interieur","tag-percevoir","tag-poids","tag-poser","tag-possibilite","tag-preferable","tag-prendre","tag-principes","tag-projeter","tag-projette","tag-psychiste","tag-ps-es","tag-purement-intellectuelle","tag-reellement","tag-reflexes-physiologiques","tag-regard","tag-relatif","tag-reponses","tag-ressemble","tag-rever","tag-sadapte","tag-sanskrit","tag-se-trouve","tag-sens-objectifs","tag-sept","tag-seulement","tag-six-mille-ans","tag-sobre","tag-solides","tag-son","tag-spirituel","tag-subtilite","tag-sujet","tag-tapis","tag-terminer","tag-ternir-leclat","tag-tete","tag-touche","tag-tourner-en-boucle","tag-traditions-humaines","tag-trdt","tag-traduite","tag-trauctions","tag-travers","tag-veritable","tag-vrt","tag-vibrations","tag-vibre","tag-vu"],"_links":{"self":[{"href":"https:\/\/www.theb4.fr\/vivre-livres\/wp-json\/wp\/v2\/posts\/936","targetHints":{"allow":["GET"]}}],"collection":[{"href":"https:\/\/www.theb4.fr\/vivre-livres\/wp-json\/wp\/v2\/posts"}],"about":[{"href":"https:\/\/www.theb4.fr\/vivre-livres\/wp-json\/wp\/v2\/types\/post"}],"author":[{"embeddable":true,"href":"https:\/\/www.theb4.fr\/vivre-livres\/wp-json\/wp\/v2\/users\/1"}],"replies":[{"embeddable":true,"href":"https:\/\/www.theb4.fr\/vivre-livres\/wp-json\/wp\/v2\/comments?post=936"}],"version-history":[{"count":0,"href":"https:\/\/www.theb4.fr\/vivre-livres\/wp-json\/wp\/v2\/posts\/936\/revisions"}],"wp:attachment":[{"href":"https:\/\/www.theb4.fr\/vivre-livres\/wp-json\/wp\/v2\/media?parent=936"}],"wp:term":[{"taxonomy":"category","embeddable":true,"href":"https:\/\/www.theb4.fr\/vivre-livres\/wp-json\/wp\/v2\/categories?post=936"},{"taxonomy":"post_tag","embeddable":true,"href":"https:\/\/www.theb4.fr\/vivre-livres\/wp-json\/wp\/v2\/tags?post=936"}],"curies":[{"name":"wp","href":"https:\/\/api.w.org\/{rel}","templated":true}]}}