{"id":969,"date":"2013-07-01T08:54:31","date_gmt":"2013-07-01T07:54:31","guid":{"rendered":"http:\/\/www.theb4.fr\/vivre-livres\/?p=969"},"modified":"2020-08-10T00:17:03","modified_gmt":"2020-08-09T22:17:03","slug":"qui-suis-je","status":"publish","type":"post","link":"https:\/\/www.theb4.fr\/vivre-livres\/qui-suis-je\/","title":{"rendered":"Qui suis-je ?"},"content":{"rendered":"<p><span style=\"font-size: xx-large;\"><strong><img loading=\"lazy\" decoding=\"async\" class=\"alignleft wp-image-7193 size-full\" src=\"http:\/\/www.theb4.fr\/vivre-livres\/wp-content\/uploads\/2013\/07\/Cre\u0301ation.jpg\" alt=\"\" width=\"245\" height=\"206\" \/>S<\/strong><\/span>elon les psychologues \u00e9sot\u00e9ristes, <span style=\"color: #0000ff;\">\u00ab<em>Seul existe l\u2019esprit et l\u2019esprit est Dieu.<\/em>\u00bb<\/span><br \/>\nIls pr\u00e9tendent aussi : <span style=\"color: #800080;\">\u00ab <em>Il n\u2019y a qu\u2019une seule conscience partag\u00e9e simultan\u00e9ment par tous les corps. <\/em>\u00bb<\/span> Enfin, ils enfoncent carr\u00e9ment le clou en affirmant que <span style=\"color: #800080;\">\u00ab <em>L\u2019esprit est ce qui est \u00e0 la base de toute la cr\u00e9ation, visible et invisible. <\/em>\u00bb<\/span> Certains diraient : <em>\u00ab Oui, bon, OK, et alors ? Nous avons d\u00e9j\u00e0 entendu ou lu ces choses, il n&rsquo;y a pas de quoi se mettre la queue en tire-bouchon ! \u00bb<\/em><\/p>\n<p>&nbsp;<\/p>\n<p>&nbsp;<\/p>\n<p>&nbsp;<\/p>\n<p><img loading=\"lazy\" decoding=\"async\" class=\"alignleft wp-image-971\" src=\"http:\/\/www.theb4.fr\/vivre-livres\/wp-content\/uploads\/2013\/06\/Siddha.jpg\" alt=\"Siddha\" width=\"197\" height=\"258\" \/><span style=\"font-size: xx-large;\"><strong>E<\/strong><\/span>n effet, ces choses l\u00e0 ne sont pas nouvelles puisque elles \u00e9taient d\u00e9j\u00e0 connues et enseign\u00e9es voici <strong><em>six mille ans<\/em><\/strong> en arri\u00e8re.<\/p>\n<p>Mais est-ce \u00e0 dire pour autant que ces choses l\u00e0 soient vraiment <em>comprises et int\u00e9gr\u00e9es ?<\/em> Qui r\u00e9alise vraiment tout ce que ces trois phrases impliquent ?<\/p>\n<p>&nbsp;<\/p>\n<p>&nbsp;<\/p>\n<p>&nbsp;<\/p>\n<p>&nbsp;<\/p>\n<p>&nbsp;<\/p>\n<p>&nbsp;<\/p>\n<p><span style=\"font-size: xx-large;\"><strong><img loading=\"lazy\" decoding=\"async\" class=\"alignleft  wp-image-972\" src=\"http:\/\/www.theb4.fr\/vivre-livres\/wp-content\/uploads\/2013\/06\/esprit.jpg\" alt=\"esprit\" width=\"287\" height=\"191\" srcset=\"https:\/\/www.theb4.fr\/vivre-livres\/wp-content\/uploads\/2013\/06\/esprit.jpg 276w, https:\/\/www.theb4.fr\/vivre-livres\/wp-content\/uploads\/2013\/06\/esprit-150x100.jpg 150w\" sizes=\"auto, (max-width: 287px) 100vw, 287px\" \/>C<\/strong><\/span>ar soyons logiques un instant : si SEUL existe l\u2019esprit et que TOUT est esprit, QUI ou QUOI sommes-nous, en tant qu\u2019\u00eatre humains, s\u2019il vous pla\u00eet ? Comprenez-vous le bien-fond\u00e9 de cette question ? Sommes-nous autre chose que ce que nous croyons \u00eatre ? Apparemment, puisque seul existe l\u2019esprit et que ce dernier est \u00e0 la base de tout. Sommes-nous l\u2019esprit ? Probablement, puisqu\u2019il n\u2019existe RIEN d\u2019autres qui puisse exister \u00e0 part lui.<\/p>\n<p>&nbsp;<\/p>\n<p>&nbsp;<\/p>\n<p>&nbsp;<\/p>\n<p><span style=\"font-size: xx-large;\"><strong><img loading=\"lazy\" decoding=\"async\" class=\"alignleft wp-image-973\" src=\"http:\/\/www.theb4.fr\/vivre-livres\/wp-content\/uploads\/2013\/06\/esprit3.jpg\" alt=\"esprit3\" width=\"293\" height=\"191\" \/>M<\/strong><\/span>ais si nous sommes l\u2019esprit, alors nous ne sommes pas <em>nous<\/em> !<br \/>\nOu alors, ce que nous sommes consiste en de l\u2019esprit <em>qui a pris la forme exacte de ce que nous nommons et d\u00e9signons en affirmant \u00ab moi. \u00bb <\/em>De fait, notre individualit\u00e9, notre moi social, notre Soi et jusqu\u2019\u00e0 notre corps de chair, tout cela serait <em>\u00ab fait d\u2019esprit \u00bb<\/em> et donc, <strong><em>serait<\/em><\/strong> l\u2019esprit. De l\u2019esprit stabilis\u00e9 sur l&rsquo;un des innombrables paliers vibratoires. Et ce Palier serait nomm\u00e9 \u00ab <em>humain<\/em> \u00bb&#8230; Par le pallier lui-m\u00eame !<\/p>\n<p>&nbsp;<\/p>\n<p>&nbsp;<\/p>\n<p>&nbsp;<\/p>\n<p>&nbsp;<\/p>\n<p><span style=\"font-size: xx-large;\"><strong><img loading=\"lazy\" decoding=\"async\" class=\"alignleft size-full wp-image-7198\" src=\"http:\/\/www.theb4.fr\/vivre-livres\/wp-content\/uploads\/2013\/07\/te\u0302te-lumie\u0300re.jpg\" alt=\"\" width=\"177\" height=\"198\" \/>P<\/strong><\/span>ouvons-nous en conclure que le Soi et le \u00ab<em>moi<\/em>\u00bb de l\u2019homme sont fait de Dieu ou m\u00eame, sont Dieu ? Tr\u00e8s certainement, puisque tout est fait de Dieu. Mais alors, puisque l\u2019homme est Divin, pourquoi est-il si pauvre, faible et malheureux ? Justement, il est ainsi parce qu\u2019il n\u2019est pas \u00ab <em>compl\u00e8tement Dieu <\/em>\u00bb ou \u00ab <em>enti\u00e8rement conscient d&rsquo;\u00eatre Lui<\/em>.\u00bb Et qu\u2019est-ce qui ternit ainsi la Beaut\u00e9 de l\u2019\u00e2me et transforme sa surface en une eau agit\u00e9e et boueuse ? Devinez !<\/p>\n<p>&nbsp;<\/p>\n<p>&nbsp;<\/p>\n<p>&nbsp;<\/p>\n<p><img loading=\"lazy\" decoding=\"async\" class=\"alignleft wp-image-1008\" src=\"http:\/\/www.theb4.fr\/vivre-livres\/wp-content\/uploads\/2013\/07\/lego.jpg\" alt=\"l'ego\" width=\"289\" height=\"221\" \/><span style=\"font-size: xx-large;\"><strong>S<\/strong><\/span>i vous r\u00e9pondez : <em>\u00abL\u2019ego\u00bb<\/em>, vous aurez raison, certes&#8230; Mais cela n\u2019expliquera pas pour autant en quoi l\u2019ego est responsable de cet \u00e9tat de fait, ni ce qui se produit vraiment par sa faute. A moins que vous ajoutiez ceci : <span style=\"color: #800080;\"><em>\u00ab L\u2019ego nous prive de notre Nature v\u00e9ritable en nous faisant croire que nous sommes ceci plut\u00f4t que cela, ce qui nous coupe de notre Unit\u00e9 premi\u00e8re. \u00bb<\/em><\/span><\/p>\n<p>&nbsp;<\/p>\n<p>&nbsp;<\/p>\n<p>&nbsp;<\/p>\n<p>&nbsp;<\/p>\n<p><span style=\"font-size: xx-large;\"><strong><img loading=\"lazy\" decoding=\"async\" class=\"alignleft wp-image-1009\" src=\"http:\/\/www.theb4.fr\/vivre-livres\/wp-content\/uploads\/2013\/07\/lego-lego.jpg\" alt=\"l'ego-lego\" width=\"253\" height=\"266\" \/>N<\/strong><\/span>otez au passage le <em>\u00ab\u2026en nous faisant croire\u2026\u00a0\u00bb<\/em> Ce passage est tr\u00e8s important, car il est la cl\u00e9 d\u2019un apparent paradoxe qui a fait fumer les neurones de plus d\u2019un \u00e9tudiant de l\u2019\u00e9sot\u00e9risme ! Si Dieu est tout, qu\u2019est-ce que l\u2019ego dans ce cas ? Du <em>non-Dieu <\/em>? Impossible ! Alors quoi ? De l\u2019esprit, bien sur, mais de l\u2019esprit qui vibre encore bien trop bas, bien qu&rsquo;il puisse se trouver inclut dans un <em>complexe \u00e9nerg\u00e9tique<\/em> (\u00eatre humain) qui lui, vibre plus haut. Et selon vous, comment nomme-t-on le fait qu&rsquo;un corps \u00e9tranger se trouve m\u00e9lang\u00e9 \u00e0 une structure originelle ? Ou une chose qui vient troubler la clart\u00e9 de l\u2019eau, ou encore un d\u00e9faut dans un diamant ?<\/p>\n<p>&nbsp;<\/p>\n<p>&nbsp;<\/p>\n<p>&nbsp;<\/p>\n<p><strong><em>Serge Baccino<br \/>\n<\/em><\/strong><\/p>\n<p><a href=\"http:\/\/creativecommons.org\/licenses\/by-nc-nd\/3.0\/deed.fr\" rel=\"license\"><img decoding=\"async\" style=\"border-width: 0;\" src=\"http:\/\/i.creativecommons.org\/l\/by-nc-nd\/3.0\/88x31.png\" alt=\"Licence Creative Commons\" \/><\/a><br \/>\n(Note : Sauf pour les images, trouv\u00e9es sur le Web et r\u00e9put\u00e9es libres et gratuites)<\/p>\n","protected":false},"excerpt":{"rendered":"<p>Selon les psychologues \u00e9sot\u00e9ristes, \u00abSeul existe l\u2019esprit et l\u2019esprit est Dieu.\u00bb Ils pr\u00e9tendent aussi : \u00ab Il n\u2019y a qu\u2019une seule conscience partag\u00e9e simultan\u00e9ment par tous les corps. \u00bb Enfin, ils enfoncent carr\u00e9ment le clou en affirmant que \u00ab L\u2019esprit est ce qui est \u00e0 la base de toute la cr\u00e9ation, visible et invisible. \u00bb &hellip; <a href=\"https:\/\/www.theb4.fr\/vivre-livres\/qui-suis-je\/\" class=\"more-link\">Continuer la lecture de <span class=\"screen-reader-text\">Qui suis-je ?<\/span>  <span class=\"meta-nav\">&rarr;<\/span><\/a><\/p>\n","protected":false},"author":1,"featured_media":0,"comment_status":"open","ping_status":"open","sticky":false,"template":"","format":"standard","meta":{"footnotes":""},"categories":[3],"tags":[7335,7337,7340,3299,1354,965,7341,7336,40,1298,1009,1624,7328,7330,7331,5039,987,7333,7332,7334,947,499,7327,260,1302,7081,7338,4063,7339,1326,2728,7329],"class_list":["post-969","post","type-post","status-publish","format-standard","hentry","category-artcl","tag-beaute-de-lame","tag-boueuse","tag-clartee","tag-complexe-energetique","tag-corps-de-chair","tag-creation","tag-diamant","tag-eau-agitee","tag-esprt","tag-individualite","tag-invisible","tag-lesoterisme","tag-lesprit-est-dieu","tag-la-queue-en-tire-bouchon","tag-le-bien-fonde","tag-nature-veritable","tag-neurones","tag-notre-moi-social","tag-nous-sommes-lesprit","tag-paliers-vibratoires","tag-paradoxe","tag-psychologues-esoteristes","tag-qui-suis-je","tag-seul-existe-lesprit","tag-simultanement","tag-six-mille-ans","tag-structure-originelle","tag-surface","tag-troubler","tag-une-seule-conscience","tag-unite-premiere","tag-visible"],"_links":{"self":[{"href":"https:\/\/www.theb4.fr\/vivre-livres\/wp-json\/wp\/v2\/posts\/969","targetHints":{"allow":["GET"]}}],"collection":[{"href":"https:\/\/www.theb4.fr\/vivre-livres\/wp-json\/wp\/v2\/posts"}],"about":[{"href":"https:\/\/www.theb4.fr\/vivre-livres\/wp-json\/wp\/v2\/types\/post"}],"author":[{"embeddable":true,"href":"https:\/\/www.theb4.fr\/vivre-livres\/wp-json\/wp\/v2\/users\/1"}],"replies":[{"embeddable":true,"href":"https:\/\/www.theb4.fr\/vivre-livres\/wp-json\/wp\/v2\/comments?post=969"}],"version-history":[{"count":0,"href":"https:\/\/www.theb4.fr\/vivre-livres\/wp-json\/wp\/v2\/posts\/969\/revisions"}],"wp:attachment":[{"href":"https:\/\/www.theb4.fr\/vivre-livres\/wp-json\/wp\/v2\/media?parent=969"}],"wp:term":[{"taxonomy":"category","embeddable":true,"href":"https:\/\/www.theb4.fr\/vivre-livres\/wp-json\/wp\/v2\/categories?post=969"},{"taxonomy":"post_tag","embeddable":true,"href":"https:\/\/www.theb4.fr\/vivre-livres\/wp-json\/wp\/v2\/tags?post=969"}],"curies":[{"name":"wp","href":"https:\/\/api.w.org\/{rel}","templated":true}]}}