{"id":987,"date":"2013-07-01T08:08:33","date_gmt":"2013-07-01T07:08:33","guid":{"rendered":"http:\/\/www.theb4.fr\/vivre-livres\/?p=987"},"modified":"2020-08-04T17:59:34","modified_gmt":"2020-08-04T15:59:34","slug":"le-mensonge-a-soi","status":"publish","type":"post","link":"https:\/\/www.theb4.fr\/vivre-livres\/le-mensonge-a-soi\/","title":{"rendered":"Le mensonge \u00e0 Soi"},"content":{"rendered":"<p><span style=\"font-size: xx-large;\"><strong><img loading=\"lazy\" decoding=\"async\" class=\"alignleft wp-image-989\" src=\"http:\/\/www.theb4.fr\/vivre-livres\/wp-content\/uploads\/2013\/06\/Man-Power-300x169.jpg\" alt=\"Man-Power\" width=\"287\" height=\"162\" srcset=\"https:\/\/www.theb4.fr\/vivre-livres\/wp-content\/uploads\/2013\/06\/Man-Power-300x169.jpg 300w, https:\/\/www.theb4.fr\/vivre-livres\/wp-content\/uploads\/2013\/06\/Man-Power-1024x580.jpg 1024w, https:\/\/www.theb4.fr\/vivre-livres\/wp-content\/uploads\/2013\/06\/Man-Power.jpg 1419w\" sizes=\"auto, (max-width: 287px) 100vw, 287px\" \/>C<\/strong><\/span>omme vous le savez, dans ce nouveau paradigme instaur\u00e9 par les \u00e9nergies nouvelles (2012 et +) le moindre manque de coh\u00e9sion mentale et d\u2019attention auront pour effets de rendre les propos et les actes des gens <span style=\"text-decoration: underline;\">d\u00e9cousus et d\u00e9sordonn\u00e9s<\/span>. Un peu comme si le <em>manque de rigueur mentale<\/em> pr\u00e9c\u00e9demment voil\u00e9 (cach\u00e9, en fait) ne pouvait plus et n\u2019avait plus le droit de l\u2019\u00eatre\u2026.<\/p>\n<p>&nbsp;<\/p>\n<p>&nbsp;<\/p>\n<p>&nbsp;<\/p>\n<p><img loading=\"lazy\" decoding=\"async\" class=\"alignleft size-full wp-image-7186\" src=\"http:\/\/www.theb4.fr\/vivre-livres\/wp-content\/uploads\/2013\/07\/e\u0301motions-1.jpg\" alt=\"\" width=\"253\" height=\"199\" \/><span style=\"font-size: xx-large;\"><strong>D<\/strong><\/span>e tr\u00e8s nombreuses personnes se d\u00e9marquent d\u00e9j\u00e0 depuis des ann\u00e9es en ayant tendances \u00e0 cacher leurs v\u00e9ritables \u00e9motions et sentiments sous un fatras de mots et d\u2019expressions \u00ab <em>cools <\/em>\u00bb qui sont autant de protections illusoires contre je ne sais quel danger suppos\u00e9ment <em>ext\u00e9rieur<\/em>. C\u2019est ce qui emp\u00eache, par exemple, de nombreux visiteurs de mon forum, de r\u00e9ussir \u00e0 s\u2019investir vraiment, comme les autres membres, conservant une prudente distance entre leur vie personnelle et notre \u00e9tat d\u2019esprit commun. Certains manifestent pourtant un r\u00e9el d\u00e9sir d\u2019avancer, mais ce d\u00e9sir est largement compromis par une peur de je ne sais quel d\u00e9mon <strong><em>int\u00e9rieur<\/em><\/strong> qui les hante.<\/p>\n<p>&nbsp;<\/p>\n<p>&nbsp;<\/p>\n<p>&nbsp;<\/p>\n<p>&nbsp;<\/p>\n<p><span style=\"font-size: xx-large;\"><strong><img loading=\"lazy\" decoding=\"async\" class=\"alignleft size-full wp-image-7187\" src=\"http:\/\/www.theb4.fr\/vivre-livres\/wp-content\/uploads\/2013\/07\/e\u0301motions-peur3.jpg\" alt=\"\" width=\"256\" height=\"197\" \/>D<\/strong><\/span>u coup, m\u00eame leurs \u00e9lans d\u2019enthousiasme sont fauss\u00e9s ou d\u00e9vi\u00e9s par cette peur, par <em>ce d\u00e9mon intime<\/em> auquel ils paraissent \u00eatre plus li\u00e9s qu\u2019\u00e0 la Lumi\u00e8re Elle-M\u00eame. Ce sch\u00e9ma compulsif et morbide leur bouffe l\u2019\u00e2me et fausse leur mode d\u2019expression au niveau relationnel. Mais ils devront tr\u00e8s bient\u00f4t choisir un mode d\u2019expression simple, direct et sans fioritures inutiles sinon, ils ne r\u00e9ussiront plus \u00e0 comprendre les autres et \u00e0 \u00eatre compris d&rsquo;eux.<\/p>\n<p>&nbsp;<\/p>\n<p>&nbsp;<\/p>\n<p>&nbsp;<\/p>\n<p>&nbsp;<\/p>\n<p><span style=\"font-size: xx-large;\"><strong><img loading=\"lazy\" decoding=\"async\" class=\"alignleft wp-image-993\" src=\"http:\/\/www.theb4.fr\/vivre-livres\/wp-content\/uploads\/2013\/06\/masques-blancs.jpg\" alt=\"masques blancs\" width=\"175\" height=\"147\" \/>L<\/strong><\/span>es <em>\u00abrisques\u00bb<\/em> li\u00e9s \u00e0 <em>l&rsquo;Apr\u00e8s 2012 <\/em>(Note : \u00e9cris en 2013), bien que n\u2019\u00e9tant pas du genre sc\u00e9nario catastrophe, comme le supposaient voire <em>l&rsquo;esp\u00e9raient<\/em> certains, sont tout de m\u00eame bien r\u00e9els mais concernent surtout <em>le jardin int\u00e9rieur<\/em> des \u00eatres humains. Pour employer un langage plus populaire, je dirais qu&rsquo;il va y avoir une merde psychologique pas possible dans l\u2019esprit de pas mal de gens.<\/p>\n<p>&nbsp;<\/p>\n<p>&nbsp;<\/p>\n<p>&nbsp;<\/p>\n<p>&nbsp;<\/p>\n<p><img loading=\"lazy\" decoding=\"async\" class=\"alignleft wp-image-994\" src=\"http:\/\/www.theb4.fr\/vivre-livres\/wp-content\/uploads\/2013\/06\/psychiatre.jpg\" alt=\"psychiatre\" width=\"251\" height=\"201\" \/><span style=\"font-size: xx-large;\"><strong>E<\/strong><\/span>t je ne parle pas ici des plus d\u00e9biles d&rsquo;entre nous qui sont d\u00e9j\u00e0 \u00e0 l&rsquo;abri puisqu&rsquo;ils se retrouvent intern\u00e9s en clinique psychiatrique. Ces <strong><em>News<\/em><\/strong> \u00e9nergies vont simplement <span style=\"color: #ff6600;\"><strong><em>d\u00e9voiler l\u2019homme \u00e0 l\u2019homme<\/em><\/strong><\/span> et le montrer dans toute sa nudit\u00e9 et&#8230; <strong><em>Sa totale fragilit\u00e9<\/em><\/strong>.<\/p>\n<p>Et c\u2019est exactement ce que se refusent de vivre celles et ceux qui abritent autant qu&rsquo;ils prot\u00e8gent, le principal sch\u00e9ma, celui auquel je me r\u00e9f\u00e8re ici. (l\u2019auto-mensonge ou <em>\u00ab mensonge \u00e0 soi. \u00bb<\/em>)<\/p>\n<p>&nbsp;<\/p>\n<p>&nbsp;<\/p>\n<p>&nbsp;<\/p>\n<p><img loading=\"lazy\" decoding=\"async\" class=\"alignleft size-full wp-image-906\" src=\"http:\/\/www.theb4.fr\/vivre-livres\/wp-content\/uploads\/2013\/06\/tricher.jpg\" alt=\"tricher\" width=\"284\" height=\"178\" \/><span style=\"font-size: xx-large;\"><strong>C<\/strong><\/span>eux qui, quel qu\u2019en soit la raison, continueront \u00e0 <strong><em>tricher<\/em><\/strong> avec eux-m\u00eames d\u2019abord, puis avec les autres ensuite, cela par peur de se montrer tels qu\u2019ils sont (ou supposent \u00eatre) \u00e0 ceux-l\u00e0 je souhaite beaucoup de courage car, en v\u00e9rit\u00e9, ils vont en avoir besoin ! Consid\u00e9rez, si vous le voulez bien, \u00ab <em>l\u2019Apocalypse-R\u00e9v\u00e9lation <\/em>\u00bb comme \u00e9tant \u00ab <em>La fin du mensonge<\/em>. \u00bb Une fin <em>un brin forc\u00e9e<\/em> par une <em>Vague de Vie<\/em> qui, n&rsquo;en doutons pas, t\u00e9moigne d&rsquo;un puissant <strong><em>Appel<\/em><\/strong> lanc\u00e9 depuis l&rsquo;inconscient d&rsquo;une humanit\u00e9 qui en a marre de \u00a0\u00bb <em>se vivre en l&rsquo;\u00e9tat<\/em>. \u00a0\u00bb<\/p>\n<p>&nbsp;<\/p>\n<p>&nbsp;<\/p>\n<p>&nbsp;<\/p>\n<p><img loading=\"lazy\" decoding=\"async\" class=\"alignleft wp-image-995\" src=\"http:\/\/www.theb4.fr\/vivre-livres\/wp-content\/uploads\/2013\/06\/mensonge-femme-300x150.jpg\" alt=\"mensonge-femme\" width=\"299\" height=\"149\" srcset=\"https:\/\/www.theb4.fr\/vivre-livres\/wp-content\/uploads\/2013\/06\/mensonge-femme-300x150.jpg 300w, https:\/\/www.theb4.fr\/vivre-livres\/wp-content\/uploads\/2013\/06\/mensonge-femme.jpg 318w\" sizes=\"auto, (max-width: 299px) 100vw, 299px\" \/><span style=\"font-size: xx-large;\"><strong>P<\/strong><\/span>ar <em>\u00ab mensonge \u00bb<\/em>, je ne me r\u00e9f\u00e8re pas uniquement \u00e0 ceux qui trompent les gens dans le but de les abuser ou pour leur nuire, mais aussi et surtout, \u00e0 <strong><em>ceux qui refusent de voir la v\u00e9rit\u00e9 de leur \u00eatre<\/em><\/strong> et qui persistent \u00e0 <em>\u00ab vivoter \u00bb<\/em> plut\u00f4t que de s\u2019atteler \u00e0 une courageuse r\u00e9forme de leur esprit (PRP) Ceux qui auparavant souffraient \u00e0 cause d\u2019une v\u00e9rit\u00e9 qu\u2019ils cachaient vont d\u00e9sormais souffrir \u00e0 cause d\u2019un mensonge qui va se r\u00e9v\u00e9ler aux yeux de tous, et ce, malgr\u00e9 leurs efforts d\u00e9sesp\u00e9r\u00e9s pour que survive le mensonge qui depuis toujours, n&rsquo;a pour seul but que de cacher un profond mal-\u00eatre.<\/p>\n<p>&nbsp;<\/p>\n<p>&nbsp;<\/p>\n<p>&nbsp;<\/p>\n<p><img loading=\"lazy\" decoding=\"async\" class=\"alignleft wp-image-996\" src=\"http:\/\/www.theb4.fr\/vivre-livres\/wp-content\/uploads\/2013\/06\/stress-300x126.jpg\" alt=\"stress\" width=\"308\" height=\"129\" srcset=\"https:\/\/www.theb4.fr\/vivre-livres\/wp-content\/uploads\/2013\/06\/stress-300x126.jpg 300w, https:\/\/www.theb4.fr\/vivre-livres\/wp-content\/uploads\/2013\/06\/stress.jpg 346w\" sizes=\"auto, (max-width: 308px) 100vw, 308px\" \/><span style=\"font-size: xx-large;\"><strong>I<\/strong><\/span>maginez que, tr\u00e8s bient\u00f4t, ceux qui ne sont pas \u00e0 l\u2019aise dans leurs baskets vont devenir l\u2019objet de l\u2019attention mentale de tous les autres ! Bonjour l\u2019angoisse !<\/p>\n<p>En effet, leur malaise deviendra si \u00e9vident qu&rsquo;ils en arriveront \u00e0 <em>\u00ab faire t\u00e2che \u00bb<\/em>, parmi celles et ceux qui, bon gr\u00e8s, mal gr\u00e8s, ont d\u00e9cid\u00e9 de se prendre en main voire de r\u00e9clamer de l&rsquo;aide. En somme, leur refus de s&rsquo;adapter aux nouvelles normes de relations sociales ET spirituelles, ne fera que mettre plus en valeur encore leur mal \u00eatre. Un mal \u00eatre tr\u00e8s maladroitement cach\u00e9 car, en fait, <em>les autres ne verrons plus que \u00e7a<\/em> lorsqu&rsquo;ils leur pr\u00eaterons attention.<\/p>\n<p>&nbsp;<\/p>\n<p>&nbsp;<\/p>\n<p>&nbsp;<\/p>\n<p><span style=\"font-size: xx-large;\"><strong><img loading=\"lazy\" decoding=\"async\" class=\"alignleft size-full wp-image-7188\" src=\"http:\/\/www.theb4.fr\/vivre-livres\/wp-content\/uploads\/2013\/07\/faire-ta\u0302che.jpg\" alt=\"\" width=\"259\" height=\"194\" \/><\/strong><\/span><\/p>\n<p>&nbsp;<\/p>\n<p><span style=\"font-size: xx-large;\"><strong>T<\/strong><\/span>out comme l&rsquo;on remarque, au milieu d\u2019un groupe qui s\u2019amuse et parle en \u00e9tant tr\u00e8s excit\u00e9s, une personne qui se tait, se trouve tass\u00e9e dans son coin et semble triste et d\u00e9tach\u00e9e de tout. Les nouvelles \u00e9nergies para\u00eetront quelques peu cruelles ou sadiques \u00e0 quelques-uns, car elles vont faire arriver une des choses que les plus timides redoutent par dessus tout : que tous les regards convergent lourdement vers eux et qu\u2019ils deviennent le centre d\u2019attention de tous ! Si vous comptez parmi les plus timides, je vous laisse imaginer l\u2019effet !<\/p>\n<p>&nbsp;<\/p>\n<p>&nbsp;<\/p>\n<p>&nbsp;<\/p>\n<p>&nbsp;<\/p>\n<p><span style=\"font-size: xx-large;\"><strong><img loading=\"lazy\" decoding=\"async\" class=\"alignleft wp-image-998\" src=\"http:\/\/www.theb4.fr\/vivre-livres\/wp-content\/uploads\/2013\/06\/sadique-dentiste.jpg\" alt=\"sadique-dentiste\" width=\"293\" height=\"174\" \/>M<\/strong><\/span>es propos pourraient para\u00eetre un brin sadiques, cela au point de croire que cette seule id\u00e9e m&rsquo;amuse au plus haut point. Cela est due au fait que je comprends <em>la Grande Vie<\/em> et conna\u00eet son humour un brin d\u00e9cal\u00e9 par rapport \u00e0 celui de l\u2019homme ou de la femme dits <em>ordinaires<\/em>. <em>\u00ab Ces \u00eatre qui ne savent plus Dieu \u00bb<\/em> comme dirait l&rsquo;un de mes Amis. Ce qui blesserait affreusement l\u2019ego de l\u2019homme et de la femme, fait marrer <em>la Grande Vie<\/em> qui n\u2019est pas aussi s\u00e9rieuse puisqu\u2019elle est Dieu (ou <em>l&rsquo;esprit<\/em>, c&rsquo;est la m\u00eame chose.)<\/p>\n<p>&nbsp;<\/p>\n<p>&nbsp;<\/p>\n<p>&nbsp;<\/p>\n<p>&nbsp;<\/p>\n<p><span style=\"font-size: xx-large;\"><strong><img loading=\"lazy\" decoding=\"async\" class=\"alignleft size-full wp-image-999\" src=\"http:\/\/www.theb4.fr\/vivre-livres\/wp-content\/uploads\/2013\/06\/se-taire.jpg\" alt=\"se taire\" width=\"283\" height=\"210\" \/>L<\/strong><\/span>es personnes qui ne savent plus s\u2019exprimer, que ce soit par les mots \u00e9crits ou ceux prononc\u00e9s, cela \u00e0 force de <strong><em>mensonge \u00e0 soi<\/em><\/strong>, ne sont pas <em>\u00ab mauvaises \u00bb<\/em> : elles n&rsquo;ont simplement pas encore r\u00e9ussi \u00e0 \u00eatre Soi. Elles subissent la tyrannie de diverses peurs secondaires qui leur interdisent de se conduire en toute simplicit\u00e9 en compagnie des autres, cela de peur de se montrer <em>\u00ab telles quelles sont vraiment. \u00bb <\/em><\/p>\n<p>Un \u00ab\u00a0 <em>tel quel<\/em>\u00bb \u00e9tant jug\u00e9 faible et moche et donc susceptible de se faire manger tout cru par tous les m\u00e9chants, l\u00e0, au-dehors (\u00e7a fait un peu gamin de maternelle, ce genre de frayeur, non ?)<\/p>\n<p>&nbsp;<\/p>\n<p>&nbsp;<\/p>\n<p><img loading=\"lazy\" decoding=\"async\" class=\"alignleft size-full wp-image-1000\" src=\"http:\/\/www.theb4.fr\/vivre-livres\/wp-content\/uploads\/2013\/06\/masques-blancs1.jpg\" alt=\"masques blancs\" width=\"286\" height=\"240\" \/><span style=\"font-size: xx-large;\"><strong>L<\/strong><\/span>a Vie va arracher leur masque et ceux qui auront un masque trop bien coll\u00e9 au visage (identification au sch\u00e9ma compulsif), h\u00e9 bien\u2026 Il est facile de comprendre ce qu\u2019il va se passer pour eux, n\u2019est-ce pas ?<\/p>\n<p>Ici, manifester de l\u2019amour ou de la compassion pour autrui, ne consiste pas \u00e0 <em>accepter<\/em>, \u00e0 <em>ne pas juger<\/em> \u00e0 \u00eatre tol\u00e9rant ou je ne sais quel autre <strong>ringardise mystique<\/strong> du m\u00eame tonneau qui sert surtout \u00e0 prot\u00e9ger ses propres fesses du mal et donc, \u00e0 cacher sa peur de se regarder soi-m\u00eame en face. Ici l\u2019amour est devenu <em>\u00ab couillu \u00bb<\/em> et il prend sur lui le risque de se faire rejeter plut\u00f4t que de laisser l\u2019autre sombrer dans un bourbier mental dont il aura grande peine \u00e0 se sortir tout seul.<\/p>\n<p>&nbsp;<\/p>\n<p>&nbsp;<\/p>\n<p>&nbsp;<\/p>\n<p>&nbsp;<\/p>\n<p><span style=\"font-size: xx-large;\"><strong><img loading=\"lazy\" decoding=\"async\" class=\"alignleft wp-image-530\" src=\"http:\/\/www.theb4.fr\/vivre-livres\/wp-content\/uploads\/2013\/06\/ga6x7adc-225x300.png\" alt=\"ga6x7adc\" width=\"262\" height=\"349\" srcset=\"https:\/\/www.theb4.fr\/vivre-livres\/wp-content\/uploads\/2013\/06\/ga6x7adc-225x300.png 225w, https:\/\/www.theb4.fr\/vivre-livres\/wp-content\/uploads\/2013\/06\/ga6x7adc.png 300w\" sizes=\"auto, (max-width: 262px) 100vw, 262px\" \/>L<\/strong><\/span>isez l\u2019Apocalypse version <strong><em>Ess\u00e9nien<\/em><\/strong> et voyez comment r\u00e9agit Jean, lorsqu\u2019il cesse enfin de <em>\u00ab se d\u00e9tourner plein de honte \u00bb<\/em> !<br \/>\nToutefois, l\u2019amour cesse de guider et d\u2019animer la langue ou le bras, cela, d\u00e8s qu&rsquo;en face, il y a refus d\u2019\u00eatre aid\u00e9. Bien \u00e9videmment. Ceux qui <strong><em>se sentent concern\u00e9s<\/em><\/strong> par le <span style=\"text-decoration: underline;\">mat\u00e9riel psychologique<\/span> que je leur propose l\u00e0, peuvent tout aussi bien ne pas tenir compte de mes propos ainsi que de leur propre ressenti. De toutes mani\u00e8res, il est important qu\u2019ils demeurent libres et qu&rsquo;ils soient <strong><em>conscients<\/em><\/strong> de l\u2019\u00eatre. Mais ils doivent aussi r\u00e9aliser que lorsqu\u2019on n&rsquo;est plus capable de se faire comprendre d\u2019autrui, on va \u00e0 l\u2019encontre d\u2019une prise de conscience qui, m\u00eame tardive, m\u00eame repouss\u00e9e chaque jour au lendemain, finit par nous rattraper. Et les effets qui pouvaient, pr\u00e9c\u00e9demment, \u00eatre profitables \u00e0 qui ne r\u00e9siste pas \u00e0 l\u2019\u00e9vidence, peuvent s\u2019av\u00e9rer par la suite <strong><em>tr\u00e8s dommageables<\/em><\/strong> pour l\u2019\u00e9quilibre psychologique. On ne refuse pas d\u2019assumer sa <em>\u00ab part de t\u00e9n\u00e8bres \u00bb<\/em> sans en payer le prix fort.<\/p>\n<p>&nbsp;<\/p>\n<p>&nbsp;<\/p>\n<p>&nbsp;<\/p>\n<p>&nbsp;<\/p>\n<p><span style=\"font-size: xx-large;\"><strong><img loading=\"lazy\" decoding=\"async\" class=\"alignleft size-full wp-image-1002\" src=\"http:\/\/www.theb4.fr\/vivre-livres\/wp-content\/uploads\/2013\/07\/faille2.jpg\" alt=\"faille2\" width=\"302\" height=\"201\" srcset=\"https:\/\/www.theb4.fr\/vivre-livres\/wp-content\/uploads\/2013\/07\/faille2.jpg 275w, https:\/\/www.theb4.fr\/vivre-livres\/wp-content\/uploads\/2013\/07\/faille2-150x100.jpg 150w\" sizes=\"auto, (max-width: 302px) 100vw, 302px\" \/>L<\/strong><\/span>orsque la terre s\u2019ouvre en deux sous nos pieds, plus on attends pour sauter sur l\u2019un ou sur l\u2019autre des deux rebords, plus l\u2019\u00e9cart augmente entre les deux. Et plus difficile et p\u00e9rilleux sera le r\u00e9sultat final.<\/p>\n<p>Il n\u2019est plus temps pour <span style=\"color: #0000ff;\"><strong><em>la Ti\u00e9deur<\/em><\/strong><\/span> et sachez que vous avez \u00e9t\u00e9 largement \u00ab<em>pistonn\u00e9s<\/em>\u00bb par <em>la Grande Vie<\/em> qui n&rsquo;a eut de cesse de vous faire des clins d\u2019\u0153il, de placer des bornes et des panneaux indicateurs \u00e0 chacun des grands croisements de votre existence.<\/p>\n<p>&nbsp;<\/p>\n<p>&nbsp;<\/p>\n<p>&nbsp;<\/p>\n<p><span style=\"font-size: xx-large;\"><strong><img loading=\"lazy\" decoding=\"async\" class=\"alignleft size-full wp-image-1003\" src=\"http:\/\/www.theb4.fr\/vivre-livres\/wp-content\/uploads\/2013\/07\/Kalki.jpg\" alt=\"Kalki\" width=\"306\" height=\"195\" \/>S<\/strong><\/span>achez que l\u2019ann\u00e9e 2012 ne marquait pas une fin mais le commencement d&rsquo;un Renouveau. Un renouveau qui, \u00e0 cause de <strong><em>la r\u00e9sistance<\/em> <\/strong>du plus grand nombre, marque le d\u00e9but des hostilit\u00e9s. Et il n&rsquo;est de combat plus effroyable que celui qui se passe dans l&rsquo;esprit et dans le c\u0153ur des femmes et des hommes de ce d\u00e9but de Mill\u00e9naire ! Si vous ne bronchez pas, si vous ne faites rien pour transformer votre \u00e9tat d&rsquo;esprit et que vous lui laissait toujours le soin de diriger votre vie, vous risquez de ne vraiment pas vous ennuyer <em>durant les huit ou dix prochaines ann\u00e9es !<\/em><\/p>\n<p>Le Cheval (KBL) est lanc\u00e9 au galop et sa bride est tomb\u00e9e sur son cou. Aurais-je omis de vous signaler que <em><strong>vous \u00eates<\/strong> ce cavalier qui se trouve actuellement sur son dos ?<\/em> A chacun de d\u00e9cider de son avenir. Librement, certes, mais n&rsquo;attendez plus pour prendre cette d\u00e9cision, car plus vous attendrez&#8230;<\/p>\n<p>&nbsp;<\/p>\n<p>_____________<\/p>\n<h2><span style=\"color: #800080;\">ADDENDA :<\/span><\/h2>\n<p>&nbsp;<\/p>\n<p>&nbsp;<\/p>\n<p>&nbsp;<\/p>\n<p><span style=\"font-size: xx-large;\"><strong><img loading=\"lazy\" decoding=\"async\" class=\"alignleft size-full wp-image-1004\" src=\"http:\/\/www.theb4.fr\/vivre-livres\/wp-content\/uploads\/2013\/07\/mensonge-definition.jpg\" alt=\"mensonge-definition\" width=\"295\" height=\"221\" \/>A<\/strong><\/span> noter que les <em>psy \u00e9so<\/em> ne sont -et ne seront- pas les seuls \u00e0 voir la v\u00e9rit\u00e9 que cachent les moins honn\u00eates d\u2019entre nous. En fait, ce qu\u2019ils d\u00e9c\u00e8lent en premier, c\u2019est <strong><em>ce besoin compulsif de cacher<\/em><\/strong>, ce r\u00e9flexe de mentir.<\/p>\n<p>Ensuite seulement, en posant deux ou trois questions bien d\u00e9rangeantes ils r\u00e9ussissent \u00e0 conna\u00eetre rapidement le probl\u00e8me r\u00e9el. J\u2019ai moi-m\u00eame not\u00e9 cela en assistant \u00e0 des discussions entre personnes qui, je vous l\u2019assure ici, sont loin d\u2019\u00eatre des initi\u00e9s ou de fins psychologues !<\/p>\n<p>Les nouvelles \u00e9nergies rendent un peu plus intelligent et, surtout, apporte cette sorte d\u2019intuition typiquement f\u00e9minine (aspect f\u00e9minin de Dieu) que nous connaissons d\u00e9j\u00e0 plus ou moins.<\/p>\n<p>&nbsp;<\/p>\n<p>&nbsp;<\/p>\n<p>&nbsp;<\/p>\n<p>&nbsp;<\/p>\n<p><span style=\"font-size: xx-large;\"><strong><img loading=\"lazy\" decoding=\"async\" class=\"alignleft size-full wp-image-7189\" src=\"http:\/\/www.theb4.fr\/vivre-livres\/wp-content\/uploads\/2013\/07\/vague-e\u0301nergie-1.jpg\" alt=\"\" width=\"255\" height=\"198\" \/>P<\/strong><\/span>our ceux qui prendraient le train (ou le bus) en marche, je rappelle que les \u00e9nergies qui se sont mises en place d\u00e8s 2012, n\u2019arrivent pas comme \u00e7a et <em>\u00abpar l\u2019op\u00e9ration du Saint-Esprit\u00bb<\/em>, comme on dit (quoique\u2026) Elles sont le r\u00e9sultat d\u2019un travail sous-jacent des subconscients de tous les habitants de cette plan\u00e8te. De l\u2019inconscient collectif, si vous pr\u00e9f\u00e9rez. En somme et pour faire court, je dirai qu&rsquo;<span style=\"color: #ff6600;\"><strong><em>une grande partie de l\u2019humanit\u00e9 en a marre de se trainer lamentablement dans la boue et de prendre le reflet de la lune dans l\u2019eau pour le Soleil lui-m\u00eame.<\/em><\/strong><\/span><\/p>\n<p>&nbsp;<\/p>\n<p>&nbsp;<\/p>\n<p>&nbsp;<\/p>\n<p><span style=\"font-size: xx-large;\"><strong><img loading=\"lazy\" decoding=\"async\" class=\"alignleft wp-image-1006\" src=\"http:\/\/www.theb4.fr\/vivre-livres\/wp-content\/uploads\/2013\/07\/prise-de-conscience2.jpg\" alt=\"prise de conscience2\" width=\"260\" height=\"300\" \/>A<\/strong><\/span>lors une prise de conscience massive d\u00e9ferle, telle une vague de fond, sur l&rsquo;ensemble de l\u2019humanit\u00e9, et le point de <em>contact<\/em> avec le conscient (la conscience de veille, celle relative aux 5 sens objectifs, donc) a d\u00e9but\u00e9 en D\u00e9cembre 2012 et, pour les retardataires, se d\u00e9roulera durant une p\u00e9riode de deux ou trois ans environ. Cette fourchette de r\u00e9action est relative au degr\u00e9 de perception spirituelle, qui peu \u00e9norm\u00e9ment varier, d&rsquo;une personnalit\u00e9 \u00e0 une autre, d&rsquo;un individu \u00e0 l&rsquo;autre.<\/p>\n<p>&nbsp;<\/p>\n<p>&nbsp;<\/p>\n<p>&nbsp;<\/p>\n<p><strong><em>Serge Baccino<br \/>\n<\/em><\/strong><\/p>\n<p><a href=\"http:\/\/creativecommons.org\/licenses\/by-nc-nd\/3.0\/deed.fr\" rel=\"license\"><img decoding=\"async\" style=\"border-width: 0;\" src=\"http:\/\/i.creativecommons.org\/l\/by-nc-nd\/3.0\/88x31.png\" alt=\"Licence Creative Commons\" \/><\/a><br \/>\n(Note : Sauf pour les images, trouv\u00e9es sur le Web et r\u00e9put\u00e9es libres et gratuites)<\/p>\n","protected":false},"excerpt":{"rendered":"<p>Comme vous le savez, dans ce nouveau paradigme instaur\u00e9 par les \u00e9nergies nouvelles (2012 et +) le moindre manque de coh\u00e9sion mentale et d\u2019attention auront pour effets de rendre les propos et les actes des gens d\u00e9cousus et d\u00e9sordonn\u00e9s. Un peu comme si le manque de rigueur mentale pr\u00e9c\u00e9demment voil\u00e9 (cach\u00e9, en fait) ne pouvait &hellip; <a href=\"https:\/\/www.theb4.fr\/vivre-livres\/le-mensonge-a-soi\/\" class=\"more-link\">Continuer la lecture de <span class=\"screen-reader-text\">Le mensonge \u00e0 Soi<\/span>  <span class=\"meta-nav\">&rarr;<\/span><\/a><\/p>\n","protected":false},"author":1,"featured_media":0,"comment_status":"open","ping_status":"open","sticky":false,"template":"","format":"standard","meta":{"footnotes":""},"categories":[3],"tags":[127,6464,7296,1366,448,7318,7295,5707,7301,7317,7287,4497,7280,6448,7305,4938,7286,7316,7315,7324,7281,4575,7309,138,7278,3073,7306,4443,7297,5254,7325,2048,7282,7300,7303,332,7285,7283,733,7293,5768,7290,7310,7291,2883,7277,7299,7294,7308,2212,870,7314,7319,2125,7311,7312,7326,1915,2401,7289,250,7323,7279,5199,91,800,7322,5961,2087,2101,5122,7304,7298,7284,6711,7307,3485,7321,7313,7288,4994,7302,7320,7292,5091],"class_list":["post-987","post","type-post","status-publish","format-standard","hentry","category-artcl","tag-127","tag-addenda","tag-angoisse","tag-animer","tag-apocalypse","tag-aspect-feminin-de-dieu","tag-baskets","tag-besoin-compulsif","tag-ces-etre-qui-ne-savent-plus-dieu","tag-cheval","tag-clinique-psychiatrique","tag-cohesion-mentale","tag-compromis","tag-conscience-de-veille","tag-couillu","tag-cruelles","tag-debiles","tag-debut-de-millenaire","tag-debut-des-hostilites","tag-deferle","tag-demon","tag-distance","tag-dommageables","tag-emotions","tag-energies-nouvelles","tag-enthousiasme","tag-essenien","tag-etat-desprit-commun","tag-faire-tache","tag-fioritures","tag-fourchette-de-reaction","tag-guider","tag-hante","tag-humour-un-brin-decale","tag-identification","tag-intuition","tag-jardin-interieur","tag-lapres-2012","tag-lattention-mentale","tag-linconscient","tag-linconscient-collectif","tag-lapocalypse-revelation","tag-lequilibre-psychologique","tag-la-fin-du-mensonge","tag-la-lumiere","tag-le-mensonge-a-soi","tag-les-plus-timides","tag-mal-etre","tag-materiel-psychologique","tag-mensonge-a-soi","tag-morbide","tag-panneaux-indicateurs","tag-par-loperation-du-saint-esprit","tag-paradigme","tag-part-de-tenebres","tag-payer-le-prix-fort","tag-perception-spirituelle","tag-periode","tag-personnalite","tag-principal-schema","tag-prise-de-conscience","tag-prise-de-conscience-massive","tag-protections-illusoires","tag-prp","tag-psy-eso","tag-psychologique","tag-reflet-de-la-lune","tag-reforme","tag-relationnel","tag-renouveau","tag-rigueur-mentale","tag-ringardise-mystique","tag-sadiques","tag-scenario-catastrophe","tag-schema-compulsif","tag-se-detourner-plein-de-honte","tag-sentiments","tag-subconscients","tag-tiedeur","tag-totale-fragilite","tag-tricher","tag-tyrannie","tag-un-travail-sous-jacent","tag-vague-de-vie","tag-vivoter"],"_links":{"self":[{"href":"https:\/\/www.theb4.fr\/vivre-livres\/wp-json\/wp\/v2\/posts\/987","targetHints":{"allow":["GET"]}}],"collection":[{"href":"https:\/\/www.theb4.fr\/vivre-livres\/wp-json\/wp\/v2\/posts"}],"about":[{"href":"https:\/\/www.theb4.fr\/vivre-livres\/wp-json\/wp\/v2\/types\/post"}],"author":[{"embeddable":true,"href":"https:\/\/www.theb4.fr\/vivre-livres\/wp-json\/wp\/v2\/users\/1"}],"replies":[{"embeddable":true,"href":"https:\/\/www.theb4.fr\/vivre-livres\/wp-json\/wp\/v2\/comments?post=987"}],"version-history":[{"count":0,"href":"https:\/\/www.theb4.fr\/vivre-livres\/wp-json\/wp\/v2\/posts\/987\/revisions"}],"wp:attachment":[{"href":"https:\/\/www.theb4.fr\/vivre-livres\/wp-json\/wp\/v2\/media?parent=987"}],"wp:term":[{"taxonomy":"category","embeddable":true,"href":"https:\/\/www.theb4.fr\/vivre-livres\/wp-json\/wp\/v2\/categories?post=987"},{"taxonomy":"post_tag","embeddable":true,"href":"https:\/\/www.theb4.fr\/vivre-livres\/wp-json\/wp\/v2\/tags?post=987"}],"curies":[{"name":"wp","href":"https:\/\/api.w.org\/{rel}","templated":true}]}}