{"id":8877,"count":1,"description":"","link":"https:\/\/www.theb4.fr\/vivre-livres\/tag\/lidee-premiere-est-de-nous-ameliorer\/","name":"l\u2019id\u00e9e premi\u00e8re est de nous am\u00e9liorer","slug":"lidee-premiere-est-de-nous-ameliorer","taxonomy":"post_tag","meta":[],"_links":{"self":[{"href":"https:\/\/www.theb4.fr\/vivre-livres\/wp-json\/wp\/v2\/tags\/8877","targetHints":{"allow":["GET"]}}],"collection":[{"href":"https:\/\/www.theb4.fr\/vivre-livres\/wp-json\/wp\/v2\/tags"}],"about":[{"href":"https:\/\/www.theb4.fr\/vivre-livres\/wp-json\/wp\/v2\/taxonomies\/post_tag"}],"wp:post_type":[{"href":"https:\/\/www.theb4.fr\/vivre-livres\/wp-json\/wp\/v2\/posts?tags=8877"}],"curies":[{"name":"wp","href":"https:\/\/api.w.org\/{rel}","templated":true}]}}