{"id":9107,"count":1,"description":"","link":"https:\/\/www.theb4.fr\/vivre-livres\/tag\/la-pensee-precede-lacte\/","name":"la pens\u00e9e pr\u00e9c\u00e8de l'acte","slug":"la-pensee-precede-lacte","taxonomy":"post_tag","meta":[],"_links":{"self":[{"href":"https:\/\/www.theb4.fr\/vivre-livres\/wp-json\/wp\/v2\/tags\/9107","targetHints":{"allow":["GET"]}}],"collection":[{"href":"https:\/\/www.theb4.fr\/vivre-livres\/wp-json\/wp\/v2\/tags"}],"about":[{"href":"https:\/\/www.theb4.fr\/vivre-livres\/wp-json\/wp\/v2\/taxonomies\/post_tag"}],"wp:post_type":[{"href":"https:\/\/www.theb4.fr\/vivre-livres\/wp-json\/wp\/v2\/posts?tags=9107"}],"curies":[{"name":"wp","href":"https:\/\/api.w.org\/{rel}","templated":true}]}}